{"id":100,"date":"2015-10-09T00:42:00","date_gmt":"2015-10-09T00:42:00","guid":{"rendered":"http:\/\/zumbalaturba.com.ar\/2015\/10\/09\/justicia-para-paola-perpetua-para-lizarralde-audios\/"},"modified":"2016-07-06T01:03:00","modified_gmt":"2016-07-06T01:03:00","slug":"justicia-para-paola-perpetua-para-lizarralde-audios","status":"publish","type":"post","link":"https:\/\/zumbalaturba.com.ar\/?p=100","title":{"rendered":"Justicia para Paola, perpetua para Lizarralde (audios)"},"content":{"rendered":"<p><\/p>\n<div>\n<table cellpadding=\"0\" cellspacing=\"0\" style=\"float: right; margin-left: 1em; text-align: right;\">\n<tbody>\n<tr>\n<td style=\"text-align: center;\"><a href=\"https:\/\/scontent-mia1-1.xx.fbcdn.net\/hphotos-xap1\/v\/t1.0-9\/12143129_721654004603428_1452222788097616333_n.jpg?oh=7560c5f3ae46bfd584357d43569c4bd3&amp;oe=56CA475F\" style=\"clear: right; margin-bottom: 1em; margin-left: auto; margin-right: auto;\"><img fetchpriority=\"high\" decoding=\"async\" border=\"0\" height=\"240\" src=\"https:\/\/scontent-mia1-1.xx.fbcdn.net\/hphotos-xap1\/v\/t1.0-9\/12143129_721654004603428_1452222788097616333_n.jpg?oh=7560c5f3ae46bfd584357d43569c4bd3&amp;oe=56CA475F\" width=\"320\" \/><\/a><\/td>\n<\/tr>\n<tr align=\"right\">\n<td>Foto: Juntas y a la izquierda<\/td>\n<\/tr>\n<\/tbody>\n<\/table>\n<p><b>Ayer se conoci\u00f3 la sentencia contra Gonzalo Lizarralde, quien fue autor, hace un a\u00f1o, del femicidio de Paola Acosta y del intento de asesinato de su hija Martina. <\/b>Para la C\u00e1mara 11\u00b0 del Crimen y el jurado popular, Lizarralde es <b>culpable del asesinato con alevos\u00eda de Paola y de la tentativa de homicidio contra Martina <\/b>y la condena que le corresponde es de prisi\u00f3n perpetua. Sin embargo, <b>el fallo de la C\u00e1mara desestim\u00f3 el agravante de femicidio. <\/b>Los fundamentos de la sentencia se conocer\u00e1n el pr\u00f3ximo jueves 22 de octubre (ver <a href=\"https:\/\/www.facebook.com\/zumba.laturba\/videos\/836644239782262\/\" target=\"_blank\">video<\/a> del momento de la lectura de la sentencia).<\/div>\n<div><\/div>\n<div>Momentos despu\u00e9s de conocer el fallo, lxs familiares y amigxs de Paola compart\u00edan la satisfacci\u00f3n de la contundencia de la pena, aunque se\u00f1alaban que queda pendiente para una posible apelaci\u00f3n el reconocimiento de la figura del femicidio.<\/div>\n<div><\/div>\n<div>En las inmediaciones de tribunales,<b> la hermana de Paola, Maru, <\/b>que sostuvo incondicionalmente su b\u00fasqueda durante los primeros d\u00edas <span style=\"mso-spacerun: yes;\">&nbsp;<\/span>y la exigencia de justicia durante un largo a\u00f1o, dec\u00eda emocionada: \u201c<i>conseguimos que le den la perpetua a Lizarralde y no salga m\u00e1s. Conseguimos que esta justicia machista, mis\u00f3gina, que no las busc\u00f3, que en ning\u00fan momento se preocup\u00f3 por Paola y por Martina hoy condene al responsable de lo que le hicieron a mi hermana y mis sobrinos y lo conseguimos por toda la movilizaci\u00f3n que hicimos, por no salir de la calle y por no callarnos ni un segundo. (\u2026) Este es un triunfo de todos nosotras y nosotros. Como era de esperarse, la justicia no quiso incluir la figura del femicidio pero la perpetua no se la quita nadie a Lizarralde y nosotros vamos a seguir peleando para que esta instituci\u00f3n deje de invisibilizar la problem\u00e1tica de todas las mujeres. (\u2026) Hoy Paola Acosta est\u00e1 m\u00e1s viva y m\u00e1s presente que nunca<\/i>\u201d.&nbsp;<\/div>\n<div><\/div>\n<p><iframe allowfullscreen=\"\" frameborder=\"0\" height=\"200\" scrolling=\"no\" src=\"https:\/\/www.ivoox.com\/player_ej_8869879_4_1.html?c1=ff6600\" style=\"border: 1px solid #EEE; box-sizing: border-box; width: 100%;\"><\/iframe> <\/p>\n<div>Al respecto, en declaraciones a Zumba la Turba, Maru sosten\u00eda \u201c<i>creo que logramos algo que era muy dif\u00edcil hace un a\u00f1o, que es la perpetua para Lizarralde, y \u00e9se es un gran paso, un paso important\u00edsimo (\u2026) <span style=\"mso-spacerun: yes;\">&nbsp;<\/span>el pendiente del femicidio, y que esta instituci\u00f3n siga invisibilizando una problem\u00e1tica que est\u00e1 a la vista, como la violencia de g\u00e9nero, es algo com\u00fan en estos pasillos. Nosotros vamos a seguir peleando para que se reconozca como tal, para la posterioridad, porque hay muchas mujeres que est\u00e1n esperando tener una sentencia, tener un juicio justo donde sea considerado tambi\u00e9n su caso con la car\u00e1tula correspondiente, que es de femicidio (\u2026) Pero vamos a seguir en la lucha, seguimos en la lucha por todas ellas<\/i>\u201d.<\/div>\n<div><\/div>\n<p><iframe allowfullscreen=\"\" frameborder=\"0\" height=\"200\" scrolling=\"no\" src=\"https:\/\/www.ivoox.com\/player_ej_8869900_4_1.html?c1=ff6600\" style=\"border: 1px solid #EEE; box-sizing: border-box; width: 100%;\"><\/iframe> <\/p>\n<div>Por su parte,<b> el abogado de la querella, Juan Sarmiento<\/b>, plante\u00f3 que \u201c<i>hay justicia por el monto de la pena<\/i>\u201d, aunque afirm\u00f3 que en principio, apelar\u00e1 el fallo por el encuadramiento luego de conocer los fundamentos de la sentencia.<\/div>\n<div><\/div>\n<p><iframe allowfullscreen=\"\" frameborder=\"0\" height=\"200\" scrolling=\"no\" src=\"https:\/\/www.ivoox.com\/player_ej_8869916_4_1.html?c1=ff6600\" style=\"border: 1px solid #EEE; box-sizing: border-box; width: 100%;\"><\/iframe> <\/p>\n<div>Por su parte, <b>Luciana Echevarria, una de las integrantes del MST <\/b>que acompa\u00f1\u00f3 a Maru en su exigencia de justicia, sostuvo que a pesar del sabor amargo de no haberse reconocido el femicidio, \u201c<i>haber conseguido la cadena perpetua para Lizarralde no es menor. Es un triunfo que hoy en estas paredes se haya hablado de la violencia de g\u00e9nero, que una fiscal haya dicho que el poder judicial tiene que empezar a incorporar la perspectiva de g\u00e9nero. Creo que eso es un avance, pero evidentemente todav\u00eda falta mucho<\/i>\u201d. <\/div>\n<div>Al respecto, Echevarria plante\u00f3 que \u201c<i>estaba muy claro para la sociedad que el de Paola era un femicidio. El caos de Pao fue incluso uno de los precedentes de la masiva movilizaci\u00f3n del 3 de junio, \u00bfqu\u00e9 es lo que est\u00e1bamos pidiendo todos los que est\u00e1bamos en las calles? (\u2026) es muy importante que se llamen las cosas por su nombre. Porque a Paola no la mataron para robarle, a Paola la mataron porque era mujer, porque se anim\u00f3 a enfrentar a una persona incluso de una clase social distinta, que no quer\u00eda reconocer sus derechos ni los de su hija, fundamentalmente los de su hija<\/i>\u201d. \u201c<i>Ahora <\/i>-continu\u00f3- <i>vamos a ir al Encuentro Nacional de Mujeres y vamos a seguir dando la pelea para articular nuestra lucha, para que se nacionalice, por todos los casos que siguen pendientes, el de Andrea Castagna, el de Ingrid, un mont\u00f3n que tenemos, porque lamentablemente estamos en un pa\u00eds donde se mata cada treinta horas a una mujer por el simple hecho de ser mujer. Entonces esto nos obliga a no bajar los brazos<\/i>\u201d.<\/div>\n<div><\/div>\n<p><iframe allowfullscreen=\"\" frameborder=\"0\" height=\"200\" scrolling=\"no\" src=\"https:\/\/www.ivoox.com\/player_ej_8869959_4_1.html?c1=ff6600\" style=\"border: 1px solid #EEE; box-sizing: border-box; width: 100%;\"><\/iframe> <\/p>\n<div><b style=\"mso-bidi-font-weight: normal;\">\u00bfPor qu\u00e9 no se aplic\u00f3 la figura del femicidio?<\/b><\/div>\n<div><\/div>\n<div>Durante la ma\u00f1ana del mi\u00e9rcoles, desde <b>el programa Enredando las Ma\u00f1anas de la RNMA, conversamos con Ruth Ahrensburg, integrante de la asociaci\u00f3n Convoz <\/b>por una vida sin violencia, acerca de la relevancia de la figura del femicidio en el juicio por el asesinato de Paola. Desde la organizaci\u00f3n y a pedido de la familia, intentaron presentar un amicus curae en la causa, pero los tiempos judiciales no se lo permitieron y emitieron un comunicado.<\/div>\n<div><\/div>\n<div>En relaci\u00f3n a la pertinencia de la figura en el caso de Paola, Arhensburg nos dec\u00eda: \u201c<i>En virtud de las normativas legales vigentes, tenemos todos los argumentos para decir que el asesinato de Paola fue un femicidio, y aportamos [a la justicia] estos fundamentos<\/i>\u201d. La integrante de la asociaci\u00f3n explica que existen una serie de antecedentes, como \u201c<i>la ley nacional de protecci\u00f3n integral de la mujer, que habla de violencia de g\u00e9nero y la contextualiza, la convenci\u00f3n de Belem do Para, que tiene rango constitucional y est\u00e1 vigente, la forma en que se incorpora en el C\u00f3digo Penal la figura del femicidio, el caso de Paola tiene todos los elementos para ser encuadrado en esta figura, y por lo tanto, la pena no es la misma, el antecedente judicial no es el mismo y la justicia no es la misma<\/i>\u201d.<\/div>\n<div><\/div>\n<div>Ahrensburg avanza hacia una pregunta crucial: <b style=\"mso-bidi-font-weight: normal;\">\u00bfqui\u00e9n se beneficia al no considerarlo femicidio?<\/b><span style=\"mso-spacerun: yes;\">&nbsp; <\/span>Y contin\u00faa \u201c<i>\u00bfqu\u00e9 pasa con C\u00f3rdoba, que a tres meses de la marcha [del #NiUnaMenos] seguimos todav\u00eda batallando por los derechos de las mujeres?<\/i>\u201d<\/div>\n<div><\/div>\n<div>Al respecto, se\u00f1ala que hace tan solo \u201c<i>un mes atr\u00e1s termin\u00f3 el juicio por Marta Nu\u00f1ez <span style=\"mso-spacerun: yes;\">&nbsp;<\/span>y no se consider\u00f3 femicidio porque \u00e9l es analfabeto, es inconcebible, porque no hay un solo fundamento, no hay por d\u00f3nde fundamentar este argumento. Entonces la pregunta es qu\u00e9 pasa en C\u00f3rdoba, qu\u00e9 pasa con la ley 26.485 que protege a las mujeres, qu\u00e9 pasa con estas lecturas que no se hacen<\/i>\u201d. Entre los posibles motivos, no descarta que \u201c<i>hay tanta reticencia a hacer estas lecturas, que a fin de a\u00f1o van a reducir las estad\u00edsticas de femicidio. Una puede conjeturar esto, buscando la explicaci\u00f3n. Es grave que desconozcan esta normativa y estos tratados internacionales, y es mucho m\u00e1s grave si las conocen y no quieren aplicarlas<\/i>\u201d.<\/div>\n<div><\/div>\n<div><b style=\"mso-bidi-font-weight: normal;\">La agresi\u00f3n a Martina y la figura del femicidio vinculante <\/b><\/div>\n<div><\/div>\n<div>Ahrensburg suma a su an\u00e1lisis una cuesti\u00f3n que no tuvo presencia en el proceso y que pocas veces aparece en las estad\u00edsticas y tratamientos de la violencia hacia las mujeres: \u201c<i>hay un tema que ha sido totalmente desestimado en este juicio, que es la figura del <b>femicidio vinculante, <\/b>que es cuando la v\u00edctima es un allegado a la mujer, cuando se mata a su hijito, a su hermana, a su pareja o estos quedan en la l\u00ednea de fuego cuando la mujer es atacada. Martina es v\u00edctima de un intento de femicidio vinculante. Y esto no apareci\u00f3 en el juicio. Entones nosotros deseamos que los agentes comunitarios, que los profesionales, que la justicia, que los medios, manejen esta informaci\u00f3n para hacer lecturas adecuadas y que realmente se haga justicia<\/i>\u201d.<\/div>\n<div><\/div>\n<div><b style=\"mso-bidi-font-weight: normal;\">[ESCUCHAR <a href=\"https:\/\/ia601501.us.archive.org\/11\/items\/Blouqe0ViajeLucreCopia\/bloque%201%20Con%20Voz%20-%20Caso%20Paola.mp3\" target=\"_blank\">AUDIO<\/a> DE LA ENTREVISTA A RUTH AHRENSBURG]<\/b><\/div>\n<div><\/div>\n<div><\/div>\n<div class='share-to-whatsapp-wrapper'><div class='share-on-whsp'>Share on: <\/div><div class='clear '><\/div><\/div>","protected":false},"excerpt":{"rendered":"<p>Foto: Juntas y a la izquierda Ayer se conoci\u00f3 la sentencia contra Gonzalo Lizarralde, quien fue autor, hace un a\u00f1o, del femicidio de Paola Acosta y del intento de asesinato de su hija Martina. Para la C\u00e1mara 11\u00b0 del Crimen y el jurado popular, Lizarralde es culpable del asesinato con alevos\u00eda de Paola y de [&hellip;]<\/p>\n","protected":false},"author":2,"featured_media":0,"comment_status":"open","ping_status":"open","sticky":false,"template":"","format":"standard","meta":{"footnotes":""},"categories":[5],"tags":[],"class_list":["post-100","post","type-post","status-publish","format-standard","hentry","category-transfeminismos"],"_links":{"self":[{"href":"https:\/\/zumbalaturba.com.ar\/index.php?rest_route=\/wp\/v2\/posts\/100","targetHints":{"allow":["GET"]}}],"collection":[{"href":"https:\/\/zumbalaturba.com.ar\/index.php?rest_route=\/wp\/v2\/posts"}],"about":[{"href":"https:\/\/zumbalaturba.com.ar\/index.php?rest_route=\/wp\/v2\/types\/post"}],"author":[{"embeddable":true,"href":"https:\/\/zumbalaturba.com.ar\/index.php?rest_route=\/wp\/v2\/users\/2"}],"replies":[{"embeddable":true,"href":"https:\/\/zumbalaturba.com.ar\/index.php?rest_route=%2Fwp%2Fv2%2Fcomments&post=100"}],"version-history":[{"count":0,"href":"https:\/\/zumbalaturba.com.ar\/index.php?rest_route=\/wp\/v2\/posts\/100\/revisions"}],"wp:attachment":[{"href":"https:\/\/zumbalaturba.com.ar\/index.php?rest_route=%2Fwp%2Fv2%2Fmedia&parent=100"}],"wp:term":[{"taxonomy":"category","embeddable":true,"href":"https:\/\/zumbalaturba.com.ar\/index.php?rest_route=%2Fwp%2Fv2%2Fcategories&post=100"},{"taxonomy":"post_tag","embeddable":true,"href":"https:\/\/zumbalaturba.com.ar\/index.php?rest_route=%2Fwp%2Fv2%2Ftags&post=100"}],"curies":[{"name":"wp","href":"https:\/\/api.w.org\/{rel}","templated":true}]}}