{"id":1011,"date":"2016-07-27T08:51:32","date_gmt":"2016-07-27T08:51:32","guid":{"rendered":"http:\/\/zumbalaturba.com.ar\/?p=1011"},"modified":"2016-07-26T01:01:42","modified_gmt":"2016-07-26T01:01:42","slug":"la-ruta-del-dinero-de-la-voz-del-interior-y-clarin","status":"publish","type":"post","link":"https:\/\/zumbalaturba.com.ar\/?p=1011","title":{"rendered":"La Ruta del Dinero de La Voz del Interior y Clarin"},"content":{"rendered":"<figure>La familia Remonda, quienes fueron los directores del matutino m\u00e1s importante de C\u00f3rdoba, est\u00e1n implicados en la fuga de capitales a para\u00edsos fiscales. Todo indica que el Grupo Clar\u00edn los ayud\u00f3 a armar una red de sociedades offshore a cambio de la venta del diario cordob\u00e9s al multimedio.<span id=\"more-3193\"><\/span>La maniobra fue bancada por filiales del mega-banco norteamericano JP Morgan y del Credit Suisse.\u00a0<\/figure>\n<p align=\"JUSTIFY\">Por Lea Ross | @LeandroRoss<\/p>\n<p align=\"JUSTIFY\">La historia que leer\u00e1n a continuaci\u00f3n tiene un alcance en tres capas. La primera, de alcance local, porque involucra a una numerosa familia que, por d\u00e9cadas, ven\u00edan sosteniendo uno de los medios de comunicaci\u00f3n masivos m\u00e1s importantes de la provincia de C\u00f3rdoba. La segunda, de alcance nacional, al ratificar la relaci\u00f3n entre empresarios argentinos y bancos internacionales, trabajando mutuamente, a la hora de fugar los activos a para\u00edsos fiscales. Y finalmente, de alcance internacional, ya que ratifica una de las denuncias m\u00e1s estramb\u00f3ticas llevadas a cabo hace una d\u00e9cada sobre los manejos espurios del dinero sucio a escala global.<\/p>\n<p align=\"JUSTIFY\">El fil\u00f3sofo esloveno Slavoj Zizek dec\u00eda que lo m\u00e1s sorprendente de los Panam\u00e1 Papers es el hecho de que nos haya sorprendido. Como si no hubi\u00e9ramos aceptado nunca la posibilidad que sujetos recontra acaudalados tuvieran la voluntad de esconder sus fortunas al exterior. Sin embargo, a la hora de hurgar, lo evidente lleva en su interior lo m\u00e1s inesperado.<\/p>\n<p align=\"JUSTIFY\">Uno de los n\u00facleos familiares de los Remonda, la familia que desde el comienzo ven\u00edan dirigiendo el diario centenario La Voz del Interior de C\u00f3rdoba, figuran en los registros de los Panam\u00e1 Papers.<\/p>\n<p align=\"JUSTIFY\">Herencias, negocios, acuerdos ocultos, informaciones confidenciales, triangulaciones. Una trama que demostrar\u00e1 porqu\u00e9 los Panam\u00e1 Papers es un factor clave para entender la realidad actual de C\u00f3rdoba.<\/p>\n<p align=\"JUSTIFY\"><strong>El camino hacia El Dorado<\/strong><\/p>\n<p align=\"JUSTIFY\">Lo que llamamos como \u201cPanam\u00e1 Papers\u201d se alude a una gigantesca cantidad de informaci\u00f3n proveniente de la consultora Mossack Fonseca, una asesor\u00eda para la creaci\u00f3n de sociedades offshore. La voluminosa cantidad de datos fue procesada durante un a\u00f1o por un selecto grupo de periodistas de distintos pa\u00edses que integran el Consorcio Internacional de Periodistas de Investigaci\u00f3n (ICIJ). Finalmente, el 03 de abril de \u00e9ste a\u00f1o, se publicaron los documentos oficiales de los negocios ocultos que llevan o llevaron a cabo figuras de renombre mundial. Entre ellos: el actual presidente Mauricio Macri, quien permanece imputado por no tener declarado sus empresas en el exterior, el jugador Lionel Messi y l\u00edderes de otros pa\u00edses.<\/p>\n<p align=\"JUSTIFY\">Un mes despu\u00e9s, el ICIJ cre\u00f3 una base de datos de acceso libre llamada \u201cOffshore Links\u201d, donde recopila los nombres de empresas, normes particulares, conexiones y domicilios particulares. A diferencia de lo que fue expuesto en abril, el compendio no incluye los documentos oficiales por razones de seguridad. La informaci\u00f3n en bruto incluye otras investigaciones pasadas que emprendi\u00f3 el ICIJ, pero la gran mayor\u00eda es de los Panam\u00e1 Papers.<\/p>\n<p align=\"JUSTIFY\">\u201cContiene una gran cantidad de informaci\u00f3n sobre propietarios de empresas secretas, apoderados e intermediarios en determinadas jurisdicciones, pero no da a conocer las cuentas bancarias, los intercambios de correo electr\u00f3nico y las transacciones financieras contenidas en los documentos\u201d, aclaran desde el consorcio de periodistas, cuyo volumen de datos abarca m\u00e1s de 320.000 sociedades que est\u00e1n radicadas en para\u00edsos fiscales alrededor del mundo.<\/p>\n<p align=\"JUSTIFY\">Entre el selecto grupo de personajes que armaron sus negocios, sospechados de ser il\u00edcitos, aparecen nada menos que la familia cordobesa Remonda, parte del numeroso clan que dirigi\u00f3 el diario La Voz del Interior, el m\u00e1s importante medio gr\u00e1fico de la provincia de C\u00f3rdoba.<\/p>\n<p align=\"JUSTIFY\">En total, son seis integrantes. Uno de ellos, que ser\u00eda el principal cabecilla, es Jorge Silvestre Remonda Ruibal, quien fue editor del diario de La Voz del Interior. Aparece tambi\u00e9n su esposa: Martha Elena Luque Loredo (actualmente fallecida), junto con su hijo Manuel Silvestre Remonda. Finalmente, figuran otros tres integrantes: Dar\u00edo Remonda, Adriana Mar\u00eda Remonda y Axel Remonda.<\/p>\n<p align=\"JUSTIFY\">Todos ellos, figuran como accionistas de una empresa llamada ELDORADO VENTURES INC. La entidad, seg\u00fan los Panam\u00e1 Papers, permanece activa.<\/p>\n<p align=\"JUSTIFY\"><img fetchpriority=\"high\" decoding=\"async\" class=\"aligncenter size-full wp-image-3205\" src=\"http:\/\/i1.wp.com\/stripteasedelpoder.com\/wp-content\/uploads\/2016\/07\/ESQUEMA-1.png?resize=660%2C396\" sizes=\"(max-width: 660px) 100vw, 660px\" srcset=\"http:\/\/i1.wp.com\/stripteasedelpoder.com\/wp-content\/uploads\/2016\/07\/ESQUEMA-1.png?w=1032 1032w, http:\/\/i1.wp.com\/stripteasedelpoder.com\/wp-content\/uploads\/2016\/07\/ESQUEMA-1.png?resize=300%2C180 300w, http:\/\/i1.wp.com\/stripteasedelpoder.com\/wp-content\/uploads\/2016\/07\/ESQUEMA-1.png?resize=768%2C461 768w, http:\/\/i1.wp.com\/stripteasedelpoder.com\/wp-content\/uploads\/2016\/07\/ESQUEMA-1.png?resize=1024%2C614 1024w\" alt=\"ESQUEMA 1\" width=\"659\" height=\"395\" \/><\/p>\n<p align=\"JUSTIFY\">Fue creada el 29 de septiembre de 1997. Antes de los Panam\u00e1 Papers, ELDORADO VENTURES INC., que al parecer se tratar\u00eda de una empresa \u201cfantasma\u201d, se encontraba oculta en las Islas V\u00edrgenes Brit\u00e1nicas, en Centroam\u00e9rica. Pero fue activada desde las oficinas instaladas en la isla de Guernsey, al oeste de la costa de Francia, y que tambi\u00e9n forma parte de la colonia brit\u00e1nica.<\/p>\n<p align=\"JUSTIFY\">Cada uno de los Remonda que figura en la base de datos contiene un domicilio fijo, que se encuentran localizados en la provincia de C\u00f3rdoba. <i>Striptease del Poder<\/i> fue verificar si realmente esas direcciones correspond\u00edan a los Remonda.<\/p>\n<p align=\"JUSTIFY\"><img decoding=\"async\" class=\"aligncenter size-full wp-image-3206\" src=\"http:\/\/i2.wp.com\/stripteasedelpoder.com\/wp-content\/uploads\/2016\/07\/ESQUEMA-2.png?resize=660%2C283\" sizes=\"(max-width: 660px) 100vw, 660px\" srcset=\"http:\/\/i2.wp.com\/stripteasedelpoder.com\/wp-content\/uploads\/2016\/07\/ESQUEMA-2.png?w=1002 1002w, http:\/\/i2.wp.com\/stripteasedelpoder.com\/wp-content\/uploads\/2016\/07\/ESQUEMA-2.png?resize=300%2C128 300w, http:\/\/i2.wp.com\/stripteasedelpoder.com\/wp-content\/uploads\/2016\/07\/ESQUEMA-2.png?resize=768%2C329 768w\" alt=\"ESQUEMA 2\" width=\"659\" height=\"282\" \/><\/p>\n<p align=\"JUSTIFY\">Una direcci\u00f3n com\u00fan es la siguiente: \u201cMayor Arruabarrena 1934; Cerro de las Rosas; C\u00f3rdoba 5009; Argentina\u201d. La direcci\u00f3n es compartida por Jorge, Manuel Remonda y Martha Luque de Remonda. <i>Striptease del Poder<\/i> se dirigi\u00f3 a ese domicilio. Lo que encontr\u00f3 fue una humilde vivienda abandonada. Seg\u00fan los vecinos de la zona, hace un par de a\u00f1os que ya nadie vive all\u00ed, luego del fallecimiento de una de sus integrantes.<\/p>\n<p align=\"JUSTIFY\"><img decoding=\"async\" class=\"aligncenter size-full wp-image-3209\" src=\"http:\/\/i0.wp.com\/stripteasedelpoder.com\/wp-content\/uploads\/2016\/07\/IMG_5052.jpg?resize=660%2C440\" sizes=\"(max-width: 660px) 100vw, 660px\" srcset=\"http:\/\/i0.wp.com\/stripteasedelpoder.com\/wp-content\/uploads\/2016\/07\/IMG_5052.jpg?w=2496 2496w, http:\/\/i0.wp.com\/stripteasedelpoder.com\/wp-content\/uploads\/2016\/07\/IMG_5052.jpg?resize=300%2C200 300w, http:\/\/i0.wp.com\/stripteasedelpoder.com\/wp-content\/uploads\/2016\/07\/IMG_5052.jpg?resize=768%2C512 768w, http:\/\/i0.wp.com\/stripteasedelpoder.com\/wp-content\/uploads\/2016\/07\/IMG_5052.jpg?resize=1024%2C683 1024w, http:\/\/i0.wp.com\/stripteasedelpoder.com\/wp-content\/uploads\/2016\/07\/IMG_5052.jpg?w=1320 1320w, http:\/\/i0.wp.com\/stripteasedelpoder.com\/wp-content\/uploads\/2016\/07\/IMG_5052.jpg?w=1980 1980w\" alt=\"IMG_5052\" width=\"659\" height=\"439\" \/><\/p>\n<p align=\"JUSTIFY\">En el espacio verde, frente a la puerta, se observa una serie de papeles tirados en desuso. Entre ellos, un diario barrial. Pero a su vez, se observa una factura de agua. Efectivamente, est\u00e1 a nombre de \u201cJorge S. Remonda Ruibal\u201d. Al consultar a los vecinos de la zona, se asegura que hace como un par de a\u00f1os que los habitantes de la casa dejaron de habitarla. \u201cS\u00ed, s\u00ed, ah\u00ed viv\u00edan los Remonda de La Voz del Interior\u201d, se\u00f1ala una de las vecinas que vive al frente de la casa. Marta Loredo habr\u00eda fallecido en el a\u00f1o 2011.<\/p>\n<p align=\"JUSTIFY\"><img loading=\"lazy\" decoding=\"async\" class=\"aligncenter size-full wp-image-3210\" src=\"http:\/\/i1.wp.com\/stripteasedelpoder.com\/wp-content\/uploads\/2016\/07\/IMG_5053-copia.jpg?resize=660%2C321\" sizes=\"(max-width: 660px) 100vw, 660px\" srcset=\"http:\/\/i1.wp.com\/stripteasedelpoder.com\/wp-content\/uploads\/2016\/07\/IMG_5053-copia.jpg?w=2450 2450w, http:\/\/i1.wp.com\/stripteasedelpoder.com\/wp-content\/uploads\/2016\/07\/IMG_5053-copia.jpg?resize=300%2C146 300w, http:\/\/i1.wp.com\/stripteasedelpoder.com\/wp-content\/uploads\/2016\/07\/IMG_5053-copia.jpg?resize=768%2C374 768w, http:\/\/i1.wp.com\/stripteasedelpoder.com\/wp-content\/uploads\/2016\/07\/IMG_5053-copia.jpg?resize=1024%2C498 1024w, http:\/\/i1.wp.com\/stripteasedelpoder.com\/wp-content\/uploads\/2016\/07\/IMG_5053-copia.jpg?w=1320 1320w, http:\/\/i1.wp.com\/stripteasedelpoder.com\/wp-content\/uploads\/2016\/07\/IMG_5053-copia.jpg?w=1980 1980w\" alt=\"IMG_5053 - copia\" width=\"659\" height=\"320\" \/><\/p>\n<p align=\"JUSTIFY\">El segundo domicilio lleva el nombre \u201cAntonio Laveran\u201d y que seg\u00fan los Panam\u00e1 Papers se encuentra en el barrio \u201cVilla Belgrano\u201d. La calle m\u00e1s parecida que se pudo encontrar por esa zona es el \u201cCarlos Laveran\u201d. Si bien no se ha podido localizar la altura exacta que mencionan los registros, si hubo vecinos que se\u00f1alaron una vivienda donde viv\u00eda un sujeto de apellido Remonda, pero que ya se hab\u00eda mudado. Desde la puerta de entrada, no hubo respuestas.<\/p>\n<p align=\"JUSTIFY\">La tercera casa est\u00e1 ubicada tambi\u00e9n en la zona noroeste de la ciudad de C\u00f3rdoba. En este caso, en un lugar m\u00e1s rec\u00f3ndito, pegado al borde del R\u00edo Suqu\u00eda. La diferencia entre la altura que se\u00f1alan los Panam\u00e1 Papers con lo que dice la gu\u00eda telef\u00f3nica es de tan solo un punto. En ese lugar, con una calle de tierra sin salida, se encuentran ocultas una seguidilla de mansiones enormes. La vivienda que encuentra el presente cronista aparenta ser antigua. Tampoco atendieron el timbre.<\/p>\n<figure id=\"attachment_3218\" class=\"wp-caption alignnone\"><img loading=\"lazy\" decoding=\"async\" class=\"size-full wp-image-3218\" src=\"http:\/\/i1.wp.com\/stripteasedelpoder.com\/wp-content\/uploads\/2016\/07\/Ubicacio%CC%81n-de-casas.png?resize=660%2C380\" sizes=\"(max-width: 660px) 100vw, 660px\" srcset=\"http:\/\/i1.wp.com\/stripteasedelpoder.com\/wp-content\/uploads\/2016\/07\/Ubicacio\u0301n-de-casas.png?w=996 996w, http:\/\/i1.wp.com\/stripteasedelpoder.com\/wp-content\/uploads\/2016\/07\/Ubicacio\u0301n-de-casas.png?resize=300%2C173 300w, http:\/\/i1.wp.com\/stripteasedelpoder.com\/wp-content\/uploads\/2016\/07\/Ubicacio\u0301n-de-casas.png?resize=768%2C443 768w\" alt=\"Ubicaci\u00f3n aproximada de las viviendas que registraron los Remonda para crear ELDORADO VENTURES INC., seg\u00fan los Panam\u00e1 Papers. Est\u00e1n localizadas al noroeste de la ciudad de C\u00f3rdoba. En el centro, est\u00e1 el Estadio Kempes.\" width=\"659\" height=\"380\" \/><figcaption class=\"wp-caption-text\">Ubicaci\u00f3n aproximada de las viviendas que registraron los Remonda para crear ELDORADO VENTURES INC., seg\u00fan los Panam\u00e1 Papers. Est\u00e1n localizadas al noroeste de la ciudad de C\u00f3rdoba. En el centro, est\u00e1 el Estadio Kempes.<\/figcaption><\/figure>\n<p align=\"JUSTIFY\">Finalmente, la \u00faltima direcci\u00f3n pertenece a Axel Remonda, que tanto en los registros de los Panam\u00e1 Papers como en los del AFIP indican que tiene su vivienda en barrio URCA. Ambas bases coinciden con la altura, aunque hay un error de tipeo de una cifra dem\u00e1s en el caso del primero.<\/p>\n<p align=\"JUSTIFY\">Axel tuvo sus peque\u00f1os puestos en el diario La Voz del Interior. En la foto de abajo, sacada en el a\u00f1o 1995, aparece dentro del c\u00edrculo verde. Dos a\u00f1os despu\u00e9s, mientras el matutino iniciaba su venta al Grupo Clar\u00edn, \u00e9l pondr\u00eda su firma para dar el nacimiento de ELDORADO VENTURES INC. Abajo, es una de las fotos m\u00e1s actuales de Axel que consigui\u00f3 <i>Striptease del Poder<\/i>.<\/p>\n<figure id=\"attachment_3219\" class=\"wp-caption aligncenter\"><img loading=\"lazy\" decoding=\"async\" class=\"size-full wp-image-3219\" src=\"http:\/\/i0.wp.com\/stripteasedelpoder.com\/wp-content\/uploads\/2016\/07\/Axel-Remonda-Redisen%CC%83o-de-La-Voz-del-Interior-en-1995-Cachoi%CC%81to-junto-a-Axel-Remonda-Luis-E-Remonda-Daniel-Remonda-Mario-Garci%CC%81a-y-Luis-Sentana-entre-otros2.jpg?resize=660%2C257\" sizes=\"(max-width: 660px) 100vw, 660px\" srcset=\"http:\/\/i0.wp.com\/stripteasedelpoder.com\/wp-content\/uploads\/2016\/07\/Axel-Remonda-Redisen\u0303o-de-La-Voz-del-Interior-en-1995-Cachoi\u0301to-junto-a-Axel-Remonda-Luis-E-Remonda-Daniel-Remonda-Mario-Garci\u0301a-y-Luis-Sentana-entre-otros2.jpg?w=941 941w, http:\/\/i0.wp.com\/stripteasedelpoder.com\/wp-content\/uploads\/2016\/07\/Axel-Remonda-Redisen\u0303o-de-La-Voz-del-Interior-en-1995-Cachoi\u0301to-junto-a-Axel-Remonda-Luis-E-Remonda-Daniel-Remonda-Mario-Garci\u0301a-y-Luis-Sentana-entre-otros2.jpg?resize=300%2C117 300w, http:\/\/i0.wp.com\/stripteasedelpoder.com\/wp-content\/uploads\/2016\/07\/Axel-Remonda-Redisen\u0303o-de-La-Voz-del-Interior-en-1995-Cachoi\u0301to-junto-a-Axel-Remonda-Luis-E-Remonda-Daniel-Remonda-Mario-Garci\u0301a-y-Luis-Sentana-entre-otros2.jpg?resize=768%2C299 768w\" alt=\"Axel-Remonda-Redisen\u0303o-de-La-Voz-del-Interior-en-1995-Cachoi\u0301to-junto-a-Axel-Remonda-Luis-E-Remonda-Daniel-Remonda-Mario-Garci\u0301a-y-Luis-Sentana-entre-otros\" width=\"659\" height=\"257\" \/><figcaption class=\"wp-caption-text\">Axel-Remonda-Redisen\u0303o-de-La-Voz-del-Interior-en-1995-Cachoi\u0301to-junto-a-Axel-Remonda-Luis-E-Remonda-Daniel-Remonda-Mario-Garci\u0301a-y-Luis-Sentana-entre-otros<\/figcaption><\/figure>\n<p align=\"JUSTIFY\">Cr\u00f3nica de una fuga<\/p>\n<p align=\"JUSTIFY\"><img loading=\"lazy\" decoding=\"async\" class=\"aligncenter size-full wp-image-3216\" src=\"http:\/\/i2.wp.com\/stripteasedelpoder.com\/wp-content\/uploads\/2016\/07\/Mapa.jpg?resize=660%2C466\" sizes=\"(max-width: 660px) 100vw, 660px\" srcset=\"http:\/\/i2.wp.com\/stripteasedelpoder.com\/wp-content\/uploads\/2016\/07\/Mapa.jpg?w=3556 3556w, http:\/\/i2.wp.com\/stripteasedelpoder.com\/wp-content\/uploads\/2016\/07\/Mapa.jpg?resize=300%2C212 300w, http:\/\/i2.wp.com\/stripteasedelpoder.com\/wp-content\/uploads\/2016\/07\/Mapa.jpg?resize=768%2C543 768w, http:\/\/i2.wp.com\/stripteasedelpoder.com\/wp-content\/uploads\/2016\/07\/Mapa.jpg?resize=1024%2C723 1024w, http:\/\/i2.wp.com\/stripteasedelpoder.com\/wp-content\/uploads\/2016\/07\/Mapa.jpg?w=1320 1320w, http:\/\/i2.wp.com\/stripteasedelpoder.com\/wp-content\/uploads\/2016\/07\/Mapa.jpg?w=1980 1980w\" alt=\"Mapa\" width=\"659\" height=\"466\" \/><\/p>\n<p align=\"JUSTIFY\">El diario La Voz del Interior naci\u00f3 en marzo del a\u00f1o 1904, de la mano de Silvestre Rafael Remonda. Desde entonces, la direcci\u00f3n del matutino ca\u00eda, de generaci\u00f3n en generaci\u00f3n, en manos de los Remonda durante casi todo el siglo XX. Uno de los cuatro hijos directos, Juan Emilio Remonda, manej\u00f3 el diario en los complicados a\u00f1os de 1975 y 1976. Hasta que cedi\u00f3 su puesto a su primo hermano Jorge Silvestre Remonda Ruibal, quien estuvo a cargo como editor desde el 20 de agosto de 1976 hasta el primero de abril de 1982. En 1978, La Voz del Interior se convertir\u00eda en Sociedad An\u00f3nima.<\/p>\n<p align=\"JUSTIFY\">Quien estaba de subdirector durante el per\u00edodo de Remonda Ruibal fue Luis Eduardo Remonda (1939-2011). A su vez, Luis Eduardo ejerci\u00f3 directamente la direcci\u00f3n del diario en dos periodos: entre 1985 y 1988, y 1994 y 1998.<\/p>\n<p align=\"JUSTIFY\">Aun as\u00ed, la familia mantuvo la propiedad del matutino como lo ven\u00eda haciendo desde sus comienzos. Hasta que se vendi\u00f3 al Grupo Clar\u00edn en la d\u00e9cada de los \u201990.<\/p>\n<figure id=\"attachment_3222\" class=\"wp-caption aligncenter\"><img loading=\"lazy\" decoding=\"async\" class=\"wp-image-3222 size-full\" src=\"http:\/\/i0.wp.com\/stripteasedelpoder.com\/wp-content\/uploads\/2016\/07\/index.jpg?resize=642%2C366\" sizes=\"(max-width: 642px) 100vw, 642px\" srcset=\"http:\/\/i0.wp.com\/stripteasedelpoder.com\/wp-content\/uploads\/2016\/07\/index.jpg?w=642 642w, http:\/\/i0.wp.com\/stripteasedelpoder.com\/wp-content\/uploads\/2016\/07\/index.jpg?resize=300%2C171 300w\" width=\"642\" height=\"366\" \/><figcaption class=\"wp-caption-text\">Foto de archivo de Luis Eduardo Remonda, qui\u00e9n falleci\u00f3 hace cinco a\u00f1os atr\u00e1s. Fue subdirector de Jorge Remonda Ruibal, uno de los implicados en los Panam\u00e1 Papers. Luego, se encargar\u00eda de la direcci\u00f3n del diario La Voz del Interior en dos per\u00edodos. El segundo, concluyo en el a\u00f1o de la venta a Clar\u00edn y La Naci\u00f3n.<\/figcaption><\/figure>\n<p align=\"JUSTIFY\">Es as\u00ed que en marzo de 1998, es decir cuando cumpl\u00eda exactamente 94 a\u00f1os de existencia, se hab\u00eda oficializado que los diarios de Buenos Aires, Clar\u00edn y La Naci\u00f3n, pasar\u00edan a ser socios del medio gr\u00e1fico cordob\u00e9s, con la promesa de mantener su \u201cperfil independiente\u201d. La transacci\u00f3n se limitaba a cambios en el directorio. A partir de la creaci\u00f3n de CIMECO S.A., el Grupo Clar\u00edn consolidar\u00eda su control paulatino a las editoriales de La Voz del interior, a pesar de su promesa de que el diario \u201cno perder\u00e1 su identidad ni tampoco su perfil provincial\u201d.<\/p>\n<figure id=\"attachment_3197\" class=\"wp-caption aligncenter\"><img loading=\"lazy\" decoding=\"async\" class=\"wp-image-3197 size-full\" src=\"http:\/\/i0.wp.com\/stripteasedelpoder.com\/wp-content\/uploads\/2016\/07\/Archivo-de-Clari%CC%81n.png?resize=542%2C635\" sizes=\"(max-width: 542px) 100vw, 542px\" srcset=\"http:\/\/i0.wp.com\/stripteasedelpoder.com\/wp-content\/uploads\/2016\/07\/Archivo-de-Clari\u0301n.png?w=542 542w, http:\/\/i0.wp.com\/stripteasedelpoder.com\/wp-content\/uploads\/2016\/07\/Archivo-de-Clari\u0301n.png?resize=256%2C300 256w\" alt=\"Archivo de Clari\u0301n\" width=\"542\" height=\"635\" \/><figcaption class=\"wp-caption-text\">Archivo del diario Clar\u00edn, anunciando la compra a La Voz del Interior. All\u00ed, particip\u00f3 el famoso H\u00e9ctor Magnetto.<\/figcaption><\/figure>\n<p align=\"JUSTIFY\">Diez a\u00f1os despu\u00e9s, Clar\u00edn le comprar\u00eda las acciones de CIMECO a La Naci\u00f3n, para que finalmente se quedara completamente con el control de La Voz del Interior. As\u00ed, el medio de comunicaci\u00f3n gr\u00e1fico cordob\u00e9s qued\u00f3 subsumida a los intereses del enorme multimedio porte\u00f1o. Y cuya contraprestaci\u00f3n de \u00e9ste negocio, quiz\u00e1s hubiera avergonzado al propio Silvestre Remonda. Un acuerdo que cae en un agujero negro, donde la ley se convierte en un obst\u00e1culo que hay saltar.<\/p>\n<p align=\"JUSTIFY\">Seg\u00fan la inscripci\u00f3n de la AFIP, la Compa\u00f1\u00eda Inversora de Medios de Comunicaci\u00f3n CIMECO SA, fue creada oficialmente el 20 de noviembre de 1997. Mientras que la sociedad offshore que crearon parte de la familia de los Remonda, en los Panam\u00e1 Papers, ELDORADO VENTURES INC., fue un poco antes: el 29 de septiembre de 1997. El reducido tiempo entre la conformaci\u00f3n de una y otra sociedad pone en duda que ambos hechos sean aislados.<\/p>\n<p align=\"JUSTIFY\"><img loading=\"lazy\" decoding=\"async\" class=\"aligncenter size-full wp-image-3202\" src=\"http:\/\/i0.wp.com\/stripteasedelpoder.com\/wp-content\/uploads\/2016\/07\/CIMECO-AFIP.png?resize=660%2C306\" sizes=\"(max-width: 660px) 100vw, 660px\" srcset=\"http:\/\/i0.wp.com\/stripteasedelpoder.com\/wp-content\/uploads\/2016\/07\/CIMECO-AFIP.png?w=1366 1366w, http:\/\/i0.wp.com\/stripteasedelpoder.com\/wp-content\/uploads\/2016\/07\/CIMECO-AFIP.png?resize=300%2C139 300w, http:\/\/i0.wp.com\/stripteasedelpoder.com\/wp-content\/uploads\/2016\/07\/CIMECO-AFIP.png?resize=768%2C356 768w, http:\/\/i0.wp.com\/stripteasedelpoder.com\/wp-content\/uploads\/2016\/07\/CIMECO-AFIP.png?resize=1024%2C475 1024w\" alt=\"CIMECO AFIP\" width=\"659\" height=\"305\" \/><\/p>\n<p align=\"JUSTIFY\"><img loading=\"lazy\" decoding=\"async\" class=\"aligncenter size-full wp-image-3204\" src=\"http:\/\/i1.wp.com\/stripteasedelpoder.com\/wp-content\/uploads\/2016\/07\/Datos-sobre-ELDORADO.png?resize=660%2C353\" sizes=\"(max-width: 660px) 100vw, 660px\" srcset=\"http:\/\/i1.wp.com\/stripteasedelpoder.com\/wp-content\/uploads\/2016\/07\/Datos-sobre-ELDORADO.png?w=1034 1034w, http:\/\/i1.wp.com\/stripteasedelpoder.com\/wp-content\/uploads\/2016\/07\/Datos-sobre-ELDORADO.png?resize=300%2C160 300w, http:\/\/i1.wp.com\/stripteasedelpoder.com\/wp-content\/uploads\/2016\/07\/Datos-sobre-ELDORADO.png?resize=768%2C411 768w, http:\/\/i1.wp.com\/stripteasedelpoder.com\/wp-content\/uploads\/2016\/07\/Datos-sobre-ELDORADO.png?resize=1024%2C548 1024w, http:\/\/i1.wp.com\/stripteasedelpoder.com\/wp-content\/uploads\/2016\/07\/Datos-sobre-ELDORADO.png?resize=310%2C165 310w\" alt=\"Datos sobre ELDORADO\" width=\"659\" height=\"352\" \/><\/p>\n<p align=\"JUSTIFY\">Ahora bien, \u00bfde parte de quienes recibieron ayuda los Remonda para el armado de ELDORADO VENTURES INC.? La clave est\u00e1 quiz\u00e1s en la n\u00f3mina de los accionistas de la sociedad. Lo llamativo de esa empresa, registrada en las Islas V\u00edrgenes, es que adem\u00e1s de tener a seis integrantes de los Remonda, figuran en la misma posici\u00f3n extra\u00f1os nombres que no parecen provenir de particulares sino de otras empresas, que encima se parecen entre s\u00ed. Se trata del CHASE BANK (C.I.) NOMINEES LIMITED, TENBY NOMINEES LIMITED, CHASE BANK &amp; TRUST COMPANY (C.I.) LIMITED y BROCK NOMINEES LIMITED.<\/p>\n<p align=\"JUSTIFY\">Sorpresivamente, a partir de distintas fuentes, se ha podido confirmar que el CHASE BANK (C.I.) NOMINEES LIMITED resulta ser la filial del mega-banco estadounidense JP Morgan, la emblem\u00e1tica banca internacional perge\u00f1ada por la dinast\u00eda de la familia Rockefeller.<\/p>\n<p align=\"JUSTIFY\">En los c\u00f3mputos del \u201cOffshore Links\u201d y de los Panam\u00e1 Papers, el Chase Bank tienen su domicilio registrado en \u201cPO Box 127; Chase House; Grenville Street; St Helier; Jersey\u201d. Esa misma direcci\u00f3n aparece repetida en la otra accionista de ELDORADO con nombre parecido: CHASE BANK &amp; TRUST COMPANY (C.I.) LIMITED.<\/p>\n<p align=\"JUSTIFY\"><img loading=\"lazy\" decoding=\"async\" class=\"aligncenter size-full wp-image-3207\" src=\"http:\/\/i1.wp.com\/stripteasedelpoder.com\/wp-content\/uploads\/2016\/07\/ESQUEMA-3.png?resize=660%2C458\" sizes=\"(max-width: 660px) 100vw, 660px\" srcset=\"http:\/\/i1.wp.com\/stripteasedelpoder.com\/wp-content\/uploads\/2016\/07\/ESQUEMA-3.png?w=749 749w, http:\/\/i1.wp.com\/stripteasedelpoder.com\/wp-content\/uploads\/2016\/07\/ESQUEMA-3.png?resize=300%2C208 300w\" alt=\"ESQUEMA 3\" width=\"659\" height=\"457\" \/><\/p>\n<p align=\"JUSTIFY\">A la hora de indagar la lista completa de los bancos oficiales que est\u00e1n instalados en la isla de Jersey, cerquita de Guernsey y tambi\u00e9n bajo la corona brit\u00e1nica, podemos observar que el domicilio le pertenece al \u201cJP Morgan Chase Bank\u201d.<\/p>\n<p align=\"JUSTIFY\"><img loading=\"lazy\" decoding=\"async\" class=\"aligncenter size-full wp-image-3201\" src=\"http:\/\/i0.wp.com\/stripteasedelpoder.com\/wp-content\/uploads\/2016\/07\/Banks-Jersey.png?resize=660%2C629\" sizes=\"(max-width: 660px) 100vw, 660px\" srcset=\"http:\/\/i0.wp.com\/stripteasedelpoder.com\/wp-content\/uploads\/2016\/07\/Banks-Jersey.png?w=1322 1322w, http:\/\/i0.wp.com\/stripteasedelpoder.com\/wp-content\/uploads\/2016\/07\/Banks-Jersey.png?resize=300%2C286 300w, http:\/\/i0.wp.com\/stripteasedelpoder.com\/wp-content\/uploads\/2016\/07\/Banks-Jersey.png?resize=768%2C731 768w, http:\/\/i0.wp.com\/stripteasedelpoder.com\/wp-content\/uploads\/2016\/07\/Banks-Jersey.png?resize=1024%2C975 1024w\" alt=\"Banks Jersey\" width=\"659\" height=\"627\" \/><\/p>\n<p align=\"JUSTIFY\">Precisamente, en los registros del Open Company \u2013una base de datos de compa\u00f1\u00edas registradas, a las que incurri\u00f3 de ayuda los propios periodistas del Consorcio ICIJ-, el \u00fanico nombre registrado de \u201cCHASE BANK (C.I.) NOMINEES LIMITED\u201d pertenece a la denominaci\u00f3n anterior que ten\u00eda el JP MORGAN TRUST COMPANY (JERSEY) LIMITED, que a su vez es controlada por el emporio JP MORGAN CHASE &amp; CO.<\/p>\n<p align=\"JUSTIFY\"><img loading=\"lazy\" decoding=\"async\" class=\"aligncenter size-full wp-image-3211\" src=\"http:\/\/i0.wp.com\/stripteasedelpoder.com\/wp-content\/uploads\/2016\/07\/JP-Morgan-2.png?resize=660%2C546\" sizes=\"(max-width: 660px) 100vw, 660px\" srcset=\"http:\/\/i0.wp.com\/stripteasedelpoder.com\/wp-content\/uploads\/2016\/07\/JP-Morgan-2.png?w=776 776w, http:\/\/i0.wp.com\/stripteasedelpoder.com\/wp-content\/uploads\/2016\/07\/JP-Morgan-2.png?resize=300%2C248 300w, http:\/\/i0.wp.com\/stripteasedelpoder.com\/wp-content\/uploads\/2016\/07\/JP-Morgan-2.png?resize=768%2C635 768w\" alt=\"JP Morgan 2\" width=\"659\" height=\"545\" \/><\/p>\n<p align=\"JUSTIFY\">En el portal Jersey Companies, donde se registran las corporaciones radicadas en susodicho lugar, figura que el CHASE BANK (C.I.) NOMINEES LIMITED tiene su sede en el \u201cJP Morgan House\u201d del distrito, en la calle Greenville Street.<\/p>\n<p align=\"JUSTIFY\"><img loading=\"lazy\" decoding=\"async\" class=\"aligncenter size-full wp-image-3212\" src=\"http:\/\/i2.wp.com\/stripteasedelpoder.com\/wp-content\/uploads\/2016\/07\/JP-Morgan-3.png?resize=660%2C499\" sizes=\"(max-width: 660px) 100vw, 660px\" srcset=\"http:\/\/i2.wp.com\/stripteasedelpoder.com\/wp-content\/uploads\/2016\/07\/JP-Morgan-3.png?w=880 880w, http:\/\/i2.wp.com\/stripteasedelpoder.com\/wp-content\/uploads\/2016\/07\/JP-Morgan-3.png?resize=300%2C227 300w, http:\/\/i2.wp.com\/stripteasedelpoder.com\/wp-content\/uploads\/2016\/07\/JP-Morgan-3.png?resize=768%2C580 768w, http:\/\/i2.wp.com\/stripteasedelpoder.com\/wp-content\/uploads\/2016\/07\/JP-Morgan-3.png?resize=90%2C68 90w\" alt=\"JP Morgan 3\" width=\"659\" height=\"497\" \/><\/p>\n<p align=\"JUSTIFY\">Finalmente, en la p\u00e1gina de registros de empresas JFSC Companies Registry, se alude que la denominaci\u00f3n \u201cCHASE BANK (C.I.) NOMINEES LIMITED\u201d fue mantenida por la JP Morgan de Jersey durante el per\u00edodo que va entre el 20 de septiembre de 1978 hasta el primero de mayo de 2002. Precisamente, en medio de ello, en el a\u00f1o 1997, nace ELDORADO VENTURES INC., donde el Chase Bank se vuelve socia accionista junto con los Remonda.<\/p>\n<p align=\"JUSTIFY\"><img loading=\"lazy\" decoding=\"async\" class=\"aligncenter size-full wp-image-3213\" src=\"http:\/\/i1.wp.com\/stripteasedelpoder.com\/wp-content\/uploads\/2016\/07\/JP-Morgan.png?resize=660%2C488\" sizes=\"(max-width: 660px) 100vw, 660px\" srcset=\"http:\/\/i1.wp.com\/stripteasedelpoder.com\/wp-content\/uploads\/2016\/07\/JP-Morgan.png?w=1328 1328w, http:\/\/i1.wp.com\/stripteasedelpoder.com\/wp-content\/uploads\/2016\/07\/JP-Morgan.png?resize=300%2C222 300w, http:\/\/i1.wp.com\/stripteasedelpoder.com\/wp-content\/uploads\/2016\/07\/JP-Morgan.png?resize=768%2C568 768w, http:\/\/i1.wp.com\/stripteasedelpoder.com\/wp-content\/uploads\/2016\/07\/JP-Morgan.png?resize=1024%2C757 1024w, http:\/\/i1.wp.com\/stripteasedelpoder.com\/wp-content\/uploads\/2016\/07\/JP-Morgan.png?resize=90%2C68 90w\" alt=\"JP Morgan\" width=\"659\" height=\"487\" \/><\/p>\n<p align=\"JUSTIFY\">\u00bfPor qu\u00e9 la JP Morgan decidi\u00f3 registrarse como accionista de una empresa offshore, junto con los integrantes de la familia Remonda?<\/p>\n<p align=\"JUSTIFY\">La respuesta provendr\u00eda el 22 de junio de 2009. Hern\u00e1n Arbizu, un empleado del JP Morgan Argentina, hab\u00eda filtrado una serie de nombres y cifras ante la justicia. En ella, especificaba una serie de transferencias no autorizadas que \u00e9l particip\u00f3. Para aquella fecha, el periodista Jorge Lanata, en su paso por el hoy extinto diario Cr\u00edtica de la Argentina, public\u00f3 una cr\u00f3nica sobre la declaraci\u00f3n que realizo Arbizu frente al juzgado, los allanamientos realizados en las oficinas del JP Morgan, en la calle porte\u00f1a del Madero 900 en el piso 22, y la planilla de empresarios argentinos que fueron beneficiados por esas operaciones, acompa\u00f1ado de los respectivos caudales de fondos que se movieron de manera il\u00edcita.<\/p>\n<p align=\"JUSTIFY\">En esa lista, figuran en primer lugar los principales cabecillas del Grupo Clar\u00edn. All\u00ed aparecen Ernestina Herrera de Noble, directora del diario Clar\u00edn, con una cuenta secreta de 154 millones de d\u00f3lares; y Hector Magnetto, CEO del multimedio, con casi 1,3 millones de d\u00f3lares. Bas\u00e1ndonos en la publicaci\u00f3n que emprendieron Jesica Bossi, Luciana Geuna y Lanata, podemos encontrar en total 37 cuentas que el JP Morgan le arm\u00f3 a los integrantes de Clar\u00edn, conformada por empresarios, familiares y medios de comunicaci\u00f3n.<\/p>\n<p align=\"JUSTIFY\">M\u00e1s de 297 millones de d\u00f3lares fueron guardados por el equipo de Clar\u00edn en cuentas secretas, seg\u00fan se denunciaba en ese entonces.<\/p>\n<p align=\"JUSTIFY\"><img loading=\"lazy\" decoding=\"async\" class=\"aligncenter size-full wp-image-3214\" src=\"http:\/\/i2.wp.com\/stripteasedelpoder.com\/wp-content\/uploads\/2016\/07\/Lanata-1.png?resize=660%2C471\" sizes=\"(max-width: 660px) 100vw, 660px\" srcset=\"http:\/\/i2.wp.com\/stripteasedelpoder.com\/wp-content\/uploads\/2016\/07\/Lanata-1.png?w=786 786w, http:\/\/i2.wp.com\/stripteasedelpoder.com\/wp-content\/uploads\/2016\/07\/Lanata-1.png?resize=300%2C214 300w, http:\/\/i2.wp.com\/stripteasedelpoder.com\/wp-content\/uploads\/2016\/07\/Lanata-1.png?resize=768%2C548 768w\" alt=\"Lanata 1\" width=\"659\" height=\"470\" \/><\/p>\n<p align=\"JUSTIFY\"><img loading=\"lazy\" decoding=\"async\" class=\"aligncenter wp-image-3215 size-full\" src=\"http:\/\/i0.wp.com\/stripteasedelpoder.com\/wp-content\/uploads\/2016\/07\/Lanata-2-e1469397864870.png?resize=660%2C536\" sizes=\"(max-width: 660px) 100vw, 660px\" srcset=\"http:\/\/i0.wp.com\/stripteasedelpoder.com\/wp-content\/uploads\/2016\/07\/Lanata-2-e1469397864870.png?w=791 791w, http:\/\/i0.wp.com\/stripteasedelpoder.com\/wp-content\/uploads\/2016\/07\/Lanata-2-e1469397864870.png?resize=300%2C243 300w, http:\/\/i0.wp.com\/stripteasedelpoder.com\/wp-content\/uploads\/2016\/07\/Lanata-2-e1469397864870.png?resize=768%2C623 768w\" alt=\"Lanata 2\" width=\"659\" height=\"534\" \/><\/p>\n<p align=\"JUSTIFY\">Es decir, en plena tratativas para la venta del diario La Voz del Interior, los Remonda tuvieron como contacto directo a los due\u00f1os del Grupo Clar\u00edn, que podr\u00edan haber funcionado como intermediarios para llegar a un acuerdo de negocios con el JP Morgan.<\/p>\n<p align=\"JUSTIFY\">De all\u00ed que los Remonda conforman ELDORADO VENTURES INC., con ellos mismos como accionistas en paralelo con la filial de la banca Morgan en Jersey.<\/p>\n<p align=\"JUSTIFY\">Otro de los accionistas de ELDORADO es el TENBY NOMINEES LIMITED, una empresa financiera cuyo nombre se repite en otros casos de los Panam\u00e1 Papers. En los registros de Guernsey, el TENBY emergi\u00f3 en el a\u00f1o 1999, pero su registro legal lleg\u00f3 en el 2008 con el n\u00famero de serie 35533. Su direcci\u00f3n oficial es el Helvetia Court South Esplanade, St Peter Port. Su \u00fanico agente a cargo es la mega financiera Credit Suisse.<\/p>\n<p align=\"JUSTIFY\">El Credit Suisse es el buffet de financistas suizos que asesoraron a los Remonda, junto con otros centenares casos dentro de los Panam\u00e1 Papers, para armar definitivamente la sociedad offshore. Su sede est\u00e1 en Ginebra, capital de Suiza, considerada como el mayor para\u00edso fiscal del mundo, al tener much\u00edsimos beneficios para el resguardo del dinero. Entre ellas, la alta confidencialidad.<\/p>\n<p align=\"JUSTIFY\"><img loading=\"lazy\" decoding=\"async\" class=\"aligncenter size-full wp-image-3203\" src=\"http:\/\/i0.wp.com\/stripteasedelpoder.com\/wp-content\/uploads\/2016\/07\/Credit-Suisse.png?resize=496%2C518\" sizes=\"(max-width: 496px) 100vw, 496px\" srcset=\"http:\/\/i0.wp.com\/stripteasedelpoder.com\/wp-content\/uploads\/2016\/07\/Credit-Suisse.png?w=496 496w, http:\/\/i0.wp.com\/stripteasedelpoder.com\/wp-content\/uploads\/2016\/07\/Credit-Suisse.png?resize=287%2C300 287w\" alt=\"Credit Suisse\" width=\"496\" height=\"518\" \/><\/p>\n<p align=\"JUSTIFY\">Ahora bien, todo parecer\u00eda indicar que la trayectoria de la ruta del dinero es m\u00e1s enmara\u00f1osa que lo que parece.<\/p>\n<p align=\"JUSTIFY\">La abogada Natalia Volosin, especialista en cr\u00edmenes de gran escala, sostiene que existen tres etapas en el lavado de dinero: 1) Colocaci\u00f3n: se deposita el dinero en alg\u00fan sitio determinado, ll\u00e1mese cuenta bancaria, dep\u00f3sito, fideicomiso, etc. 2) Estratificaci\u00f3n: el dinero trata de alejarse lo m\u00e1s que se pueda de su origen, para no inculpar a los aportantes. Para eso, el dinero se divide en distintas ramas y toma por distintos caminos. Y 3) Integraci\u00f3n: todo el dinero disperso se reintegra a actividades l\u00edcitas para que se pase a limpio y sea recuperado por el beneficiario.<\/p>\n<p align=\"JUSTIFY\">Sabiendo que tanto la isla de Guernsey (Credit Suisse) como la Jersey (JP Morgan), ambos lugares donde se asesor\u00f3 a los Remonda para armar la sociedad offshore, se ubican en direcci\u00f3n relativamente corta a Suiza, no ser\u00eda descartable pensar que parte del dinero de los Remonda haya podido tambi\u00e9n viajar para all\u00e1. Ser\u00edan menos de dos horas de vuelo en avi\u00f3n.<\/p>\n<p align=\"JUSTIFY\"><img loading=\"lazy\" decoding=\"async\" class=\"aligncenter size-full wp-image-3208\" src=\"http:\/\/i1.wp.com\/stripteasedelpoder.com\/wp-content\/uploads\/2016\/07\/Europa.png?resize=660%2C347\" sizes=\"(max-width: 660px) 100vw, 660px\" srcset=\"http:\/\/i1.wp.com\/stripteasedelpoder.com\/wp-content\/uploads\/2016\/07\/Europa.png?w=874 874w, http:\/\/i1.wp.com\/stripteasedelpoder.com\/wp-content\/uploads\/2016\/07\/Europa.png?resize=300%2C158 300w, http:\/\/i1.wp.com\/stripteasedelpoder.com\/wp-content\/uploads\/2016\/07\/Europa.png?resize=768%2C403 768w\" alt=\"Europa\" width=\"659\" height=\"345\" \/><\/p>\n<p align=\"JUSTIFY\"><strong>Pero eso no es todo.<\/strong><\/p>\n<p align=\"JUSTIFY\"><i>Striptease del Poder<\/i> descubri\u00f3 que los Remonda tambi\u00e9n tienen registrado otra sociedad offshore, donde tambi\u00e9n habr\u00eda viajado parte del dinero fugado. \u00c9sta vez, se trata de una empresa ubicada en el estado de Florida, en pleno suelo estadounidense.<\/p>\n<p align=\"JUSTIFY\">Lleva de nombre PANTOJA TRADING CORP. Fue creada el 08 de junio de 2004 y su direcci\u00f3n oficial es la avenida Brickell 1300 en Miami.<\/p>\n<p align=\"JUSTIFY\">Los nombres que figuran en la sociedad son los mismos integrantes de la familia Remonda que aparecen en los Panam\u00e1 Papers: Jorge, Marta, Manuel, Daniel y Axel. El documento de abajo muestra el reporte inicial de la compa\u00f1\u00eda. Hasta el d\u00eda de la fecha, seg\u00fan los registros del estado de Florida, la empresa todav\u00eda est\u00e1 activa y se mantienen los mismos nombres, por lo menos hasta diciembre de 2015, que es el \u00faltimo reporte.<\/p>\n<p align=\"JUSTIFY\"><img loading=\"lazy\" decoding=\"async\" class=\"aligncenter size-full wp-image-3217\" src=\"http:\/\/i1.wp.com\/stripteasedelpoder.com\/wp-content\/uploads\/2016\/07\/PANTOJA-TRADING-CORP.png?resize=660%2C777\" sizes=\"(max-width: 660px) 100vw, 660px\" srcset=\"http:\/\/i1.wp.com\/stripteasedelpoder.com\/wp-content\/uploads\/2016\/07\/PANTOJA-TRADING-CORP.png?w=948 948w, http:\/\/i1.wp.com\/stripteasedelpoder.com\/wp-content\/uploads\/2016\/07\/PANTOJA-TRADING-CORP.png?resize=255%2C300 255w, http:\/\/i1.wp.com\/stripteasedelpoder.com\/wp-content\/uploads\/2016\/07\/PANTOJA-TRADING-CORP.png?resize=768%2C904 768w, http:\/\/i1.wp.com\/stripteasedelpoder.com\/wp-content\/uploads\/2016\/07\/PANTOJA-TRADING-CORP.png?resize=870%2C1024 870w\" alt=\"PANTOJA TRADING CORP\" width=\"659\" height=\"776\" \/><\/p>\n<p align=\"JUSTIFY\">Finalmente, el reintegro de los fondos que se movieron al extranjero, pudieron haber retornado a nuestro pa\u00eds bajo la finalidad de encarnarse en distintas inversiones destinadas a las respectivas actividades econ\u00f3micas que optaron cada uno de los Remonda a ejercer. Uno de esos destinos, a la hora de hacer negocios en el pa\u00eds, ser\u00eda la actividad agropecuaria. Seg\u00fan los registros de la AFIP, Daniel Remonda viene ejerciendo la actividad ganadera bovina, mientras que Adriana Remonda se dedica al cultivo de soja.<\/p>\n<p align=\"JUSTIFY\"><img loading=\"lazy\" decoding=\"async\" class=\"aligncenter size-full wp-image-3196\" src=\"http:\/\/i1.wp.com\/stripteasedelpoder.com\/wp-content\/uploads\/2016\/07\/Actividades-econo%CC%81micas-de-los-Remonda.png?resize=660%2C86\" sizes=\"(max-width: 660px) 100vw, 660px\" srcset=\"http:\/\/i1.wp.com\/stripteasedelpoder.com\/wp-content\/uploads\/2016\/07\/Actividades-econo\u0301micas-de-los-Remonda.png?w=1366 1366w, http:\/\/i1.wp.com\/stripteasedelpoder.com\/wp-content\/uploads\/2016\/07\/Actividades-econo\u0301micas-de-los-Remonda.png?resize=300%2C39 300w, http:\/\/i1.wp.com\/stripteasedelpoder.com\/wp-content\/uploads\/2016\/07\/Actividades-econo\u0301micas-de-los-Remonda.png?resize=768%2C100 768w, http:\/\/i1.wp.com\/stripteasedelpoder.com\/wp-content\/uploads\/2016\/07\/Actividades-econo\u0301micas-de-los-Remonda.png?resize=1024%2C133 1024w\" alt=\"Actividades econo\u0301micas de los Remonda\" width=\"659\" height=\"86\" \/><\/p>\n<p align=\"JUSTIFY\">De hecho, un archivo de La Voz del Interior del 2008, en pleno conflicto del campo, constata que la propia Adriana Remonda hab\u00eda presentado una demanda para evitar que el decreto 125, para la creaci\u00f3n de retenciones m\u00f3viles para el sector rural, llegue a ejercer su aplicaci\u00f3n en la provincia de C\u00f3rdoba. Quien recibi\u00f3 la solicitud fue nada menos que el juez federal Ricardo Bustos Fierro quien, como no pod\u00eda ser de otra manera, se la acept\u00f3 como tal.<\/p>\n<p align=\"JUSTIFY\"><img loading=\"lazy\" decoding=\"async\" class=\"aligncenter size-full wp-image-3198\" src=\"http:\/\/i1.wp.com\/stripteasedelpoder.com\/wp-content\/uploads\/2016\/07\/Archivo-de-La-Voz.png?resize=660%2C606\" sizes=\"(max-width: 660px) 100vw, 660px\" srcset=\"http:\/\/i1.wp.com\/stripteasedelpoder.com\/wp-content\/uploads\/2016\/07\/Archivo-de-La-Voz.png?w=703 703w, http:\/\/i1.wp.com\/stripteasedelpoder.com\/wp-content\/uploads\/2016\/07\/Archivo-de-La-Voz.png?resize=300%2C276 300w\" alt=\"Archivo de La Voz\" width=\"659\" height=\"605\" \/><\/p>\n<p align=\"JUSTIFY\">La Voz del Interior\u2026 al exterior<\/p>\n<p align=\"JUSTIFY\">Todo esta conexi\u00f3n de los Remonda, con los empresarios de Clar\u00edn y los banqueros de la banca Morgan termina ratificando las denuncias que viene llevando a cabo Hern\u00e1n Arbizu, el ex empleado argentino del JP Morgan, y que hace unos d\u00edas atr\u00e1s fue citado a declarar en la justicia de Estados Unidos, debido a la denuncia que le hizo la bancada norteamericana por la filtraci\u00f3n de datos. Citaci\u00f3n que fue cubierta por los medios de Clar\u00edn como una \u201cdetenci\u00f3n\u201d, cuando en realidad Arbizu ni siquiera permanece detenido. Y el actual periodista del multimedio, Jorge Lanata, viene insistiendo que Arbizu falta a la verdad. Incluso en su \u00faltimo libro <i>10K: La D\u00e9cada Robada<\/i>, viene calificando al testigo como un \u201cmentiroso\u201d, sin explicar en ninguna de sus p\u00e1ginas el porqu\u00e9.<\/p>\n<p align=\"JUSTIFY\">La conexi\u00f3n de Remonda \u2013 JP Morgan en los Panam\u00e1 Papers termina d\u00e1ndole m\u00e1s se\u00f1ales de la hip\u00f3tesis de que los directivos del Grupo Clar\u00edn est\u00e1n salpicados en el negocio gigantesco de la fuga de capitales y cuentas secretas. Y en este caso, se suma a la lista la familia cordobesa Remonda.<\/p>\n<p align=\"JUSTIFY\">Todo esto que acabamos de contar, padece sus consecuencias. El diario m\u00e1s importante del interior del pa\u00eds, que subsisti\u00f3 por m\u00e1s de noventa a\u00f1os, fue vendida a una empresa de Buenos Aires, a cambio de que los descendientes del fundador del matutino pudieran tener su propio conglomerado offshore para circular sus billetes a distintas redes internacionales y as\u00ed acrecentar sus patrimonios familiares de manera irregular. A cambio de esto: aceptar la degradaci\u00f3n del medio gr\u00e1fico centenario.<\/p>\n<p align=\"JUSTIFY\">Un diario que, lejos de ser la voz del interior, se convirti\u00f3 en un producto que degrad\u00f3 al periodismo local, repiqueteando a viva voz lo que dictan los patrones del puerto. Manteniendo el manto de la hipocres\u00eda al denunciar las cuentas secretas de suiza de los hijos de L\u00e1zaro B\u00e1ez.<\/p>\n<p align=\"JUSTIFY\">La venta de La Voz del Interior es solo una pata del porqu\u00e9 la provincia de C\u00f3rdoba se convirti\u00f3 en un territorio conservador de lo m\u00e1s rancio, abandonando sus ideales rebeldes para convertirse en una comunidad donde lo reaccionario es moneda corriente y el derechismo m\u00e1s putrefacto es lo que maneja las instituciones.<\/p>\n<p align=\"JUSTIFY\">Parte de los Panam\u00e1 Papers ha calado hondo en el interior de C\u00f3rdoba, donde los negocios espurios vienen manejando los intrincados lazos del poder pol\u00edtico, judicial y social.<\/p>\n<p align=\"JUSTIFY\">Pero como dec\u00edamos al comienzo, dentro de lo evidente, sale lo inesperado. Y lo inesperado es la Verdad.<\/p>\n<p align=\"JUSTIFY\">La ruta comienza a despejarse y hacerse m\u00e1s visible.<\/p>\n<hr \/>\n<p style=\"text-align: left;\" align=\"JUSTIFY\">Art\u00edculo publicado en: http:\/\/stripteasedelpoder.com\/2016\/07\/panamapapers-la-ruta-del-dinero-de-la-voz-del-interior\/<\/p>\n<div class='share-to-whatsapp-wrapper'><div class='share-on-whsp'>Share on: <\/div><div class='clear '><\/div><\/div>","protected":false},"excerpt":{"rendered":"<p>La familia Remonda, quienes fueron los directores del matutino m\u00e1s importante de C\u00f3rdoba, est\u00e1n implicados en la fuga de capitales a para\u00edsos fiscales. Todo indica que el Grupo Clar\u00edn los ayud\u00f3 a armar una red de sociedades offshore a cambio de la venta del diario cordob\u00e9s al multimedio.La maniobra fue bancada por filiales del mega-banco [&hellip;]<\/p>\n","protected":false},"author":2,"featured_media":1012,"comment_status":"open","ping_status":"open","sticky":false,"template":"","format":"standard","meta":{"footnotes":""},"categories":[18],"tags":[306,307],"class_list":["post-1011","post","type-post","status-publish","format-standard","has-post-thumbnail","hentry","category-elm","tag-offshore","tag-panama-papers"],"_links":{"self":[{"href":"https:\/\/zumbalaturba.com.ar\/index.php?rest_route=\/wp\/v2\/posts\/1011","targetHints":{"allow":["GET"]}}],"collection":[{"href":"https:\/\/zumbalaturba.com.ar\/index.php?rest_route=\/wp\/v2\/posts"}],"about":[{"href":"https:\/\/zumbalaturba.com.ar\/index.php?rest_route=\/wp\/v2\/types\/post"}],"author":[{"embeddable":true,"href":"https:\/\/zumbalaturba.com.ar\/index.php?rest_route=\/wp\/v2\/users\/2"}],"replies":[{"embeddable":true,"href":"https:\/\/zumbalaturba.com.ar\/index.php?rest_route=%2Fwp%2Fv2%2Fcomments&post=1011"}],"version-history":[{"count":0,"href":"https:\/\/zumbalaturba.com.ar\/index.php?rest_route=\/wp\/v2\/posts\/1011\/revisions"}],"wp:featuredmedia":[{"embeddable":true,"href":"https:\/\/zumbalaturba.com.ar\/index.php?rest_route=\/wp\/v2\/media\/1012"}],"wp:attachment":[{"href":"https:\/\/zumbalaturba.com.ar\/index.php?rest_route=%2Fwp%2Fv2%2Fmedia&parent=1011"}],"wp:term":[{"taxonomy":"category","embeddable":true,"href":"https:\/\/zumbalaturba.com.ar\/index.php?rest_route=%2Fwp%2Fv2%2Fcategories&post=1011"},{"taxonomy":"post_tag","embeddable":true,"href":"https:\/\/zumbalaturba.com.ar\/index.php?rest_route=%2Fwp%2Fv2%2Ftags&post=1011"}],"curies":[{"name":"wp","href":"https:\/\/api.w.org\/{rel}","templated":true}]}}