{"id":1016,"date":"2016-07-26T02:55:00","date_gmt":"2016-07-26T02:55:00","guid":{"rendered":"http:\/\/zumbalaturba.com.ar\/?p=1016"},"modified":"2016-07-26T03:01:18","modified_gmt":"2016-07-26T03:01:18","slug":"justicia-por-laura-moyano-apretarle-los-zapatos-a-la-justicia","status":"publish","type":"post","link":"https:\/\/zumbalaturba.com.ar\/?p=1016","title":{"rendered":"A un a\u00f1o del travesticidio de Laura Moyano: &#8220;apretarle los zapatos&#8221; a la justicia"},"content":{"rendered":"<p><img fetchpriority=\"high\" decoding=\"async\" class=\"size-medium wp-image-1018 alignleft\" src=\"https:\/\/zumbalaturba.com.ar\/wp-content\/uploads\/2016\/07\/IMG-20160725-WA0002-225x300.jpeg\" alt=\"IMG-20160725-WA0002\" width=\"225\" height=\"300\" srcset=\"https:\/\/zumbalaturba.com.ar\/wp-content\/uploads\/2016\/07\/IMG-20160725-WA0002-225x300.jpeg 225w, https:\/\/zumbalaturba.com.ar\/wp-content\/uploads\/2016\/07\/IMG-20160725-WA0002-768x1024.jpeg 768w\" sizes=\"(max-width: 225px) 100vw, 225px\" \/>En la ma\u00f1ana del 25 de julio de 2015, el barrio 9 de julio amanec\u00eda con la noticia del<strong> travesticidio de Laura Moyano,<\/strong> querida vecina de la zona, estudiante de la escuela primaria para adultxs, activa participante de distintos grupos del Centro de salud. Su cuerpo sin vida apareci\u00f3 en una obra en construcci\u00f3n sobre la avenida Donato \u00c1lvarez.<\/p>\n<p>Un a\u00f1o despu\u00e9s, diversas personas y organizaciones se acercaron a la sede de los tribunales penales para denunciar la falta de avances en la causa y exigir que este crimen de odio no quede impune.<\/p>\n<p>En estos meses, <strong>Soledad, su hermana,<\/strong> ha tenido un intenso aprendizaje: que no puede simplemente esperar que la justicia y el estado act\u00faen para encontrar al asesino de Laura, que mucho depender\u00e1 de la persistencia en la exigencia de justicia. De su testimonio, antes y despu\u00e9s de entrevistarse con la fiscal a cargo de la causa M\u00f3nica Liliana Copello, impactan la desidia y la indiferencia: desde el abandono del acompa\u00f1amiento del equipo a cargo de la Secretar\u00eda de DDHH al cambiar la gesti\u00f3n, al discurso de una funcionaria judicial que alega falta de personal para hacerse cargo de lo que le corresponde de oficio. Un discurso que resuena en cada rinc\u00f3n del pa\u00eds cada vez que la violencia transf\u00f3bica se descarga de manera brutal en un crimen de odio y se cobra otra vida. Un discurso que se materializa en la impunidad de los asesinos.<br \/>\n<iframe src=\"http:\/\/ar.ivoox.com\/es\/player_ej_12335903_2_1.html?data=kpeglZqddJShhpywj5WYaZS1kZyah5yncZOhhpywj5WRaZi3jpWah5yncabi1dfS2M7XuMKfwpDA0dHJqMLYjLLc28bSs4ampJDVx9fRpc_VjMnSjbHFudPVjoqkpZK2pcXd0JDH19LGpYzgwpDB19fGpY6ZmKialg..&amp;\" width=\"100%\" height=\"200\" frameborder=\"0\" scrolling=\"no\" allowfullscreen=\"allowfullscreen\"><\/iframe><br \/>\n<img decoding=\"async\" class=\"size-medium wp-image-1019 alignright\" src=\"https:\/\/zumbalaturba.com.ar\/wp-content\/uploads\/2016\/07\/803717698_62598-300x225.jpg\" alt=\"803717698_62598\" width=\"300\" height=\"225\" srcset=\"https:\/\/zumbalaturba.com.ar\/wp-content\/uploads\/2016\/07\/803717698_62598-300x225.jpg 300w, https:\/\/zumbalaturba.com.ar\/wp-content\/uploads\/2016\/07\/803717698_62598-90x68.jpg 90w, https:\/\/zumbalaturba.com.ar\/wp-content\/uploads\/2016\/07\/803717698_62598-768x576.jpg 768w, https:\/\/zumbalaturba.com.ar\/wp-content\/uploads\/2016\/07\/803717698_62598-1024x768.jpg 1024w, https:\/\/zumbalaturba.com.ar\/wp-content\/uploads\/2016\/07\/803717698_62598.jpg 1280w\" sizes=\"(max-width: 300px) 100vw, 300px\" \/>Soledad la recuerda, al borde del quebranto, &#8220;<em>imaginense toda la gente que amaba a Laura, c\u00f3mo era Laura (&#8230;) viv\u00eda feliz todo el tiempo, se re\u00eda siempre, estudiaba, aspiraba a otra cosa, nos tra\u00eda el pan de cada d\u00eda, con su forma de ser<\/em>&#8220;. Hoy esa felicidad y ese recuerdo la acompa\u00f1an y le da fuerzas, pero no duda en afirmar que es el dolor &#8220;<em>la herramienta para seguir adelante<\/em>&#8220;. Y la muerte de Laura sigue doliendo, &#8220;<em>a mi pap\u00e1 se lo llev\u00f3 Laura hace un mes, falleci\u00f3 el 14 de junio. Todas las noches lloraba &#8216;Laura, d\u00f3nde est\u00e1 laura, qui\u00e9n mat\u00f3 a Laura&#8217;<\/em>&#8220;.<\/p>\n<p>Es la certeza de esa necesidad y el afecto que despertaba Laura en su entorno, las que han hecho que Soledad no est\u00e9 sola y que el reclamo de justicia se haga colectivo. Distintas organizaciones, vecinos y vecinas del barrio, el personal de la escuela, del centro de salud, respondieron a su llamado y la acompa\u00f1aron en la fr\u00eda ma\u00f1ana cordobesa y volver\u00e1n a hacerlo este <strong>vienes 29 de julio a las 17 hs. en la movilizaci\u00f3n convocada en el barrio, que partir\u00e1 de la casa que compart\u00edan sobre la calle Tupac Yupanqui hasta el lugar donde fue encontrada. <\/strong>Acciones que buscan &#8220;<em>apretarle un poco los zapatos&#8221;<\/em> a la fiscal y a la justicia, nos dice Sole e insiste <em>&#8220;todo el mundo discrimina, a lo mejor porque somos humildes, porque somos pobres, porque no tenemos la suficiente plata para manejarlo como se manejan ellos. Pero a m\u00ed no me sirve la plata, porque yo s\u00e9 que vamos a encontrar al asesino pidiendo justicia (&#8230;) si tenemos que volver, regresar veinte veces ac\u00e1 a tribunales, nos pararemos en la puerta, llueva, fr\u00edo, calor, lo que sea, pero ac\u00e1 vamos a estar, no vamos a bajar los brazos&#8221;. <\/em>Su voz suena firme <em>&#8220;Laura era una mujer, como toda mujer, y todas las personas trans son mujeres y nadie tiene que juzgar a nadie por lo que es o por lo que somos<\/em>&#8220;.<\/p>\n<p><img decoding=\"async\" class=\"size-medium wp-image-1021 alignleft\" src=\"https:\/\/zumbalaturba.com.ar\/wp-content\/uploads\/2016\/07\/803701113_62445-300x225.jpg\" alt=\"803701113_62445\" width=\"300\" height=\"225\" srcset=\"https:\/\/zumbalaturba.com.ar\/wp-content\/uploads\/2016\/07\/803701113_62445-300x225.jpg 300w, https:\/\/zumbalaturba.com.ar\/wp-content\/uploads\/2016\/07\/803701113_62445-90x68.jpg 90w, https:\/\/zumbalaturba.com.ar\/wp-content\/uploads\/2016\/07\/803701113_62445-768x576.jpg 768w, https:\/\/zumbalaturba.com.ar\/wp-content\/uploads\/2016\/07\/803701113_62445-1024x768.jpg 1024w, https:\/\/zumbalaturba.com.ar\/wp-content\/uploads\/2016\/07\/803701113_62445.jpg 1280w\" sizes=\"(max-width: 300px) 100vw, 300px\" \/>Por su parte, Roxana Murua, trabajadora social del centro de salud de villa 9 de julio, comparti\u00f3 que \u00ab<em>al cumplirse un a\u00f1o del asesinato de laura,la gente se ha ido como silenciando, por eso la intenci\u00f3n es que esto vuelva a tomar visibilidad (&#8230;) que retomen el acompa\u00f1amiento, poder ver la situaci\u00f3n legal, si hay avances o no, porque hasta hoy no hay ning\u00fan detenido. Eso es clave<\/em>\u00bb.<br \/>\n<iframe src=\"http:\/\/ar.ivoox.com\/es\/player_ej_12336093_2_1.html?data=kpeglZuUfZShhpywj5WVaZS1lZqah5yncZOhhpywj5WRaZi3jpWah5yncabi1dfS2M7XuMKfwpC_0d3FssKfrtrf18aPpYzpz5DOh6iXaaOl0JDRx9GPuNPV18rg1s7HrcXd0JDRj4qbh47GwsnW0ZC-uc7WwpDZw5C4udPWwpKSmaiReA..&amp;\" width=\"100%\" height=\"200\" frameborder=\"0\" scrolling=\"no\" allowfullscreen=\"allowfullscreen\"><\/iframe><\/p>\n<p><strong>La respuesta de la fiscal<\/strong><\/p>\n<p><img loading=\"lazy\" decoding=\"async\" class=\"size-medium wp-image-1017 alignright\" src=\"https:\/\/zumbalaturba.com.ar\/wp-content\/uploads\/2016\/07\/803730231_24538-300x225.jpg\" alt=\"803730231_24538\" width=\"300\" height=\"225\" srcset=\"https:\/\/zumbalaturba.com.ar\/wp-content\/uploads\/2016\/07\/803730231_24538-300x225.jpg 300w, https:\/\/zumbalaturba.com.ar\/wp-content\/uploads\/2016\/07\/803730231_24538-90x68.jpg 90w, https:\/\/zumbalaturba.com.ar\/wp-content\/uploads\/2016\/07\/803730231_24538-768x576.jpg 768w, https:\/\/zumbalaturba.com.ar\/wp-content\/uploads\/2016\/07\/803730231_24538-1024x768.jpg 1024w, https:\/\/zumbalaturba.com.ar\/wp-content\/uploads\/2016\/07\/803730231_24538.jpg 1280w\" sizes=\"(max-width: 300px) 100vw, 300px\" \/>La fiscal Copello recibi\u00f3 a Soledad Moyano y le asegur\u00f3 que durante el mes de agosto habr\u00e1 novedades. \u00ab<em>P\u00f3ngase en mi lugar, como hermana&#8221;,<\/em> le exigi\u00f3 Soledad. Ahora sabe \u00ab<em>que no estoy sola, gracias a ustedes y seguiremos haciendo marchas y eventos<\/em>\u00bb.<br \/>\n<iframe src=\"http:\/\/ar.ivoox.com\/es\/player_ej_12336049_2_1.html?data=kpeglZuUeJqhhpywj5WWaZS1kpWah5yncZOhhpywj5WRaZi3jpWah5yncabi1dfS2M7XuMKfwpDA0dHJqMLYjLLc28bSs4ampJDVx9fRpc_VjMnSjbHFudPVjIqfmpeJdpqhhpywj7fFqMrjjL_iz8fFb83VjLni1MfFcYarpJKh&amp;\" width=\"100%\" height=\"200\" frameborder=\"0\" scrolling=\"no\" allowfullscreen=\"allowfullscreen\"><\/iframe><\/p>\n<p>La legisladora Laura Vilches, quien particip\u00f3 de la entrevista con la funcionaria judicial, relat\u00f3 a Zumba la Turba que \u00ab<em>la fiscal lo que sostiene es que se estuvo investigando. Soledad la interpel\u00f3 para preguntarle porqu\u00e9 hab\u00eda demoras en la causa y porqu\u00e9 no le llegaba una informaci\u00f3n nueva sobre c\u00f3mo avanzaba, aleg\u00f3 la fiscal que falta personal y que tuvo que destinar los investigadores a otra causa que le demandaron desde el juzgado de violencia familiar y que ahora nuevamente estos investigadores habr\u00edan vuelto a tomar de lleno la causa, as\u00ed que est\u00e1n siguiendo las pistas<\/em>\u00bb. Pero Vilches explica que tambi\u00e9n \u00ab<em>se le dej\u00f3 en claro que justamente se hac\u00eda esta movilizaci\u00f3n a un a\u00f1o del asesinato de Laura para reclamar justicia, para que no quede impune y que \u00edbamos a seguir moviliz\u00e1ndonos como lo haremos el viernes para reclamar por el avance y la justicia<\/em>\u00bb.<br \/>\n<iframe src=\"http:\/\/ar.ivoox.com\/es\/player_ej_12336232_2_1.html?data=kpeglZuWd5Ohhpywj5WVaZS1k5qah5yncZOhhpywj5WRaZi3jpWah5yncabi1dfS2M7XuMKfwpC5w9rWpYzKysjVx9iPpYzpz5DOh6iXaaOl0JDRx9GPuNPV18rg1s7HrcXd0JDRj4qbh47GwsnW0ZC-uc7WwpDZw5C4udPWwpKSmaiReA..&amp;\" width=\"100%\" height=\"200\" frameborder=\"0\" scrolling=\"no\" allowfullscreen=\"allowfullscreen\"><\/iframe><\/p>\n<div class='share-to-whatsapp-wrapper'><div class='share-on-whsp'>Share on: <\/div><div class='clear '><\/div><\/div>","protected":false},"excerpt":{"rendered":"<p>En la ma\u00f1ana del 25 de julio de 2015, el barrio 9 de julio amanec\u00eda con la noticia del travesticidio de Laura Moyano, querida vecina de la zona, estudiante de la escuela primaria para adultxs, activa participante de distintos grupos del Centro de salud. Su cuerpo sin vida apareci\u00f3 en una obra en construcci\u00f3n sobre [&hellip;]<\/p>\n","protected":false},"author":6,"featured_media":1018,"comment_status":"open","ping_status":"open","sticky":false,"template":"","format":"standard","meta":{"footnotes":""},"categories":[5],"tags":[308,309],"class_list":["post-1016","post","type-post","status-publish","format-standard","has-post-thumbnail","hentry","category-transfeminismos","tag-laura-moyano","tag-travesticidio"],"_links":{"self":[{"href":"https:\/\/zumbalaturba.com.ar\/index.php?rest_route=\/wp\/v2\/posts\/1016","targetHints":{"allow":["GET"]}}],"collection":[{"href":"https:\/\/zumbalaturba.com.ar\/index.php?rest_route=\/wp\/v2\/posts"}],"about":[{"href":"https:\/\/zumbalaturba.com.ar\/index.php?rest_route=\/wp\/v2\/types\/post"}],"author":[{"embeddable":true,"href":"https:\/\/zumbalaturba.com.ar\/index.php?rest_route=\/wp\/v2\/users\/6"}],"replies":[{"embeddable":true,"href":"https:\/\/zumbalaturba.com.ar\/index.php?rest_route=%2Fwp%2Fv2%2Fcomments&post=1016"}],"version-history":[{"count":0,"href":"https:\/\/zumbalaturba.com.ar\/index.php?rest_route=\/wp\/v2\/posts\/1016\/revisions"}],"wp:featuredmedia":[{"embeddable":true,"href":"https:\/\/zumbalaturba.com.ar\/index.php?rest_route=\/wp\/v2\/media\/1018"}],"wp:attachment":[{"href":"https:\/\/zumbalaturba.com.ar\/index.php?rest_route=%2Fwp%2Fv2%2Fmedia&parent=1016"}],"wp:term":[{"taxonomy":"category","embeddable":true,"href":"https:\/\/zumbalaturba.com.ar\/index.php?rest_route=%2Fwp%2Fv2%2Fcategories&post=1016"},{"taxonomy":"post_tag","embeddable":true,"href":"https:\/\/zumbalaturba.com.ar\/index.php?rest_route=%2Fwp%2Fv2%2Ftags&post=1016"}],"curies":[{"name":"wp","href":"https:\/\/api.w.org\/{rel}","templated":true}]}}