{"id":1124,"date":"2016-07-31T18:11:36","date_gmt":"2016-07-31T18:11:36","guid":{"rendered":"http:\/\/zumbalaturba.com.ar\/?p=1124"},"modified":"2016-07-31T22:22:12","modified_gmt":"2016-07-31T22:22:12","slug":"mamasnegra-en-vivo-en-la-nota-azul","status":"publish","type":"post","link":"https:\/\/zumbalaturba.com.ar\/?p=1124","title":{"rendered":"MamaSnegra en vivo en La Nota Azul"},"content":{"rendered":"<p>Catorce\u00a0m\u00fasicos tocando en vivo por la radio. Eso es lo que ha sucedido en la \u00faltima emisi\u00f3n de <a href=\"http:\/\/ar.ivoox.com\/es\/nota-azul-30-07-2016-audios-mp3_rf_12394237_1.html\">La Nota Azul<\/a>, el pasado s\u00e1bado 30 de julio, especial afrobeat. Porque transmitimos desde Estudio Portales un concierto especial de MamaSnegra para La Nota Azul, preparando la Primera Fiesta Afrobeat en C\u00f3rdoba que se realizar\u00e1 el pr\u00f3ximo s\u00e1bado 13 de agosto en 990 Arte Club y contar\u00e1 tambi\u00e9n con la participaci\u00f3n de Wongai, grupo de danza y m\u00fasica africana.<\/p>\n<p><a href=\"https:\/\/www.facebook.com\/events\/218397385223591\/\"><img decoding=\"async\" class=\"size-medium wp-image-1127 alignright\" src=\"https:\/\/zumbalaturba.com.ar\/wp-content\/uploads\/2016\/07\/Fiesta-Afrobeat-300x114.jpg\" alt=\"Fiesta Afrobeat\" width=\"300\" height=\"114\" srcset=\"https:\/\/zumbalaturba.com.ar\/wp-content\/uploads\/2016\/07\/Fiesta-Afrobeat-300x114.jpg 300w, https:\/\/zumbalaturba.com.ar\/wp-content\/uploads\/2016\/07\/Fiesta-Afrobeat-768x292.jpg 768w, https:\/\/zumbalaturba.com.ar\/wp-content\/uploads\/2016\/07\/Fiesta-Afrobeat.jpg 960w\" sizes=\"(max-width: 300px) 100vw, 300px\" \/><\/a><\/p>\n<p>MamaSnegra es un grupo musical orientado al afrobeat, que nace en la ciudad C\u00f3rdoba a principios de este a\u00f1o 2016. Su formaci\u00f3n numerosa y diversa brinda al\u00a0grupo la\u00a0capacidad de generar una propuesta muy rica en timbres y matices diversos y siempre con mucho ritmo. Esta es su manera de abordar el afrobeat, un estilo que conjuga\u00a0los\u00a0ritmos africanos con elementos del jazz, la improvisaci\u00f3n, el soul, el\u00a0funk. Sobre esto charlamos con Federico Tosello, Javier Rodr\u00edguez y Paula Cebba, miembros del grupo, mientras escuchamos la m\u00fasica de Fela Kuti, creador del g\u00e9nero.<\/p>\n<p>Tambi\u00e9n suena Charles Mingus para abrir el programa, su disco del a\u00f1o 1973: Mingus Moves. Y el nuevo disco del gran contrabajista Cristian Andrada &#8220;Detr\u00e1s del aire&#8221;, su tercera producci\u00f3n discogr\u00e1fica.<\/p>\n<div id='gallery-1' class='gallery galleryid-1124 gallery-columns-3 gallery-size-thumbnail'><figure class='gallery-item'>\n\t\t\t<div class='gallery-icon landscape'>\n\t\t\t\t<a href='https:\/\/zumbalaturba.com.ar\/?attachment_id=1130'><img decoding=\"async\" width=\"90\" height=\"68\" src=\"https:\/\/zumbalaturba.com.ar\/wp-content\/uploads\/2016\/07\/Mingus-Moves-90x68.jpg\" class=\"attachment-thumbnail size-thumbnail\" alt=\"\" \/><\/a>\n\t\t\t<\/div><\/figure><figure class='gallery-item'>\n\t\t\t<div class='gallery-icon landscape'>\n\t\t\t\t<a href='https:\/\/zumbalaturba.com.ar\/?attachment_id=1128'><img decoding=\"async\" width=\"90\" height=\"68\" src=\"https:\/\/zumbalaturba.com.ar\/wp-content\/uploads\/2016\/07\/Cristian-Andrada-Detras-del-Aire-1-90x68.jpg\" class=\"attachment-thumbnail size-thumbnail\" alt=\"\" \/><\/a>\n\t\t\t<\/div><\/figure><figure class='gallery-item'>\n\t\t\t<div class='gallery-icon landscape'>\n\t\t\t\t<a href='https:\/\/zumbalaturba.com.ar\/?attachment_id=1129'><img loading=\"lazy\" decoding=\"async\" width=\"90\" height=\"68\" src=\"https:\/\/zumbalaturba.com.ar\/wp-content\/uploads\/2016\/07\/Fela-Kuti-2-90x68.jpg\" class=\"attachment-thumbnail size-thumbnail\" alt=\"\" \/><\/a>\n\t\t\t<\/div><\/figure>\n\t\t<\/div>\n\n<p>Todo eso y mucho m\u00e1s en dos horas de m\u00fasica, jazz, afrobeat y radio: <a href=\"https:\/\/www.facebook.com\/lanotaazulradio\/\">La Nota Azul<\/a> por el aire de Zumba La Turba.<\/p>\n<p>Escuchalo desde ac\u00e1:<\/p>\n<p><iframe id=\"audio_12394237\" style=\"border: 1px solid #EEE; box-sizing: border-box; width: 100%;\" src=\"https:\/\/ar.ivoox.com\/es\/player_ej_12394237_4_1.html?c1=ff6600\" width=\"300\" height=\"200\" frameborder=\"0\" scrolling=\"no\" allowfullscreen=\"allowfullscreen\"><\/iframe><\/p>\n<div class='share-to-whatsapp-wrapper'><div class='share-on-whsp'>Share on: <\/div><div class='clear '><\/div><\/div>","protected":false},"excerpt":{"rendered":"<p>Catorce\u00a0m\u00fasicos tocando en vivo por la radio. Eso es lo que ha sucedido en la \u00faltima emisi\u00f3n de La Nota Azul, el pasado s\u00e1bado 30 de julio, especial afrobeat. Porque transmitimos desde Estudio Portales un concierto especial de MamaSnegra para La Nota Azul, preparando la Primera Fiesta Afrobeat en C\u00f3rdoba que se realizar\u00e1 el pr\u00f3ximo [&hellip;]<\/p>\n","protected":false},"author":14,"featured_media":1126,"comment_status":"open","ping_status":"open","sticky":false,"template":"","format":"standard","meta":{"footnotes":""},"categories":[261],"tags":[313,81,52,315,293,305,296,314,166],"class_list":["post-1124","post","type-post","status-publish","format-standard","has-post-thumbnail","hentry","category-la-nota-azul","tag-afrobeat","tag-agenda-cultural","tag-cultura","tag-estudio-portales","tag-jazz","tag-jazz-federal-club","tag-la-nota-azul","tag-mamasnegra","tag-musica"],"_links":{"self":[{"href":"https:\/\/zumbalaturba.com.ar\/index.php?rest_route=\/wp\/v2\/posts\/1124","targetHints":{"allow":["GET"]}}],"collection":[{"href":"https:\/\/zumbalaturba.com.ar\/index.php?rest_route=\/wp\/v2\/posts"}],"about":[{"href":"https:\/\/zumbalaturba.com.ar\/index.php?rest_route=\/wp\/v2\/types\/post"}],"author":[{"embeddable":true,"href":"https:\/\/zumbalaturba.com.ar\/index.php?rest_route=\/wp\/v2\/users\/14"}],"replies":[{"embeddable":true,"href":"https:\/\/zumbalaturba.com.ar\/index.php?rest_route=%2Fwp%2Fv2%2Fcomments&post=1124"}],"version-history":[{"count":0,"href":"https:\/\/zumbalaturba.com.ar\/index.php?rest_route=\/wp\/v2\/posts\/1124\/revisions"}],"wp:featuredmedia":[{"embeddable":true,"href":"https:\/\/zumbalaturba.com.ar\/index.php?rest_route=\/wp\/v2\/media\/1126"}],"wp:attachment":[{"href":"https:\/\/zumbalaturba.com.ar\/index.php?rest_route=%2Fwp%2Fv2%2Fmedia&parent=1124"}],"wp:term":[{"taxonomy":"category","embeddable":true,"href":"https:\/\/zumbalaturba.com.ar\/index.php?rest_route=%2Fwp%2Fv2%2Fcategories&post=1124"},{"taxonomy":"post_tag","embeddable":true,"href":"https:\/\/zumbalaturba.com.ar\/index.php?rest_route=%2Fwp%2Fv2%2Ftags&post=1124"}],"curies":[{"name":"wp","href":"https:\/\/api.w.org\/{rel}","templated":true}]}}