{"id":1154,"date":"2016-08-01T20:33:11","date_gmt":"2016-08-01T20:33:11","guid":{"rendered":"http:\/\/zumbalaturba.com.ar\/?p=1154"},"modified":"2016-08-04T17:52:18","modified_gmt":"2016-08-04T17:52:18","slug":"invitacion-y-sorteo-de-levadura-palas-masas","status":"publish","type":"post","link":"https:\/\/zumbalaturba.com.ar\/?p=1154","title":{"rendered":"\u00a1Invitaci\u00f3n y Sorteo de Levadura pa\u00b4las Masas!"},"content":{"rendered":"<p style=\"text-align: justify;\">Este jueves no vamos a emitir un nuevo programa de <em>Levadura pa\u00b4 las Masas<\/em> como corresponde. Luego de pensarlo mucho, decidimos que es fundamental estar en las calles gritando bien fuerte <strong>\u00a1No vamos a pagar su tarifazo!<\/strong><\/p>\n<figure id=\"attachment_1158\" aria-describedby=\"caption-attachment-1158\" style=\"width: 300px\" class=\"wp-caption alignleft\"><a href=\"http:\/\/https:\/\/web.facebook.com\/Centro-Vecinal-Alberdi-1032444053494741\/?fref=ts\"><img fetchpriority=\"high\" decoding=\"async\" class=\"wp-image-1158 size-medium\" src=\"https:\/\/zumbalaturba.com.ar\/wp-content\/uploads\/2016\/08\/13728985_1173642532708225_1643291936932297136_n-300x169.jpg\" width=\"300\" height=\"169\" srcset=\"https:\/\/zumbalaturba.com.ar\/wp-content\/uploads\/2016\/08\/13728985_1173642532708225_1643291936932297136_n-300x169.jpg 300w, https:\/\/zumbalaturba.com.ar\/wp-content\/uploads\/2016\/08\/13728985_1173642532708225_1643291936932297136_n-768x432.jpg 768w, https:\/\/zumbalaturba.com.ar\/wp-content\/uploads\/2016\/08\/13728985_1173642532708225_1643291936932297136_n.jpg 960w\" sizes=\"(max-width: 300px) 100vw, 300px\" \/><\/a><figcaption id=\"caption-attachment-1158\" class=\"wp-caption-text\">Foto:<a href=\"https:\/\/web.facebook.com\/Centro-Vecinal-Alberdi-1032444053494741\/?fref=ts\" target=\"_blank\"> Centro Vecinal Alberdi<\/a><\/figcaption><\/figure>\n<p style=\"text-align: justify;\">Frente al ajuste desmedido, el achicamiento del Estado y la violaci\u00f3n sistem\u00e1tica a nuestros derechos con el aumento del boleto, el gas, la luz y dem\u00e1s servicios p\u00fablicos, decimos <strong>BASTA<\/strong>. Nos encontramos a las 18 hs. en Col\u00f3n y General Paz en la <a href=\"https:\/\/web.facebook.com\/events\/860486734056910\/?notif_t=plan_user_invited&amp;notif_id=1470067354408526\" target=\"_blank\">Gran Marcha contra los Tarifazos <\/a><\/p>\n<p style=\"text-align: justify;\"><a href=\"http:\/\/ https:\/\/www.facebook.com\/events\/1725159277757154\/?ti=cl\"><img decoding=\"async\" class=\"alignright wp-image-882 size-medium\" src=\"https:\/\/zumbalaturba.com.ar\/wp-content\/uploads\/2016\/07\/portadaevento-300x169.jpg\" width=\"300\" height=\"169\" srcset=\"https:\/\/zumbalaturba.com.ar\/wp-content\/uploads\/2016\/07\/portadaevento-300x169.jpg 300w, https:\/\/zumbalaturba.com.ar\/wp-content\/uploads\/2016\/07\/portadaevento-768x432.jpg 768w, https:\/\/zumbalaturba.com.ar\/wp-content\/uploads\/2016\/07\/portadaevento-1024x576.jpg 1024w, https:\/\/zumbalaturba.com.ar\/wp-content\/uploads\/2016\/07\/portadaevento.jpg 1920w\" sizes=\"(max-width: 300px) 100vw, 300px\" \/><\/a><br \/>\nIgual, como queremos que nos ayudes a difundir y tenemos muchas ganas de hacerte un regalo, vamos a hacer nuestro tradicional <strong>sorteo:<\/strong> <em>\u00a1regalamos una entrada al <a href=\"https:\/\/web.facebook.com\/events\/1725159277757154\/\" target=\"_blank\">FestiZumba Solidario<\/a> este s\u00e1bado en El Vecindario!<\/em> Para que despu\u00e9s de una semana de mucha lucha y organizaci\u00f3n, relajes un rato con buena m\u00fasica y compa\u00f1\u00eda.<\/p>\n<p><iframe src=\"https:\/\/www.youtube.com\/embed\/0Se-vm2RzaQ\" width=\"560\" height=\"315\" frameborder=\"0\" allowfullscreen=\"allowfullscreen\"><\/iframe><\/p>\n<p style=\"text-align: justify;\"><strong>Como siempre, s\u00f3lo ten\u00e9s que:<\/strong><br \/>\n<strong> ? Poner Me Gusta en nuestra<a href=\"https:\/\/web.facebook.com\/Zafarrancho-Colectivo-Revolucionario-1692411787645705\/\" target=\"_blank\"> p\u00e1gina<\/a><\/strong><br \/>\n<strong> ? Compartir la <a href=\"https:\/\/web.facebook.com\/1692411787645705\/photos\/a.1694423484111202.1073741829.1692411787645705\/1784102741809942\/?type=3&amp;theater\" target=\"_blank\">imagen<\/a> en modo p\u00fablico<\/strong><\/p>\n<div>\n<p style=\"text-align: justify;\"><strong>\u00a1Sorteamos el jueves despu\u00e9s de la marcha!<\/strong><\/p>\n<p style=\"text-align: justify;\"><a href=\"https:\/\/web.facebook.com\/Zafarrancho-Colectivo-Revolucionario-1692411787645705\/\" target=\"_blank\">Zafarrancho Colectivo Revolucionario<\/a><\/p>\n<p style=\"text-align: justify;\">Seguinos por:<br \/>\n<img decoding=\"async\" class=\" wp-image-1160 alignleft\" src=\"https:\/\/zumbalaturba.com.ar\/wp-content\/uploads\/2016\/08\/twitter-logo-en-fondo-negro_318-76332.png-90x68.jpg\" alt=\"twitter-logo-en-fondo-negro_318-76332.png\" width=\"48\" height=\"36\" \/><a href=\"https:\/\/twitter.com\/levadura_zcr\" target=\"_blank\">@levadura_zcr<\/a><\/p>\n<p style=\"text-align: justify;\"><a href=\"https:\/\/www.instagram.com\/levadurapalasmasas\/\" target=\"_blank\"> <img loading=\"lazy\" decoding=\"async\" class=\" wp-image-1161 alignleft\" src=\"https:\/\/zumbalaturba.com.ar\/wp-content\/uploads\/2016\/08\/instagram-red-social-logotipo-de-la-camara-de-fotos_318-64651.png-90x68.jpg\" alt=\"instagram-red-social-logotipo-de-la-camara-de-fotos_318-64651.png\" width=\"36\" height=\"27\" srcset=\"https:\/\/zumbalaturba.com.ar\/wp-content\/uploads\/2016\/08\/instagram-red-social-logotipo-de-la-camara-de-fotos_318-64651.png-90x68.jpg 90w, https:\/\/zumbalaturba.com.ar\/wp-content\/uploads\/2016\/08\/instagram-red-social-logotipo-de-la-camara-de-fotos_318-64651.png-626x445.jpg 626w\" sizes=\"(max-width: 36px) 100vw, 36px\" \/>levadurapalasmasas<\/a><\/p>\n<\/div>\n<div>\n<p style=\"text-align: justify;\"><img loading=\"lazy\" decoding=\"async\" class=\"alignleft wp-image-1162\" src=\"https:\/\/zumbalaturba.com.ar\/wp-content\/uploads\/2016\/08\/ivoox-90x68.png\" alt=\"ivoox\" width=\"36\" height=\"27\" srcset=\"https:\/\/zumbalaturba.com.ar\/wp-content\/uploads\/2016\/08\/ivoox-90x68.png 90w, https:\/\/zumbalaturba.com.ar\/wp-content\/uploads\/2016\/08\/ivoox-124x90.png 124w\" sizes=\"(max-width: 36px) 100vw, 36px\" \/><\/p>\n<p style=\"text-align: justify;\"><a href=\"http:\/\/:http:\/\/goo.gl\/NqxDMu\" target=\"_blank\">Ivoox<\/a><\/p>\n<p style=\"text-align: justify;\"><img loading=\"lazy\" decoding=\"async\" class=\"alignleft wp-image-1164\" src=\"https:\/\/zumbalaturba.com.ar\/wp-content\/uploads\/2016\/08\/images-90x68.jpg\" alt=\"images\" width=\"40\" height=\"30\" \/>zafarranchocolecrev@gmail.com<\/p>\n<\/div>\n<p style=\"text-align: justify;\">\u00a1Les compartimos la <a href=\"https:\/\/www.facebook.com\/Centros-Vecinales-y-Ciudadanos-Contra-los-Tarifazos-C%C3%B3rdoba-1004936326226893\/videos?ref=page_internal\" target=\"_blank\">Invitaci\u00f3n<\/a> de Centros Vecinales y Ciudadanos contra los Tarifazos!<\/p>\n<div class='share-to-whatsapp-wrapper'><div class='share-on-whsp'>Share on: <\/div><div class='clear '><\/div><\/div>","protected":false},"excerpt":{"rendered":"<p>Este jueves no vamos a emitir un nuevo programa de Levadura pa\u00b4 las Masas como corresponde. Luego de pensarlo mucho, decidimos que es fundamental estar en las calles gritando bien fuerte \u00a1No vamos a pagar su tarifazo! Frente al ajuste desmedido, el achicamiento del Estado y la violaci\u00f3n sistem\u00e1tica a nuestros derechos con el aumento [&hellip;]<\/p>\n","protected":false},"author":2,"featured_media":1157,"comment_status":"open","ping_status":"open","sticky":false,"template":"","format":"standard","meta":{"footnotes":""},"categories":[262],"tags":[319,320],"class_list":["post-1154","post","type-post","status-publish","format-standard","has-post-thumbnail","hentry","category-levadura-pa-las-masas","tag-contraeltarifazo","tag-sorteo"],"_links":{"self":[{"href":"https:\/\/zumbalaturba.com.ar\/index.php?rest_route=\/wp\/v2\/posts\/1154","targetHints":{"allow":["GET"]}}],"collection":[{"href":"https:\/\/zumbalaturba.com.ar\/index.php?rest_route=\/wp\/v2\/posts"}],"about":[{"href":"https:\/\/zumbalaturba.com.ar\/index.php?rest_route=\/wp\/v2\/types\/post"}],"author":[{"embeddable":true,"href":"https:\/\/zumbalaturba.com.ar\/index.php?rest_route=\/wp\/v2\/users\/2"}],"replies":[{"embeddable":true,"href":"https:\/\/zumbalaturba.com.ar\/index.php?rest_route=%2Fwp%2Fv2%2Fcomments&post=1154"}],"version-history":[{"count":0,"href":"https:\/\/zumbalaturba.com.ar\/index.php?rest_route=\/wp\/v2\/posts\/1154\/revisions"}],"wp:featuredmedia":[{"embeddable":true,"href":"https:\/\/zumbalaturba.com.ar\/index.php?rest_route=\/wp\/v2\/media\/1157"}],"wp:attachment":[{"href":"https:\/\/zumbalaturba.com.ar\/index.php?rest_route=%2Fwp%2Fv2%2Fmedia&parent=1154"}],"wp:term":[{"taxonomy":"category","embeddable":true,"href":"https:\/\/zumbalaturba.com.ar\/index.php?rest_route=%2Fwp%2Fv2%2Fcategories&post=1154"},{"taxonomy":"post_tag","embeddable":true,"href":"https:\/\/zumbalaturba.com.ar\/index.php?rest_route=%2Fwp%2Fv2%2Ftags&post=1154"}],"curies":[{"name":"wp","href":"https:\/\/api.w.org\/{rel}","templated":true}]}}