{"id":1171,"date":"2016-08-01T21:04:36","date_gmt":"2016-08-01T21:04:36","guid":{"rendered":"http:\/\/zumbalaturba.com.ar\/?p=1171"},"modified":"2016-08-02T14:46:08","modified_gmt":"2016-08-02T14:46:08","slug":"1171","status":"publish","type":"post","link":"https:\/\/zumbalaturba.com.ar\/?p=1171","title":{"rendered":"Acusan inacci\u00f3n de la justicia ante denuncias de abuso sexual en una escuela"},"content":{"rendered":"<p>El pasado mi\u00e9rcoles 27 de julio, los estudios cordobeses del programa Enredando las Ma\u00f1anas abrieron los micr\u00f3fonos para romper el silencio que rodea la realidad del abuso sexual infantil. Mar\u00eda y Florencia forman parte del colectivo \u00abNi un ni\u00f1o m\u00e1s&#8221;, un espacio integrado por madres y padres de ni\u00f1os y ni\u00f1as que asist\u00edan a un colegio privado en el centro de C\u00f3rdoba, organizadxs a partir de las denuncias por abuso sexual infantil en la instituci\u00f3n.<\/p>\n<p>Una denuncia en la que se entrelazan diversas consideraciones en torno a lo que implica la mirada adulta sobre ni\u00f1os y ni\u00f1as, la mirada del sistema judicial sobre ellxs, la educaci\u00f3n privada y sus intereses econ\u00f3micos, todos elementos que hacen que algo que deber\u00eda abordarse de un modo claro y responsable, se entorpezca y encuentre muchas dificultades para encontrar el cauce necesario en los tiempos requeridos. En estos d\u00edas, las familias decidieron salir nuevamente a la calle para denunciar la inacci\u00f3n judicial en torno a estas denuncias, que ya ascienden a diecis\u00e9is y que se encuentran actualmente en manos de la Fiscal\u00eda General de la provincia.<\/p>\n<p>Florencia empieza recordando lo sucedido hace ya quince meses, en mayo de 2015, cuando trascendi\u00f3 la primera denuncia, \u00abdesde entonces un grupo de padres -porque lamentablemente dentro de las familias hay dificultades para aceptar, quiz\u00e1 pensar en las situaciones en las que pueden haber estado estos menores, recordemos que son ni\u00f1itos de 3, 4 y 5 a\u00f1os, con las particularidades que tienen para contar o no hacerlo estos nenes-, nos hemos hecho especialistas en stress postraum\u00e1tico de ni\u00f1os, porque ellos estaban amenazados, en muchos casos disociados por las situaciones tremendas que vivieron all\u00ed\u00bb.<\/p>\n<p>Para que la palabra de lxs ni\u00f1xs pudiera emerger, tuvieron que dejar el escenario de los abusos. Reci\u00e9n ah\u00ed, explica Florencia, \u00aba medida que fuimos retir\u00e1ndolos de la escuela, estos chicos\u00a0 fuero contando lo que pas\u00f3 ah\u00ed. Fue una cosa sistem\u00e1tica y masiva (&#8230;) todos los ni\u00f1os fueron expuestos a determinadas situaciones de violencia y de abuso colectivamente, m\u00e1s all\u00e1 de que en algunas situaciones el profesor se llevaba ni\u00f1os a otras salas\u00bb.<\/p>\n<p>La primera reacci\u00f3n de las familias fue acercarse a la escuela, \u00abdonde no fuimos para nada bien recibidas, m\u00e1s bien hicieron todo lo posible para expulsarnos. Nuestra exigencia era que nos informaran y que informaran de lo que estaba pasando al resto de la comunidad educativa. El principal docente denunciado -vamos a recordar que son dos- hace nueve a\u00f1os que trabajaba en la escuela, quiz\u00e1s toda la primaria ha pasado por este profesor (&#8230;) De estos profesores, uno ha sido apartado del cargo y el otro no\u00bb. En este punto, Mar\u00eda interviene y agrega que \u00aba medida que se fue investigando, sale a la luz el nombre del coordinador actual de m\u00fasica de la escuela de nivel inicial y primario, que sigue en su cargo. Puntualmente, lo grave de esto, es que los chicos mencionan que el coordinador los filmaba\u00bb.<\/p>\n<p>Esta informaci\u00f3n hizo que empezaran a intuir que lo sucedido en la instituci\u00f3n escolar puede tener dimensiones y ramificaciones m\u00e1s complejas, \u00aby ver -nos dice Mar\u00eda- que hay algo mucho m\u00e1s profundo en este ocultamiento de la escuela, en la lentitud de la justicia&#8230; es muy sospechoso\u00a0 y da mucho para pensar que de diecis\u00e9is denuncias, la fiscal solamente hace pasar a c\u00e1mara gesell a dos de los ni\u00f1os. Este es un dato no menor, estamos hablando ya de quinces meses desde la primera denuncia, y solamente dos menores fueron escuchados en C\u00e1mara Gesell\u00bb.<\/p>\n<p><strong>La investigaci\u00f3n judicial<\/strong><\/p>\n<p><img fetchpriority=\"high\" decoding=\"async\" class=\"alignright size-medium wp-image-1174\" src=\"https:\/\/zumbalaturba.com.ar\/wp-content\/uploads\/2016\/08\/niunomenosni\u00f1o-1-300x300.jpg\" alt=\"niunomenosni\u00f1o\" width=\"300\" height=\"300\" srcset=\"https:\/\/zumbalaturba.com.ar\/wp-content\/uploads\/2016\/08\/niunomenosni\u00f1o-1-300x300.jpg 300w, https:\/\/zumbalaturba.com.ar\/wp-content\/uploads\/2016\/08\/niunomenosni\u00f1o-1.jpg 512w\" sizes=\"(max-width: 300px) 100vw, 300px\" \/>Florencia explica los alcances del ocultamiento: \u00abesta falta de celeridad de la justicia, si uno quiere verlo desde una mirada optimista, se corresponde con tambi\u00e9n maniobras de ocultamiento y de tapar el tema por parte de la instituci\u00f3n, el ministerio [de educaci\u00f3n] y ahora nos encontramos con que la justicia tambi\u00e9n lo hace\u00bb.<\/p>\n<p>La fiscal a cargo de la investigaci\u00f3n, nos informan, es la Dra. Alicia Chirino y su instructora, la Dra. Ver\u00f3nica Rojo Allende. El espacio \u00abNi un ni\u00f1o m\u00e1s\u00bb las hace responsables cuando denuncia, entre otras cosas, que de las diecis\u00e9is presentaciones ante la justicia, solo dos ni\u00f1xs han sido sometidxs a la C\u00e1mara Gesell, instancia vital para recuperar los testimonios de ni\u00f1xs abusadxs, \u00abla prueba por excelencia en este tipo de delitos\u00bb, ocurridos generalmente en el marco del secreto y del abuso del poder y del afecto de lxs adultxs implicadxs.\u00a0 \u00abLa prueba fundamental en el abuso sexual es el relato del menor. Si nosotros\u00a0 no lo cuidamos, y cuidarlo es tomar la declaraci\u00f3n r\u00e1pidamente, \u00bfqu\u00e9 est\u00e1 haciendo la fiscal? \u00a1No est\u00e1 cuidando la prueba!\u00bb<\/p>\n<p>La desidia de la investigaci\u00f3n no acaba all\u00ed. Desde la fiscal\u00eda se realiz\u00f3 una inspecci\u00f3n ocular reci\u00e9n tres meses despu\u00e9s de la primera denuncia, cuando ya el escenario donde se hab\u00edan desarrollado los hechos hab\u00eda sido totalmente alterado. \u00abLos chicos mencionan que ellos eran sometidos en gran medida en una alfombra (&#8230;) La sala de m\u00fasica ten\u00eda puertas placa, no eran vidriadas, no hab\u00eda ventanas, con lo cual ya hab\u00eda una irregularidad. La DIPE manda a cambiar toda la escena. No estaba\u00a0 la alfombra,se hab\u00edan puesto vidrios a las puertas placa, se hab\u00eda modificado toda la escena (&#8230;) Nosotros tenemos el cuaderno de comunicaciones de nuestros hijos, donde la misma DIPE manda a decir que se va a modificar\u00bb.<\/p>\n<p><strong>Romper el silencio y la impunidad<\/strong><\/p>\n<p>Florencia y Mar\u00eda comparten que, luego de las denuncias, acataron el silencio exigido por la justicia ampar\u00e1ndose en el secreto de sumario. Sin embargo, \u00abhoy por hoy, vemos que el camino judicial no est\u00e1 llegando a ning\u00fan lado, queremos al menos una condena social, pero tambi\u00e9n que la justicia se haga responsable de esta cadena de irresponsabilidades que sufrieron nuestros hijos y estamos sufriendo como familias. As\u00ed que hoy volvemos, tratando de que estos profesores no est\u00e9n m\u00e1s al frente de ning\u00fan ni\u00f1o, que la escuela se haga responsable de lo que pas\u00f3, porque la sistematicidad con la que pasaron esos abusos no puede haber sido pasado por alto\u00bb.<\/p>\n<p>La justicia deber\u00eda tener en este caso, adem\u00e1s, una funci\u00f3n reparadora, que se posicione y d\u00e9 una respuesta a estxs ni\u00f1xs que fueron violentados en su integridad f\u00edsica, ps\u00edquica, y en sus derechos m\u00e1s b\u00e1sicos. En lugar de esto, relativiza su palabra y lxs revictimiza, profundizando su situaci\u00f3n de vulnerabilidad y de dificultad de acceso al sistema judicial.<\/p>\n<p>El relato de Florencia conmueve cuando nos dice, \u00ablos relatos de los ni\u00f1os son contundentes. Imag\u00ednense esos ni\u00f1os, tan chiquitos, hab\u00eda muchos que se hac\u00edan pis del miedo, entre otras cosas\u00bb. Mar\u00eda contin\u00faa, \u00abhay chicos que demoraron meses en poder hablar, porque estaban sometidos a amenaza de muerte, el profesor les dec\u00eda que si ellos hablaban de este secreto los iban a matar, que nos iban a matar a nosotros los padres, que \u00e9l sab\u00eda d\u00f3nde viv\u00edamos\u00bb.<br \/>\nTambi\u00e9n hay un importante cuestionamiento a la instituci\u00f3n: \u00abla puerta de la sala donde ocurr\u00eda la mayor parte de los abusos est\u00e1 al frente de la puerta de la direcci\u00f3n y resulta sospechoso tambi\u00e9n esta actitud que tiene la escuela tambi\u00e9n de ocultar todo, una escuela tiene la responsabilidad legal de cuidar los ni\u00f1os que est\u00e1n a su cargo durante el horario escolar. Y aqu\u00ed, no solamente que no los cuidaron, sino que despu\u00e9s, cuando en teor\u00eda se enteran (&#8230;) no cuidan a los ni\u00f1os que todav\u00eda quedan ah\u00ed adentro, no informan a las familias de lo que pas\u00f3, todo el tiempo minimizan lo que ocurri\u00f3, dicen que est\u00e1 en manos de la justicia\u00bb.<\/p>\n<p>Un sistema judicial que ha demostrado no tener el compromiso necesario, afirma Mar\u00eda cuando detalla que \u00ablas diecis\u00e9is denuncias ahora, antes de la feria, las mand\u00f3 a pedir Fiscal\u00eda General, no sabemos los motivos. S\u00ed sabemos que antes de la feria, la fiscal\u00eda hab\u00eda ordenado archivar una de las causas y ayer lamentablemente nos enteramos de que mandaron a archivar otra causa m\u00e1s. Los motivos del archivo es falta de pruebas, cuando en realidad todos los abusos est\u00e1n constatados por profesionales de los menores.\u00bb Por eso, explica, \u00ables agradecemos el espacio, porque si la justicia de alguna manera tapa, la escuela tapa, el ministerio tapa, todos tapan, agradecemos muchos a los espacios como ustedes que nos habilitan la voz y hace que un poco esto pueda llegar a las familias\u00bb.<\/p>\n<p><strong>A.S.I.: indicadores a tener en cuenta<\/strong><\/p>\n<p>Mar\u00eda y Florencia comparten algunos de los indicadores a tener en cuenta para detectar casos de abuso. Nos explican que la actitud principal es &#8220;la escucha de los padres, el habilitar la voz del ni\u00f1os o sus dibujos -dibujos con caras tristes, o con la boca por ejemplo como una cruz de que ah\u00ed hab\u00eda un secreto, de que no se pod\u00eda hablar, las partes genitales siempre ocultas o tachadas-, pero lo principal es estar atentos, escuchar. Como pap\u00e1s, ser\u00eda ese el mensaje, sabiendo que uno de cada cuatro ni\u00f1os en Am\u00e9rica Latina y en Argentina tambi\u00e9n, sufre alg\u00fan tipo de abuso\u00bb.<br \/>\n\u00abAlgunos s\u00edntomas -contin\u00faa Florencia- de que los ni\u00f1os estaban atravesando por una situaci\u00f3n traum\u00e1tica en un principio se confundieron con otras situaciones, porque son berrinches, porque tienen regresiones los ni\u00f1os, quiz\u00e1s ya controlan esf\u00ednteres y vuelven a no controlarlos, pesadillas nocturnas muy reiteradas&#8230; que uno dice bueno, es propio de la edad. Pero no, no es normal que un ni\u00f1o tenga todas las noches pesadillas, si un ni\u00f1o tiene estas regresiones, empieza a hablar como un beb\u00e9, por ejemplo, o tiene berrinches muy notables, muy fuertes (&#8230;)\u00a0 Tambi\u00e9n hay que decir que esos s\u00edntomas aparecen los primeros quince, veinte d\u00edas de abuso. Al ser sistem\u00e1tico, luego van desapareciendo. De all\u00ed que cuando los ni\u00f1o son muy peque\u00f1os, quiz\u00e1s hasta se disocian, no pueden hablar de esto. M\u00e1s estas amenazas a las que eran sometidos. Los chicos, cuando les pregunt\u00e1bamos, se enojaban, porque no quer\u00edan hablar porque el profesor los hab\u00eda amenazado de muerte. Entonces la recomendaci\u00f3n b\u00e1sica y la primera de los especialistas fue sacarlos de la escuela, porque all\u00ed mientras os abusos sucedieran iban a estar traumatizados\u00bb.<\/p>\n<p>Mar\u00eda nos dice, \u00ab:en mi caso, puntualmente (&#8230;) mi hija me hac\u00eda muchas preguntas acerca de la muerte, por ah\u00ed vos dec\u00eds que es parte de la evoluci\u00f3n del chico que tenga curiosidad o ciertos temores, pero un temor muy fuerte a la muerte y preguntas muy relacionadas a qu\u00e9 iba a ser de ella si nosotros nos mor\u00edamos (&#8230;) Empezamos a ver que realmente ameritaba empezar a hacer una consulta con un especialista en abuso. Y este especialista nos habl\u00f3 de que no es tan f\u00e1cil, que es largo el proceso, porque siempre el abuso se maneja en el marco del secreto y de las amenazas, entonces el menos primero tiene que superar toda esta amenaza para poder despu\u00e9s hablar\u00bb.<\/p>\n<hr \/>\n<p><strong>Colectivo ni un ni\u00f1o m\u00e1s<\/strong><\/p>\n<p>Correo electr\u00f3nico: niunninomas@gmail.com<\/p>\n<p>Tw: <a href=\"https:\/\/twitter.com\/niunninomas16\">@niunninomas16<\/a><\/p>\n<p>Blog: <a href=\"http:\/\/niunninomas.blogdiario.com\/\">niunninomas.blogdiario.com<\/a><\/p>\n<p>Celular (sin wp): 351 153578655<\/p>\n<div class='share-to-whatsapp-wrapper'><div class='share-on-whsp'>Share on: <\/div><div class='clear '><\/div><\/div>","protected":false},"excerpt":{"rendered":"<p>El pasado mi\u00e9rcoles 27 de julio, los estudios cordobeses del programa Enredando las Ma\u00f1anas abrieron los micr\u00f3fonos para romper el silencio que rodea la realidad del abuso sexual infantil. Mar\u00eda y Florencia forman parte del colectivo \u00abNi un ni\u00f1o m\u00e1s&#8221;, un espacio integrado por madres y padres de ni\u00f1os y ni\u00f1as que asist\u00edan a un [&hellip;]<\/p>\n","protected":false},"author":2,"featured_media":1173,"comment_status":"open","ping_status":"open","sticky":false,"template":"","format":"standard","meta":{"footnotes":""},"categories":[18],"tags":[321],"class_list":["post-1171","post","type-post","status-publish","format-standard","has-post-thumbnail","hentry","category-elm","tag-colectivo-ni-un-nino-mas"],"_links":{"self":[{"href":"https:\/\/zumbalaturba.com.ar\/index.php?rest_route=\/wp\/v2\/posts\/1171","targetHints":{"allow":["GET"]}}],"collection":[{"href":"https:\/\/zumbalaturba.com.ar\/index.php?rest_route=\/wp\/v2\/posts"}],"about":[{"href":"https:\/\/zumbalaturba.com.ar\/index.php?rest_route=\/wp\/v2\/types\/post"}],"author":[{"embeddable":true,"href":"https:\/\/zumbalaturba.com.ar\/index.php?rest_route=\/wp\/v2\/users\/2"}],"replies":[{"embeddable":true,"href":"https:\/\/zumbalaturba.com.ar\/index.php?rest_route=%2Fwp%2Fv2%2Fcomments&post=1171"}],"version-history":[{"count":0,"href":"https:\/\/zumbalaturba.com.ar\/index.php?rest_route=\/wp\/v2\/posts\/1171\/revisions"}],"wp:featuredmedia":[{"embeddable":true,"href":"https:\/\/zumbalaturba.com.ar\/index.php?rest_route=\/wp\/v2\/media\/1173"}],"wp:attachment":[{"href":"https:\/\/zumbalaturba.com.ar\/index.php?rest_route=%2Fwp%2Fv2%2Fmedia&parent=1171"}],"wp:term":[{"taxonomy":"category","embeddable":true,"href":"https:\/\/zumbalaturba.com.ar\/index.php?rest_route=%2Fwp%2Fv2%2Fcategories&post=1171"},{"taxonomy":"post_tag","embeddable":true,"href":"https:\/\/zumbalaturba.com.ar\/index.php?rest_route=%2Fwp%2Fv2%2Ftags&post=1171"}],"curies":[{"name":"wp","href":"https:\/\/api.w.org\/{rel}","templated":true}]}}