{"id":1215,"date":"2016-08-05T12:59:48","date_gmt":"2016-08-05T12:59:48","guid":{"rendered":"http:\/\/zumbalaturba.com.ar\/?p=1215"},"modified":"2016-08-05T13:02:34","modified_gmt":"2016-08-05T13:02:34","slug":"historico-pedido-de-devolucion-de-territorio-kamichingon","status":"publish","type":"post","link":"https:\/\/zumbalaturba.com.ar\/?p=1215","title":{"rendered":"Hist\u00f3rico pedido de devoluci\u00f3n de territorio kamiching\u00f3n"},"content":{"rendered":"<div id=\"main\">\n<div id=\"content-container\">\n<div id=\"content\">\n<p>Por C\u00f3rdoba Originaria \/ La <a href=\"https:\/\/www.facebook.com\/PUEBLO-DE-LA-TOMA-146476038702439\/?fref=ts\" target=\"_blank\">comunidad originaria de La Toma<\/a> de barrio Alberdi y Alto Alberdi entreg\u00f3 este jueves en Casa de Gobierno un documento para solicitar la devoluci\u00f3n de parte de su territorio ancestral y una audiencia con el gobernador.\u00a0Estuvieron acompa\u00f1adxs por comunidades y organizaciones sociales. En C\u00f3rdoba no existe territorio ind\u00edgena reconocido por el estado provincial.<\/p>\n<div class=\"post-wrapper clear-block post-417 post type-post status-publish format-standard hentry category-comunidades-de-cordoba category-la-toma category-noticias tag-casona tag-cordoba-originaria tag-la-toma tag-leon-pinelo tag-pueblo-comechingon tag-territorio\">\n<div class=\"entry clear-block\">\n<p>Esta semana crecieron las versiones que apuntan\u00a0que la multinacional Monsanto fue derrotada definitivamente en la localidad de Malvinas Argentinas. Victoria en defensa de los territorios, de la madre tierra.\u00a0Ahora es el turno de los pueblos originarios de C\u00f3rdoba. Es que ayer la Comunidad comeching\u00f3n del Pueblo de la Toma puso el grito para pedir que se le devuelva parte de su territorio ancestral.<\/p>\n<p>Espacio-tiempo de la Pachamama. Diez de la ma\u00f1ana del d\u00eda jueves 04 de Agosto. Ind\u00edgenas, originarios, abor\u00edgenes comenzaron a reunirse en la explanada de la Casa de Gobierno de C\u00f3rdoba, acompa\u00f1adxs por organizaciones sociales y asambleas como Malvinas Lucha Por la Vida, Defendamos Alberdi, Centro Vecinal Alberdi, AMMAR, C\u00f3rdoba Originaria, Instituto de Culturas Abor\u00edgenes (ICA), Encuentro de Organizaciones (EO), la Mesa de Pueblos Ind\u00edgenas de Argentina, entre otrxs. \u00a0All\u00ed, se entreg\u00f3 un documento en Mesa de Entrada con un pedido de audiencia al gobernador Juan Schiaretti. A su vez, se mantuvo un di\u00e1logo con funcionarios provinciales.<\/p>\n<p><strong>Historia de despojos<\/strong><\/p>\n<p>Desde el siglo XIX la comunidad vivi\u00f3 distintos momentos de despojo de su territorio comunitario a trav\u00e9s de decretos y represi\u00f3n policial. La \u00faltima fue la expropiaci\u00f3n de la casa del curaca Belisario Villafa\u00f1e durante la \u00faltima dictadura c\u00edvico-militar, una vieja casona ubicada en la calle Le\u00f3n Pinelo 32 del barrio Alto Alberdi. All\u00ed funcion\u00f3 por varios a\u00f1os la Comisar\u00eda 11 y hoy es un dep\u00f3sito que la polic\u00eda de vez en cuando entra a dejar cajas.<\/p>\n<p>E<a href=\"https:\/\/cordobaoriginaria.files.wordpress.com\/2016\/08\/dsc_0635.jpg\"><img fetchpriority=\"high\" decoding=\"async\" class=\"alignright\" src=\"https:\/\/cordobaoriginaria.files.wordpress.com\/2016\/08\/dsc_0635.jpg?w=300&amp;h=201\" alt=\"DSC_0635\" width=\"300\" height=\"201\" \/><\/a>ste pedazo de territorio es lo que la comunidad pide que se le restituya, como parte de la reparaci\u00f3n de la deuda hist\u00f3rica que los gobiernos provinciales mantienen con los pueblos ind\u00edgenas.<\/p>\n<p>\u201cTenemos que ir paso a paso y pedir que esa casa vuelva a la comunidad, no para una familia, no para un comunero, sino para todxs de La Toma. Somos muchxs y podemos hacer grandes cosas si nos devuelven ese territorio\u201d, explic\u00f3\u00a0Teresita Villafa\u00f1e, curaca \u2013autoridad- originaria de la comunidad.<\/p>\n<p>Luego tom\u00f3 la palabra Dante, integrante de la conducci\u00f3n del Centro Vecinal Alberdi: \u201cEn esta lucha conocimos nuestras ra\u00edces y por eso es importante unirnos. Esto significa que nuestra pelea no es s\u00f3lo pasado tambi\u00e9n es presente y futuro. Debemos recuperar nuestros espacios, defender los s\u00edmbolos hist\u00f3ricos del barrio. Por eso, como vecinxs es importante que sigamos en este camino de construir identidad y le pedimos al gobernador que no entregue esa casa a los negocios desarrollistas\u201d.<\/p>\n<p>El Inti (Sol) se posiciona casi por encima de los cuerpos presentes. Ilumina las voces de sus hijxs y acompa\u00f1a a lxs curacas a entregar el petitorio por Mesa de Entrada. Acompa\u00f1an a las autoridades de la comunidad lxs abogadxs del espacio jur\u00eddico Deodoro Roca.<\/p>\n<p>Mientras tanto, afuera, lxs luchadorxs continuaron con la toma de la palabra. \u201cYo me enter\u00e9 hace cuatro a\u00f1os que pertenezco a los pueblos originarios y supe que deb\u00eda estar presente en esta lucha. Tenemos que salir a concientizar a la ciudadan\u00eda de C\u00f3rdoba porque no s\u00f3lo ignora a sus pueblos originarios sino tambi\u00e9n la lucha contra Monsanto. Hoy logramos que Monsanto se vaya de Malvinas y esto es gracias a todxs ustedes por eso debemos mantenernos unidxs, las comunidades, las organizaciones, tenemos que caminar todxs juntxs\u201d, dijo\u00a0Ester Quispe, vecina e integrante de la Asamblea Malvinas Lucha Por la Vida.<\/p>\n<p><a href=\"https:\/\/cordobaoriginaria.files.wordpress.com\/2016\/08\/dsc_0596.jpg\"><img decoding=\"async\" class=\"alignright\" src=\"https:\/\/cordobaoriginaria.files.wordpress.com\/2016\/08\/dsc_0596.jpg?w=300&amp;h=201\" alt=\"DSC_0596\" width=\"300\" height=\"201\" \/><\/a>Finalmente, Teresa Saravia integrante del Instituto de Culturas Abor\u00edgenes manifest\u00f3\u00a0que la lucha por la recuperaci\u00f3n de la casa es una acci\u00f3n en la cual todxs deben involucrarse. \u201cTenemos que multiplicar. Este es un momento hist\u00f3rico porque entre todxs acabamos de quebrarles el negocio, nosotrxs tenemos que impedir que eso se haga realidad. Por eso debemos sumarnos porque al igual que lo que pas\u00f3 con Monsanto, es el pueblo el que lucha. Cuantos m\u00e1s seamos menos posibilidad van a tener de vender nuestros territorios, nuestro barrio\u201d.<\/p>\n<p>Este viernes\u00a0a las 15, la comunidad realizar\u00e1 una ceremonia en la puerta de la \u201cCasona\u201d (calle Le\u00f3n Pinelo 32) para visibilizar el territorio e invitan a participar.<\/p>\n<p>Fotograf\u00eda: Fernando Bord\u00f3n\/ <a href=\"http:\/\/www.latinta.com.ar\">latinta<\/a><\/p>\n<\/div>\n<\/div>\n<\/div>\n<\/div>\n<\/div>\n<div class='share-to-whatsapp-wrapper'><div class='share-on-whsp'>Share on: <\/div><div class='clear '><\/div><\/div>","protected":false},"excerpt":{"rendered":"<p>Por C\u00f3rdoba Originaria \/ La comunidad originaria de La Toma de barrio Alberdi y Alto Alberdi entreg\u00f3 este jueves en Casa de Gobierno un documento para solicitar la devoluci\u00f3n de parte de su territorio ancestral y una audiencia con el gobernador.\u00a0Estuvieron acompa\u00f1adxs por comunidades y organizaciones sociales. En C\u00f3rdoba no existe territorio ind\u00edgena reconocido por [&hellip;]<\/p>\n","protected":false},"author":2,"featured_media":1216,"comment_status":"open","ping_status":"open","sticky":false,"template":"","format":"standard","meta":{"footnotes":""},"categories":[39],"tags":[],"class_list":["post-1215","post","type-post","status-publish","format-standard","has-post-thumbnail","hentry","category-cordoba-originaria"],"_links":{"self":[{"href":"https:\/\/zumbalaturba.com.ar\/index.php?rest_route=\/wp\/v2\/posts\/1215","targetHints":{"allow":["GET"]}}],"collection":[{"href":"https:\/\/zumbalaturba.com.ar\/index.php?rest_route=\/wp\/v2\/posts"}],"about":[{"href":"https:\/\/zumbalaturba.com.ar\/index.php?rest_route=\/wp\/v2\/types\/post"}],"author":[{"embeddable":true,"href":"https:\/\/zumbalaturba.com.ar\/index.php?rest_route=\/wp\/v2\/users\/2"}],"replies":[{"embeddable":true,"href":"https:\/\/zumbalaturba.com.ar\/index.php?rest_route=%2Fwp%2Fv2%2Fcomments&post=1215"}],"version-history":[{"count":0,"href":"https:\/\/zumbalaturba.com.ar\/index.php?rest_route=\/wp\/v2\/posts\/1215\/revisions"}],"wp:featuredmedia":[{"embeddable":true,"href":"https:\/\/zumbalaturba.com.ar\/index.php?rest_route=\/wp\/v2\/media\/1216"}],"wp:attachment":[{"href":"https:\/\/zumbalaturba.com.ar\/index.php?rest_route=%2Fwp%2Fv2%2Fmedia&parent=1215"}],"wp:term":[{"taxonomy":"category","embeddable":true,"href":"https:\/\/zumbalaturba.com.ar\/index.php?rest_route=%2Fwp%2Fv2%2Fcategories&post=1215"},{"taxonomy":"post_tag","embeddable":true,"href":"https:\/\/zumbalaturba.com.ar\/index.php?rest_route=%2Fwp%2Fv2%2Ftags&post=1215"}],"curies":[{"name":"wp","href":"https:\/\/api.w.org\/{rel}","templated":true}]}}