{"id":127,"date":"2015-07-28T03:21:00","date_gmt":"2015-07-28T03:21:00","guid":{"rendered":"http:\/\/zumbalaturba.com.ar\/2015\/07\/28\/voces-en-la-movilizacion-por-justicia-por-el-asesinato-transfobico-de-laura-moyano\/"},"modified":"2015-07-28T03:21:00","modified_gmt":"2015-07-28T03:21:00","slug":"voces-en-la-movilizacion-por-justicia-por-el-asesinato-transfobico-de-laura-moyano","status":"publish","type":"post","link":"https:\/\/zumbalaturba.com.ar\/?p=127","title":{"rendered":"Voces en la movilizaci\u00f3n por justicia por el asesinato transf\u00f3bico de Laura Moyano"},"content":{"rendered":"<div style=\"clear: both; text-align: center;\"><a href=\"http:\/\/2.bp.blogspot.com\/-wNNodejbzso\/Vbb04qIJ-9I\/AAAAAAAACL0\/XwxVxiWaNA4\/s1600\/DSCN8546.JPG\" style=\"clear: right; float: right; margin-bottom: 1em; margin-left: 1em;\"><img fetchpriority=\"high\" decoding=\"async\" border=\"0\" height=\"240\" src=\"http:\/\/2.bp.blogspot.com\/-wNNodejbzso\/Vbb04qIJ-9I\/AAAAAAAACL0\/XwxVxiWaNA4\/s320\/DSCN8546.JPG\" width=\"320\" \/><\/a><\/div>\n<p><b>Laura, Valeria y otras amigas y compa\u00f1eras de Laura Moyano <\/b>dan testimonio de c\u00f3mo era Laura, del papel que juega la polic\u00eda de la zona y de la situaci\u00f3n que viven, <b>en la movilizaci\u00f3n que parti\u00f3 en la tarde del 27 de julio del centro de salud de Villa 9 de julio<\/b>.<\/p>\n<p><b>Algunos fragmentos de sus voces. Toda la claridad.<\/b><\/p>\n<p><iframe width=\"100%\" height=\"200\" frameborder=\"0\" allowfullscreen=\"\" scrolling=\"no\" src=\"http:\/\/www.ivoox.com\/player_ej_5384963_2_1.html?data=lpillp6ad46ZmKiakpmJd6Kpk5KSmaiRdo6ZmKiakpKJe6ShkZKSmaiRmtDXxtiYx9OPsMKfztTjy9HercLXytTbjdXTtozAwtrfw5KJe6Shs8bRy9SPntbhw8aYzsaPmNbmw8aah5yncZU%3D&#038;\"><\/iframe><\/p>\n<p>&#8220;El comisario no se hace cargo de esto, nadie vio nada. Tenemos comp\u00f1aeras que trabajuan en esta zona que son maltratadas, que les roban, que son violadas, y lamentablemente no pueden decir nada porque no son cualquier agente, son oficiales, tienen peso. Entonces nosotras los denunciamos, ellos perder\u00e1n su trabajo. Pero a la larga o a la corta, nos encuentran y nos matan. Y volvemos a la \u00e9poca de antes, cuando nos mataban, nos acribillaban, y nadie hac\u00eda nada. Por eso queremos justicia, porque estamos cansadas de que por ser travestis, por nuestra condici\u00f3n, nadie hace nada.&#8221;<\/p>\n<p>&#8220;La movilizaci\u00f3n de hoy fue hermosa, ves que toda la gente la ama. Todal a gente la ama porque es una persona muy humilde, muy buena, no exist\u00eda maldad en ella. Ella era muy humilde, trabajaba en la calle, ella ped\u00eda. Pero toda la gente la amaba, porque ella lo que ten\u00eda, se lo daba a los dem\u00e1s.&#8221; <\/p>\n<p>&#8220;Todas trabajan ac\u00e1, los polic\u00edas se tienen que hacer responsables de esto, porque no puede ser que una persona a las 9 de la ma\u00f1ana le hagan lo que le hicieron a la compa\u00f1era Laura. El comisario tiene que hacerse cargo.&#8221;<\/p>\n<p>&#8220;A todos los polic\u00edas de ac\u00e1 los cambiaron hace un tiempo y los oficiales, que son todos j\u00f3venes, reci\u00e9n egresan del colegio de polic\u00edas, se abusan de las chicas, y utilizan la investidura que les da la provincia para uso propio, para abuso de autoridad. La utilizan para delinquir, para cambiar sexo, porque si no te amenazan que te van a llevar detenida.<br \/>A una compa\u00f1era ac\u00e1 la violaron seis polic\u00edas, ella no se anim\u00f3 a hacer la denuncia y se fue porque le pegaron, la violaron y le robaron. Eso antes no exist\u00eda antes, no pasaba ac\u00e1. Estamos hablando de la polic\u00eda de la provincia de C\u00f3rdoba.&#8221;<\/p>\n<p>&#8220;Hay gente ac\u00e1 que comenta que Laura ped\u00eda por favor que la ayuden, le sacaron fotograf\u00edas, le hicieron un video, \u00bfen que\u00e9 cabeza racional cabe que la puedan filmar al asesinarla? De pedir auxilio y que nadie&#8230; porque nosotros somos discriminados por todos los vecinos, porque nos venimos a parar, porque no tenemos el apoyo ni de DDHH, ni del gobierno, ni de nadie. Y nos venimos a parar ac\u00e1 porque tenemos necesidades, porque no vivimos del aire. Y los vecinos que nos apuntan dedo a dedo cuando nos ven de noche, \u00bfpor qu\u00e9 no apuntaron a Laura cuando necesiraba ayuda y nadie la ayud\u00f3? Nadie la socorri\u00f3. Y si no se animaban, llamar a la polic\u00eda y decir que est\u00e1n amtando a una persoa, le est\u00e1n haciendo da\u00f1o a una persona. Porque a pesar de su orientaci\u00f3n sexual, es una persona, es un ser humano.&#8221;<\/p>\n<p>&#8220;Una persona que ha cometido un acto as\u00ed, lo hace con cualquiera, no solo con una chica trans. est\u00e1n en peligrto todos, est\u00e1n en pelilgro los hijos, las hijas. Mientras&nbsp; nosotros estamos ac\u00e1, el culpable est\u00e1 entre medio de todos. Lamentablemente es as\u00ed.&#8221;<\/p>\n<p>&#8220;Estoy con vida para contarlo, pero esto podr\u00eda haber sido ella, podr\u00eda haber sido yo. Esto me da miedo.&#8221;<\/p>\n<div class='share-to-whatsapp-wrapper'><div class='share-on-whsp'>Share on: <\/div><div class='clear '><\/div><\/div>","protected":false},"excerpt":{"rendered":"<p>Laura, Valeria y otras amigas y compa\u00f1eras de Laura Moyano dan testimonio de c\u00f3mo era Laura, del papel que juega la polic\u00eda de la zona y de la situaci\u00f3n que viven, en la movilizaci\u00f3n que parti\u00f3 en la tarde del 27 de julio del centro de salud de Villa 9 de julio. Algunos fragmentos de [&hellip;]<\/p>\n","protected":false},"author":2,"featured_media":0,"comment_status":"open","ping_status":"open","sticky":false,"template":"","format":"standard","meta":{"footnotes":""},"categories":[5],"tags":[26],"class_list":["post-127","post","type-post","status-publish","format-standard","hentry","category-transfeminismos","tag-feminicidio"],"_links":{"self":[{"href":"https:\/\/zumbalaturba.com.ar\/index.php?rest_route=\/wp\/v2\/posts\/127","targetHints":{"allow":["GET"]}}],"collection":[{"href":"https:\/\/zumbalaturba.com.ar\/index.php?rest_route=\/wp\/v2\/posts"}],"about":[{"href":"https:\/\/zumbalaturba.com.ar\/index.php?rest_route=\/wp\/v2\/types\/post"}],"author":[{"embeddable":true,"href":"https:\/\/zumbalaturba.com.ar\/index.php?rest_route=\/wp\/v2\/users\/2"}],"replies":[{"embeddable":true,"href":"https:\/\/zumbalaturba.com.ar\/index.php?rest_route=%2Fwp%2Fv2%2Fcomments&post=127"}],"version-history":[{"count":0,"href":"https:\/\/zumbalaturba.com.ar\/index.php?rest_route=\/wp\/v2\/posts\/127\/revisions"}],"wp:attachment":[{"href":"https:\/\/zumbalaturba.com.ar\/index.php?rest_route=%2Fwp%2Fv2%2Fmedia&parent=127"}],"wp:term":[{"taxonomy":"category","embeddable":true,"href":"https:\/\/zumbalaturba.com.ar\/index.php?rest_route=%2Fwp%2Fv2%2Fcategories&post=127"},{"taxonomy":"post_tag","embeddable":true,"href":"https:\/\/zumbalaturba.com.ar\/index.php?rest_route=%2Fwp%2Fv2%2Ftags&post=127"}],"curies":[{"name":"wp","href":"https:\/\/api.w.org\/{rel}","templated":true}]}}