{"id":1272,"date":"2016-08-14T23:17:09","date_gmt":"2016-08-14T23:17:09","guid":{"rendered":"http:\/\/zumbalaturba.com.ar\/?p=1272"},"modified":"2016-08-14T23:17:09","modified_gmt":"2016-08-14T23:17:09","slug":"clapton-mehldau-raymond-macmorrin-y-el-jazz-de-salta-en-la-nota-azul","status":"publish","type":"post","link":"https:\/\/zumbalaturba.com.ar\/?p=1272","title":{"rendered":"Clapton, Mehldau, Raymond MacMorrin y el jazz de Salta en La Nota Azul"},"content":{"rendered":"<p>Este programa N\u00b0 70 de <a href=\"https:\/\/www.facebook.com\/lanotaazulradio\/\">La Nota Azul<\/a>, el programa de jazz y blues de radio Zumba La Turba, propone un recorrido por algunas novedades discogr\u00e1ficas de este a\u00f1o y por diversas sonoridades.<br \/>\nAbrimos con el \u00faltimo disco de Eric Clapton: &#8220;I Still Do&#8221;, un trabajo en el que el gran guitarrista remarca las ra\u00edces bluseras de su m\u00fasica. Luego, otra novedad: el disco &#8220;Blues and Ballads&#8221; del Brad Mehldau Trio. Adem\u00e1s, adelantamos el pr\u00f3ximo concierto de la pianista japonesa Hiromi Uehara en el Teatro Coliseo de Buenos Aires el 1\u00b0 de octubre y escuchamos algo de su disco Hiromi\u2019s Sonicbloom Beyond Standard del a\u00f1o 2008: st\u00e1ndars de jazz a trav\u00e9s del matiz del piano de Hiromi.\u00a0Tambi\u00e9n presentamos a Raymond McMorrin y su \u00e1lbum Raymack de este a\u00f1o 2016.<\/p>\n<p>En el Jazz Federal Club adelantamos algo de lo que ser\u00e1 el documental &#8220;Ese Swing que tiene mi Estilo&#8221;, sobre el jazz de la provincia de Salta, y escuchamos a River People. Luego el segmento Jazz En La Tele trae Branded to Kill (1967) dirigida por \u202aSeijun Suzuki\u202c. Y cerramos\u00a0con el soul de Curtis Mayfield y Superfly.<\/p>\n<div id='gallery-1' class='gallery galleryid-1272 gallery-columns-3 gallery-size-thumbnail'><figure class='gallery-item'>\n\t\t\t<div class='gallery-icon landscape'>\n\t\t\t\t<a href='https:\/\/zumbalaturba.com.ar\/?attachment_id=1274'><img decoding=\"async\" width=\"90\" height=\"68\" src=\"https:\/\/zumbalaturba.com.ar\/wp-content\/uploads\/2016\/08\/eric-clapton-album-i-still-do-90x68.jpg\" class=\"attachment-thumbnail size-thumbnail\" alt=\"\" \/><\/a>\n\t\t\t<\/div><\/figure><figure class='gallery-item'>\n\t\t\t<div class='gallery-icon landscape'>\n\t\t\t\t<a href='https:\/\/zumbalaturba.com.ar\/?attachment_id=1273'><img decoding=\"async\" width=\"90\" height=\"68\" src=\"https:\/\/zumbalaturba.com.ar\/wp-content\/uploads\/2016\/08\/brad-mehldau-90x68.jpg\" class=\"attachment-thumbnail size-thumbnail\" alt=\"\" \/><\/a>\n\t\t\t<\/div><\/figure><figure class='gallery-item'>\n\t\t\t<div class='gallery-icon landscape'>\n\t\t\t\t<a href='https:\/\/zumbalaturba.com.ar\/?attachment_id=1276'><img decoding=\"async\" width=\"90\" height=\"68\" src=\"https:\/\/zumbalaturba.com.ar\/wp-content\/uploads\/2016\/08\/beyond-standard-534c0b1007fb2-90x68.jpg\" class=\"attachment-thumbnail size-thumbnail\" alt=\"\" \/><\/a>\n\t\t\t<\/div><\/figure><figure class='gallery-item'>\n\t\t\t<div class='gallery-icon landscape'>\n\t\t\t\t<a href='https:\/\/zumbalaturba.com.ar\/?attachment_id=1275'><img loading=\"lazy\" decoding=\"async\" width=\"90\" height=\"68\" src=\"https:\/\/zumbalaturba.com.ar\/wp-content\/uploads\/2016\/08\/raymack-90x68.jpg\" class=\"attachment-thumbnail size-thumbnail\" alt=\"\" \/><\/a>\n\t\t\t<\/div><\/figure>\n\t\t<\/div>\n\n<p>Todo eso y mucho m\u00e1s en dos horas de jazz, m\u00fasica y radio.<\/p>\n<p><a href=\"http:\/\/ar.ivoox.com\/es\/nota-azul-13-08-2016-audios-mp3_rf_12543483_1.html\">Audio del programa<\/a>: http:\/\/ar.ivoox.com\/es\/12543483<\/p>\n<div class='share-to-whatsapp-wrapper'><div class='share-on-whsp'>Share on: <\/div><div class='clear '><\/div><\/div>","protected":false},"excerpt":{"rendered":"<p>Este programa N\u00b0 70 de La Nota Azul, el programa de jazz y blues de radio Zumba La Turba, propone un recorrido por algunas novedades discogr\u00e1ficas de este a\u00f1o y por diversas sonoridades. Abrimos con el \u00faltimo disco de Eric Clapton: &#8220;I Still Do&#8221;, un trabajo en el que el gran guitarrista remarca las ra\u00edces [&hellip;]<\/p>\n","protected":false},"author":14,"featured_media":0,"comment_status":"open","ping_status":"open","sticky":false,"template":"","format":"standard","meta":{"footnotes":""},"categories":[261],"tags":[81,334,52,293,305,296,166],"class_list":["post-1272","post","type-post","status-publish","format-standard","hentry","category-la-nota-azul","tag-agenda-cultural","tag-blues","tag-cultura","tag-jazz","tag-jazz-federal-club","tag-la-nota-azul","tag-musica"],"_links":{"self":[{"href":"https:\/\/zumbalaturba.com.ar\/index.php?rest_route=\/wp\/v2\/posts\/1272","targetHints":{"allow":["GET"]}}],"collection":[{"href":"https:\/\/zumbalaturba.com.ar\/index.php?rest_route=\/wp\/v2\/posts"}],"about":[{"href":"https:\/\/zumbalaturba.com.ar\/index.php?rest_route=\/wp\/v2\/types\/post"}],"author":[{"embeddable":true,"href":"https:\/\/zumbalaturba.com.ar\/index.php?rest_route=\/wp\/v2\/users\/14"}],"replies":[{"embeddable":true,"href":"https:\/\/zumbalaturba.com.ar\/index.php?rest_route=%2Fwp%2Fv2%2Fcomments&post=1272"}],"version-history":[{"count":0,"href":"https:\/\/zumbalaturba.com.ar\/index.php?rest_route=\/wp\/v2\/posts\/1272\/revisions"}],"wp:attachment":[{"href":"https:\/\/zumbalaturba.com.ar\/index.php?rest_route=%2Fwp%2Fv2%2Fmedia&parent=1272"}],"wp:term":[{"taxonomy":"category","embeddable":true,"href":"https:\/\/zumbalaturba.com.ar\/index.php?rest_route=%2Fwp%2Fv2%2Fcategories&post=1272"},{"taxonomy":"post_tag","embeddable":true,"href":"https:\/\/zumbalaturba.com.ar\/index.php?rest_route=%2Fwp%2Fv2%2Ftags&post=1272"}],"curies":[{"name":"wp","href":"https:\/\/api.w.org\/{rel}","templated":true}]}}