{"id":1280,"date":"2016-08-17T23:56:24","date_gmt":"2016-08-17T23:56:24","guid":{"rendered":"http:\/\/zumbalaturba.com.ar\/?p=1280"},"modified":"2016-08-17T23:57:27","modified_gmt":"2016-08-17T23:57:27","slug":"invitacion-violencia-hacia-las-mujeres-y-mujeres-organizadas","status":"publish","type":"post","link":"https:\/\/zumbalaturba.com.ar\/?p=1280","title":{"rendered":"Invitaci\u00f3n: Violencia hacia las mujeres y mujeres organizadas"},"content":{"rendered":"<p><img fetchpriority=\"high\" decoding=\"async\" class=\"wp-image-1281 alignleft\" src=\"https:\/\/zumbalaturba.com.ar\/wp-content\/uploads\/2016\/08\/flyer-charla-300x241.jpg\" alt=\"flyer charla\" width=\"454\" height=\"365\" srcset=\"https:\/\/zumbalaturba.com.ar\/wp-content\/uploads\/2016\/08\/flyer-charla-300x241.jpg 300w, https:\/\/zumbalaturba.com.ar\/wp-content\/uploads\/2016\/08\/flyer-charla-768x616.jpg 768w, https:\/\/zumbalaturba.com.ar\/wp-content\/uploads\/2016\/08\/flyer-charla.jpg 960w\" sizes=\"(max-width: 454px) 100vw, 454px\" \/><\/p>\n<p>Desde la organizaci\u00f3n estudiantil Cutral-C\u00f3, nos invitan a participar de este espacio de conversaci\u00f3n e intercambio aportando nuestra mirada desde la comunicaci\u00f3n alternativa, rumbo al Encuentro Nacional de Mujeres:<\/p>\n<p><span class=\"_4n-j fsl\">Este jueves comenzamos nuestras actividades camino al 31\u00b0 Encuentro Nacional de Mujeres. Enmarcado en el ciclo \u201c\u00bfC\u00f3mo analizamos nuestra realidad social hoy? Repensando la actualidad de las mujeres cordobesas desde la universidad\u201d, el primer encuentro nos convoca bajo el eje \u201cViolencia hacia las mujeres y mujeres organizadas: actualidad en C\u00f3rdoba\u201d.<\/span><\/p>\n<p>En este, proponemos discutir la situaci\u00f3n actual en nuestra ciudad con respecto a la violencia que sufrimos las mujeres y las distintas herramientas, espacios, que construimos como movimiento organizado para acompa\u00f1arnos, intervenir, visibilizar y concientizar en torno a esta realidad.<\/p>\n<p>Para esto, nos acompa\u00f1aran desde:<br \/>\n**Espacio de mujeres, Patria Grande en Vil<span class=\"text_exposed_show\">la Ciudad Oculta: c\u00f3mo se vive la violencia hacia las mujeres en los barrios y los Espacios de Mujeres para encontrarse entre vecinas, discutir, concientizarse.<br \/>\n**Mujeres en Marcha, Hospital Principe de Asturias (Villa el Libertador): qu\u00e9 sucede en las instituciones, c\u00f3mo surgen estos espacios y cu\u00e1les son los aportes que realizan a las mujeres que los transitan.<br \/>\n**Mala Junta: la construcci\u00f3n del Protocolo de Acci\u00f3n y Prevenci\u00f3n en casos de Violencia hacia la Mujer: impactos y aportes. \u00bfPor qu\u00e9 trabajamos este eje de cara al ENM?<br \/>\n**Radio Zumba La Turba: (in)- comunicaci\u00f3n en torno a la violencia hacia la mujer: aportes de la comunicaci\u00f3n para visibilizar esta realidad social, desaf\u00edos para construir otras formas de comunicaci\u00f3n.<\/span><\/p>\n<p>La cita es en 25 de mayo al 1040-<br \/>\n\u00a1\u00a1Lxs esperamos a todxs lxs interesadxs a participar en este primer encuentro!!<\/p>\n<div class='share-to-whatsapp-wrapper'><div class='share-on-whsp'>Share on: <\/div><div class='clear '><\/div><\/div>","protected":false},"excerpt":{"rendered":"<p>Desde la organizaci\u00f3n estudiantil Cutral-C\u00f3, nos invitan a participar de este espacio de conversaci\u00f3n e intercambio aportando nuestra mirada desde la comunicaci\u00f3n alternativa, rumbo al Encuentro Nacional de Mujeres: Este jueves comenzamos nuestras actividades camino al 31\u00b0 Encuentro Nacional de Mujeres. Enmarcado en el ciclo \u201c\u00bfC\u00f3mo analizamos nuestra realidad social hoy? Repensando la actualidad de [&hellip;]<\/p>\n","protected":false},"author":6,"featured_media":1281,"comment_status":"open","ping_status":"open","sticky":false,"template":"","format":"standard","meta":{"footnotes":""},"categories":[5],"tags":[7,335,94],"class_list":["post-1280","post","type-post","status-publish","format-standard","has-post-thumbnail","hentry","category-transfeminismos","tag-feminismos","tag-generos","tag-violencia"],"_links":{"self":[{"href":"https:\/\/zumbalaturba.com.ar\/index.php?rest_route=\/wp\/v2\/posts\/1280","targetHints":{"allow":["GET"]}}],"collection":[{"href":"https:\/\/zumbalaturba.com.ar\/index.php?rest_route=\/wp\/v2\/posts"}],"about":[{"href":"https:\/\/zumbalaturba.com.ar\/index.php?rest_route=\/wp\/v2\/types\/post"}],"author":[{"embeddable":true,"href":"https:\/\/zumbalaturba.com.ar\/index.php?rest_route=\/wp\/v2\/users\/6"}],"replies":[{"embeddable":true,"href":"https:\/\/zumbalaturba.com.ar\/index.php?rest_route=%2Fwp%2Fv2%2Fcomments&post=1280"}],"version-history":[{"count":0,"href":"https:\/\/zumbalaturba.com.ar\/index.php?rest_route=\/wp\/v2\/posts\/1280\/revisions"}],"wp:featuredmedia":[{"embeddable":true,"href":"https:\/\/zumbalaturba.com.ar\/index.php?rest_route=\/wp\/v2\/media\/1281"}],"wp:attachment":[{"href":"https:\/\/zumbalaturba.com.ar\/index.php?rest_route=%2Fwp%2Fv2%2Fmedia&parent=1280"}],"wp:term":[{"taxonomy":"category","embeddable":true,"href":"https:\/\/zumbalaturba.com.ar\/index.php?rest_route=%2Fwp%2Fv2%2Fcategories&post=1280"},{"taxonomy":"post_tag","embeddable":true,"href":"https:\/\/zumbalaturba.com.ar\/index.php?rest_route=%2Fwp%2Fv2%2Ftags&post=1280"}],"curies":[{"name":"wp","href":"https:\/\/api.w.org\/{rel}","templated":true}]}}