{"id":1285,"date":"2016-08-18T00:15:06","date_gmt":"2016-08-18T00:15:06","guid":{"rendered":"http:\/\/zumbalaturba.com.ar\/?p=1285"},"modified":"2016-08-18T00:20:43","modified_gmt":"2016-08-18T00:20:43","slug":"v-encuentro-de-varones-antipatriarcales-poner-el-cuerpo","status":"publish","type":"post","link":"https:\/\/zumbalaturba.com.ar\/?p=1285","title":{"rendered":"V Encuentro de Varones Antipatriarcales&#8230; poner el cuerpo"},"content":{"rendered":"<p><span class=\"fbPhotoCaptionText\"><img fetchpriority=\"high\" decoding=\"async\" class=\"size-medium wp-image-1286 alignright\" src=\"https:\/\/zumbalaturba.com.ar\/wp-content\/uploads\/2016\/08\/elva-2-300x225.jpg\" alt=\"elva 2\" width=\"300\" height=\"225\" srcset=\"https:\/\/zumbalaturba.com.ar\/wp-content\/uploads\/2016\/08\/elva-2-300x225.jpg 300w, https:\/\/zumbalaturba.com.ar\/wp-content\/uploads\/2016\/08\/elva-2-90x68.jpg 90w, https:\/\/zumbalaturba.com.ar\/wp-content\/uploads\/2016\/08\/elva-2-768x576.jpg 768w, https:\/\/zumbalaturba.com.ar\/wp-content\/uploads\/2016\/08\/elva-2-1024x768.jpg 1024w, https:\/\/zumbalaturba.com.ar\/wp-content\/uploads\/2016\/08\/elva-2.jpg 2048w\" sizes=\"(max-width: 300px) 100vw, 300px\" \/>El pasado domingo 14 de agosto se realiz\u00f3 la movilizaci\u00f3n del <strong>V Encuentro Latinoamericano de Varones Antipatriarcales<\/strong> por las calles de C\u00f3rdoba. La tarde dominguera de fin de semana largo, se vio interrumpida, irrumpida, ocupada, por los sonidos y colores de la marcha que recorri\u00f3 las calles entre la Palza Col\u00f3n y la de la Intendencia, donde saludaron Sole Cuello y Maru Acosta e intervinieron integrantes de las distintas organizaciones que participaron. Ver \u00e1lbum de fotos de la <a href=\"https:\/\/www.facebook.com\/media\/set\/?set=a.1017560375023980.1073741875.661279533985401&amp;type=1&amp;l=4d708fdc22\">movilizaci\u00f3n<\/a>.<br \/>\n<\/span><\/p>\n<p><span class=\"fbPhotoCaptionText\">Cuerpxs, identidades, masculinidades, luchas y trayectorias diversas se dieron cita en estos tres d\u00edas para seguir cuestion\u00e1ndose, discutiendo, explorando, investigando, disfrutando, qu\u00e9 cosas ir\u00e1n siendo \u00e9stas de pensarse, vivirse, construirse como &#8220;varones&#8221; y &#8220;antipatriarcales&#8221;. <\/span><\/p>\n<p><span class=\"fbPhotoCaptionText\">En un camino que se reconoce reciente y complejo, tanto desde los posicionamientos pol\u00edticos e ideol\u00f3gicos como la coherencia con las pr\u00e1cticas en sus organizaciones y en la vida cotidiana, distintos asistentes y organizadores compartieron su mirada para Zumba la Turba.<\/span><\/p>\n<p><iframe src=\"http:\/\/ar.ivoox.com\/es\/player_ej_12579241_2_1.html?data=kpeimZ6WeJKhhpywj5WbaZS1kpiah5yncZOhhpywj5WRaZi3jpWah5yncbHjz8rfjcrQb8Tpxtfd0ZOScozq0MjS1ZDdb8TVz9nc1ZDIqc2fptPQ18rSuNPjjMnSjbvFttChhpywj7fFqMrjjL_iz8fFb83VjLni1MfFcYarpJKh&amp;\" width=\"100%\" height=\"200\" frameborder=\"0\" scrolling=\"no\" allowfullscreen=\"allowfullscreen\"><\/iframe><\/p>\n<div class='share-to-whatsapp-wrapper'><div class='share-on-whsp'>Share on: <\/div><div class='clear '><\/div><\/div>","protected":false},"excerpt":{"rendered":"<p>El pasado domingo 14 de agosto se realiz\u00f3 la movilizaci\u00f3n del V Encuentro Latinoamericano de Varones Antipatriarcales por las calles de C\u00f3rdoba. La tarde dominguera de fin de semana largo, se vio interrumpida, irrumpida, ocupada, por los sonidos y colores de la marcha que recorri\u00f3 las calles entre la Palza Col\u00f3n y la de la [&hellip;]<\/p>\n","protected":false},"author":6,"featured_media":1286,"comment_status":"open","ping_status":"open","sticky":false,"template":"","format":"standard","meta":{"footnotes":""},"categories":[18,5],"tags":[336,7,335,337],"class_list":["post-1285","post","type-post","status-publish","format-standard","has-post-thumbnail","hentry","category-elm","category-transfeminismos","tag-elva","tag-feminismos","tag-generos","tag-masculinidades"],"_links":{"self":[{"href":"https:\/\/zumbalaturba.com.ar\/index.php?rest_route=\/wp\/v2\/posts\/1285","targetHints":{"allow":["GET"]}}],"collection":[{"href":"https:\/\/zumbalaturba.com.ar\/index.php?rest_route=\/wp\/v2\/posts"}],"about":[{"href":"https:\/\/zumbalaturba.com.ar\/index.php?rest_route=\/wp\/v2\/types\/post"}],"author":[{"embeddable":true,"href":"https:\/\/zumbalaturba.com.ar\/index.php?rest_route=\/wp\/v2\/users\/6"}],"replies":[{"embeddable":true,"href":"https:\/\/zumbalaturba.com.ar\/index.php?rest_route=%2Fwp%2Fv2%2Fcomments&post=1285"}],"version-history":[{"count":0,"href":"https:\/\/zumbalaturba.com.ar\/index.php?rest_route=\/wp\/v2\/posts\/1285\/revisions"}],"wp:featuredmedia":[{"embeddable":true,"href":"https:\/\/zumbalaturba.com.ar\/index.php?rest_route=\/wp\/v2\/media\/1286"}],"wp:attachment":[{"href":"https:\/\/zumbalaturba.com.ar\/index.php?rest_route=%2Fwp%2Fv2%2Fmedia&parent=1285"}],"wp:term":[{"taxonomy":"category","embeddable":true,"href":"https:\/\/zumbalaturba.com.ar\/index.php?rest_route=%2Fwp%2Fv2%2Fcategories&post=1285"},{"taxonomy":"post_tag","embeddable":true,"href":"https:\/\/zumbalaturba.com.ar\/index.php?rest_route=%2Fwp%2Fv2%2Ftags&post=1285"}],"curies":[{"name":"wp","href":"https:\/\/api.w.org\/{rel}","templated":true}]}}