{"id":1318,"date":"2016-08-28T15:30:26","date_gmt":"2016-08-28T15:30:26","guid":{"rendered":"http:\/\/zumbalaturba.com.ar\/?p=1318"},"modified":"2016-08-28T22:24:55","modified_gmt":"2016-08-28T22:24:55","slug":"dia-de-la-radio-homenaje-a-rudy-van-gelder-a-toots-thielemans-y-musica-de-rachmaninov-en-la-nota-azul","status":"publish","type":"post","link":"https:\/\/zumbalaturba.com.ar\/?p=1318","title":{"rendered":"D\u00eda de la Radio: Homenaje a Rudy Van Gelder, a Toots Thielemans y m\u00fasica de Rachmaninov en La Nota Azul"},"content":{"rendered":"<p>En este programa n\u00famero 72 de <a href=\"https:\/\/www.facebook.com\/lanotaazulradio\/\" target=\"_blank\"><strong>La Nota Azul<\/strong><\/a>, el programa de jazz y blues de <strong>Zumba La Turba<\/strong>, de este s\u00e1bado 27 de agosto, celebramos el d\u00eda de la radio con otros dos locos de la azotea: recibimos la visita de <strong>\u00c1lvaro Colazo<\/strong> y <strong>Emiliano Baigorr\u00ed Theyler<\/strong>. Se traen el recuerdo de otra experiencia radiof\u00f3nica: el programa <img fetchpriority=\"high\" decoding=\"async\" class=\"alignright size-medium wp-image-1319\" src=\"https:\/\/zumbalaturba.com.ar\/wp-content\/uploads\/2016\/08\/14172061_1291463660898672_580019696_n-300x169.jpg\" alt=\"14172061_1291463660898672_580019696_n\" width=\"300\" height=\"169\" srcset=\"https:\/\/zumbalaturba.com.ar\/wp-content\/uploads\/2016\/08\/14172061_1291463660898672_580019696_n-300x169.jpg 300w, https:\/\/zumbalaturba.com.ar\/wp-content\/uploads\/2016\/08\/14172061_1291463660898672_580019696_n-768x433.jpg 768w, https:\/\/zumbalaturba.com.ar\/wp-content\/uploads\/2016\/08\/14172061_1291463660898672_580019696_n.jpg 960w\" sizes=\"(max-width: 300px) 100vw, 300px\" \/>&#8220;<em><strong>\u00daltimos anocheceres en la Tierra<\/strong><\/em>&#8221; que sali\u00f3 durante el a\u00f1o 2015 en Radio Bicicleta.<\/p>\n<p>Abrimos el programa con un homenaje a <strong>Rudy Van Gelder<\/strong>, el gran ingeniero de sonido, responsable de muchos discos hist\u00f3ricos del jazz. Un mito para la historia del jazz, todo un sonido. Rudy Van Gelder era tambi\u00e9n un aficionado a la radio y fue justamente una visita\u00a0que hizo de joven a una emisora radio lo que lo inclin\u00f3 a seguir una carrera ligada al sonido. &#8220;Supe que quer\u00eda pasar mi vida profesional en ese tipo de ambiente&#8221;, confesar\u00eda mucho despu\u00e9s. Escuchamos el \u00e1lbum <em><strong>The Magnificent <\/strong><\/em><strong>Thad Jones<\/strong>, del sello Blue Note, grabado en el a\u00f1o 1956, que lo tiene justamente en el plantel como ingeniero de sonido.<\/p>\n<p><img decoding=\"async\" class=\"alignleft wp-image-1320\" src=\"https:\/\/zumbalaturba.com.ar\/wp-content\/uploads\/2016\/08\/rachmaninoff_1900l-194x300.jpg\" alt=\"rachmaninoff_1900l\" width=\"142\" height=\"220\" srcset=\"https:\/\/zumbalaturba.com.ar\/wp-content\/uploads\/2016\/08\/rachmaninoff_1900l-194x300.jpg 194w, https:\/\/zumbalaturba.com.ar\/wp-content\/uploads\/2016\/08\/rachmaninoff_1900l-768x1186.jpg 768w, https:\/\/zumbalaturba.com.ar\/wp-content\/uploads\/2016\/08\/rachmaninoff_1900l-663x1024.jpg 663w, https:\/\/zumbalaturba.com.ar\/wp-content\/uploads\/2016\/08\/rachmaninoff_1900l.jpg 777w\" sizes=\"(max-width: 142px) 100vw, 142px\" \/>Luego dedicamos un fragmento a la m\u00fasica de tradici\u00f3n escrita y escuchamos la m\u00fasica de <strong>Rachmaninov<\/strong>\u00a0en la interpretaci\u00f3n de la pianista turca <strong>\u00cddil Biret<\/strong>. Los <em><strong>Seis Momentos Musicales<\/strong><\/em>, <strong>Op. 16<\/strong>, son una serie de piezas para piano solista compuestas por Rachmaninov entre octubre y diciembre de 1896, cuando el compositor estaba pasando por dificultades econ\u00f3micas. Sin embargo, a pesar de tener objetivos financieros, Rachmaninov declar\u00f3 que lo que intentaba hacer con su m\u00fasica era \u201cdecir de manera directa y simple\u201d lo que su coraz\u00f3n sent\u00eda al componer. A prestarle la atenci\u00f3n y los o\u00eddos; en el medio se cuela una melod\u00eda de <strong>Bill Evans<\/strong>.<\/p>\n<p>Tambi\u00e9n recordamos al gran armonicista y guitarrista\u00a0<strong>Toots Thielemans<\/strong>, muerto el pasado 22 de agosto. Escuchamos su disco <em>&#8220;Affinity&#8221;<\/em> con <strong>Bill Evans<\/strong>, editado en 1979 y su \u00e1lbum &#8220;<em>The Brasil Project<\/em>&#8221; donde graba con figuras de la escena musical brasile\u00f1a. De all\u00ed suena su colaboraci\u00f3n con <strong>Eliane Elias<\/strong>: &#8220;<em>Moments<\/em>&#8220;.<\/p>\n<p>A continuaci\u00f3n, presentamos el disco &#8220;<em>Music of Weather Report<\/em>&#8221; de <strong>Miroslav Vitou\u0161<\/strong>, el contrabajista y bajista el\u00e9ctrico de la formaci\u00f3n original de <strong>Weather Report<\/strong>. El \u00e1lbum, editado este a\u00f1o 2016 por el sello ECM, recrea algunos temas de la banda, con variaciones e ideas propias, y tambi\u00e9n incluye algunas composiciones originales.<\/p>\n<p>Vamos siguiendo la producci\u00f3n de los sellos independientes de la escena neoyorquina. El turno esta vez es del sello <strong>Truth Revolution Records<\/strong>. De all\u00ed presentamos el disco &#8220;<em>Music In Me<\/em>&#8221; de <strong>Little Johnny Rivero<\/strong>.<\/p>\n<div id='gallery-1' class='gallery galleryid-1318 gallery-columns-6 gallery-size-thumbnail'><figure class='gallery-item'>\n\t\t\t<div class='gallery-icon landscape'>\n\t\t\t\t<a href='https:\/\/zumbalaturba.com.ar\/?attachment_id=1326'><img decoding=\"async\" width=\"90\" height=\"68\" src=\"https:\/\/zumbalaturba.com.ar\/wp-content\/uploads\/2016\/08\/The-Magnificent-Thad-Jones-90x68.jpg\" class=\"attachment-thumbnail size-thumbnail\" alt=\"\" \/><\/a>\n\t\t\t<\/div><\/figure><figure class='gallery-item'>\n\t\t\t<div class='gallery-icon landscape'>\n\t\t\t\t<a href='https:\/\/zumbalaturba.com.ar\/?attachment_id=1322'><img loading=\"lazy\" decoding=\"async\" width=\"90\" height=\"68\" src=\"https:\/\/zumbalaturba.com.ar\/wp-content\/uploads\/2016\/08\/Affinity-cover-90x68.jpg\" class=\"attachment-thumbnail size-thumbnail\" alt=\"\" \/><\/a>\n\t\t\t<\/div><\/figure><figure class='gallery-item'>\n\t\t\t<div class='gallery-icon landscape'>\n\t\t\t\t<a href='https:\/\/zumbalaturba.com.ar\/?attachment_id=1327'><img loading=\"lazy\" decoding=\"async\" width=\"90\" height=\"68\" src=\"https:\/\/zumbalaturba.com.ar\/wp-content\/uploads\/2016\/08\/Toots-Brasil-Project-90x68.jpg\" class=\"attachment-thumbnail size-thumbnail\" alt=\"\" \/><\/a>\n\t\t\t<\/div><\/figure><figure class='gallery-item'>\n\t\t\t<div class='gallery-icon landscape'>\n\t\t\t\t<a href='https:\/\/zumbalaturba.com.ar\/?attachment_id=1325'><img loading=\"lazy\" decoding=\"async\" width=\"90\" height=\"68\" src=\"https:\/\/zumbalaturba.com.ar\/wp-content\/uploads\/2016\/08\/Miroslav-Vitous-Music-of-Weather-Report-90x68.jpg\" class=\"attachment-thumbnail size-thumbnail\" alt=\"\" \/><\/a>\n\t\t\t<\/div><\/figure><figure class='gallery-item'>\n\t\t\t<div class='gallery-icon landscape'>\n\t\t\t\t<a href='https:\/\/zumbalaturba.com.ar\/?attachment_id=1324'><img loading=\"lazy\" decoding=\"async\" width=\"90\" height=\"68\" src=\"https:\/\/zumbalaturba.com.ar\/wp-content\/uploads\/2016\/08\/images-1-90x68.jpg\" class=\"attachment-thumbnail size-thumbnail\" alt=\"\" \/><\/a>\n\t\t\t<\/div><\/figure><figure class='gallery-item'>\n\t\t\t<div class='gallery-icon landscape'>\n\t\t\t\t<a href='https:\/\/zumbalaturba.com.ar\/?attachment_id=1323'><img loading=\"lazy\" decoding=\"async\" width=\"90\" height=\"68\" src=\"https:\/\/zumbalaturba.com.ar\/wp-content\/uploads\/2016\/08\/album-2-90x68.jpg\" class=\"attachment-thumbnail size-thumbnail\" alt=\"\" \/><\/a>\n\t\t\t<\/div><\/figure>\n\t\t<\/div>\n\n<p>Cerramos con la m\u00fasica de <strong>Egberto Gismonti<\/strong> y <strong>Charlie Haden<\/strong> en piano y contrabajo en vivo <em>In Montreal<\/em>, a\u00f1o 2001.<\/p>\n<p><iframe id=\"audio_12690666\" style=\"border: 1px solid #EEE; box-sizing: border-box; width: 100%;\" src=\"https:\/\/ar.ivoox.com\/es\/player_ej_12690666_4_1.html?c1=ff6600\" width=\"300\" height=\"200\" frameborder=\"0\" scrolling=\"no\" allowfullscreen=\"allowfullscreen\"><\/iframe><\/p>\n<p><em>Para escuchar el <a href=\"http:\/\/ar.ivoox.com\/es\/nota-azul-27-08-2016-audios-mp3_rf_12690666_1.html\" target=\"_blank\"><strong>audio del programa<\/strong><\/a><\/em>: [<a href=\"http:\/\/ar.ivoox.com\/es\/nota-azul-27-08-2016-audios-mp3_rf_12690666_1.html\" target=\"_blank\"><strong>CLICK AQU\u00cd<\/strong><\/a>]<\/p>\n<div class='share-to-whatsapp-wrapper'><div class='share-on-whsp'>Share on: <\/div><div class='clear '><\/div><\/div>","protected":false},"excerpt":{"rendered":"<p>En este programa n\u00famero 72 de La Nota Azul, el programa de jazz y blues de Zumba La Turba, de este s\u00e1bado 27 de agosto, celebramos el d\u00eda de la radio con otros dos locos de la azotea: recibimos la visita de \u00c1lvaro Colazo y Emiliano Baigorr\u00ed Theyler. Se traen el recuerdo de otra experiencia [&hellip;]<\/p>\n","protected":false},"author":14,"featured_media":1321,"comment_status":"open","ping_status":"open","sticky":false,"template":"","format":"standard","meta":{"footnotes":""},"categories":[261],"tags":[81,52,352,293,305,296,166,350,351],"class_list":["post-1318","post","type-post","status-publish","format-standard","has-post-thumbnail","hentry","category-la-nota-azul","tag-agenda-cultural","tag-cultura","tag-dia-de-la-radio","tag-jazz","tag-jazz-federal-club","tag-la-nota-azul","tag-musica","tag-rudy-van-gelder","tag-toots-thielemans"],"_links":{"self":[{"href":"https:\/\/zumbalaturba.com.ar\/index.php?rest_route=\/wp\/v2\/posts\/1318","targetHints":{"allow":["GET"]}}],"collection":[{"href":"https:\/\/zumbalaturba.com.ar\/index.php?rest_route=\/wp\/v2\/posts"}],"about":[{"href":"https:\/\/zumbalaturba.com.ar\/index.php?rest_route=\/wp\/v2\/types\/post"}],"author":[{"embeddable":true,"href":"https:\/\/zumbalaturba.com.ar\/index.php?rest_route=\/wp\/v2\/users\/14"}],"replies":[{"embeddable":true,"href":"https:\/\/zumbalaturba.com.ar\/index.php?rest_route=%2Fwp%2Fv2%2Fcomments&post=1318"}],"version-history":[{"count":0,"href":"https:\/\/zumbalaturba.com.ar\/index.php?rest_route=\/wp\/v2\/posts\/1318\/revisions"}],"wp:featuredmedia":[{"embeddable":true,"href":"https:\/\/zumbalaturba.com.ar\/index.php?rest_route=\/wp\/v2\/media\/1321"}],"wp:attachment":[{"href":"https:\/\/zumbalaturba.com.ar\/index.php?rest_route=%2Fwp%2Fv2%2Fmedia&parent=1318"}],"wp:term":[{"taxonomy":"category","embeddable":true,"href":"https:\/\/zumbalaturba.com.ar\/index.php?rest_route=%2Fwp%2Fv2%2Fcategories&post=1318"},{"taxonomy":"post_tag","embeddable":true,"href":"https:\/\/zumbalaturba.com.ar\/index.php?rest_route=%2Fwp%2Fv2%2Ftags&post=1318"}],"curies":[{"name":"wp","href":"https:\/\/api.w.org\/{rel}","templated":true}]}}