{"id":1334,"date":"2016-09-04T16:31:09","date_gmt":"2016-09-04T16:31:09","guid":{"rendered":"http:\/\/zumbalaturba.com.ar\/?p=1334"},"modified":"2016-09-04T16:31:09","modified_gmt":"2016-09-04T16:31:09","slug":"discos-de-jazz-charlie-parker-paolo-fresu-y-omar-sosa-ramiro-flores-y-entrevista-a-diego-alejandro-en-la-nota-azul","status":"publish","type":"post","link":"https:\/\/zumbalaturba.com.ar\/?p=1334","title":{"rendered":"Discos de Jazz: Charlie Parker, Paolo Fresu y Omar Sosa, Ramiro Flores y entrevista a Diego Alejandro en La Nota Azul"},"content":{"rendered":"<p>La historia del jazz es una historia fundamentalmente hecha en base a discos. Los que se grabaron, los que se escucharon, los que condicionaron los o\u00eddos, la forma de escuchar y la forma de hacer m\u00fasica en determinado momento. Y tambi\u00e9n lo que a\u00fan no se se escucharon, pero que est\u00e1n, de alguna forma, presentes. En este programa n\u00famero 73 de <a href=\"https:\/\/www.facebook.com\/lanotaazulradio\/\" target=\"_blank\"><strong>La Nota Azul<\/strong><\/a>, del d\u00eda s\u00e1bado 3 de septiembre de 2016, recorremos algunos discos de jazz editados este a\u00f1o.<\/p>\n<p>Abrimos con la m\u00fasica de <strong>Charlie Parker<\/strong> y presentamos el recientemente editado disco <em><strong>Unheard <img fetchpriority=\"high\" decoding=\"async\" class=\"alignright size-full wp-image-1340\" src=\"https:\/\/zumbalaturba.com.ar\/wp-content\/uploads\/2016\/09\/unheard-bird.png\" alt=\"unheard bird\" width=\"225\" height=\"225\" \/>Bird: The Unissued Takes<\/strong><\/em>, que re\u00fane tomas y grabaciones in\u00e9ditas del gran saxofonista.\u00a0El p\u00e1jaro no escuchado, a\u00fan sigue sorprendiendo. El disco re\u00fane sesiones, grabaciones, tomas alternativas, falsos comienzos, de los discos y temas que grabara Charlie Parker con el productor <strong>Norman Granz<\/strong> (el fundador del sello <em>Verve)<\/em> entre 1949 y 1952 (la segunda etapa del trabajo conjunto entre Parker y Granz). Escuchamos a Parker en distintas formaciones: meti\u00e9ndose en el ritmo latino con la orquesta de Machito y Mario Bauz\u00e1; en sus sesiones con Dizzy Gillespie, con Kenny Dorham, con Max Roach, con Roy Haynes. Seg\u00fan Ted Gioia en su <em>Historia del jazz<\/em>, este segundo per\u00edodo de Parker con Granz no lleg\u00f3 a la calidad de la primera etapa, pero s\u00ed tuvo momentos cumbre, particularmente los que reunieron a Parker con Dizzy Gillespie y Thelonious Monk.<\/p>\n<p>Luego suena\u00a0otra\u00a0novedad de este a\u00f1o:\u00a0el \u00e1lbum <em><strong>Eros,<\/strong><\/em> lanzado este a\u00f1o por el trompetista italiano <strong><img decoding=\"async\" class=\"alignleft  wp-image-1338\" src=\"https:\/\/zumbalaturba.com.ar\/wp-content\/uploads\/2016\/09\/paolo-fresu-y-omar-sosa-eros-90x68.jpg\" alt=\"paolo fresu y omar sosa eros\" width=\"125\" height=\"95\" \/>Paolo Fresu<\/strong>\u00a0y el pianista cubano <strong>Omar Sosa<\/strong>, en el que cuentan con la compa\u00f1\u00eda de Jaques Morelenbaum, la cantante belga de origen marroqu\u00ed <strong>Natacha Atlas<\/strong>, el cuarteto de cuerdas italiano <strong>Quartetto Alborada<\/strong>, y el cellista <strong>Piero Salvatori<\/strong>. Un \u00e1lbum conceptual sobre las variadas formas del amor, lleno de melanc\u00f3licas baladas.<\/p>\n<p>Presentamos, adem\u00e1s, <em><strong>En Sincro<\/strong><\/em> (<em>PAI Records<\/em>, 2016), cuarto disco de <strong>Diego Alejandro Grupo<\/strong>, y<img decoding=\"async\" class=\"alignright wp-image-1336\" src=\"https:\/\/zumbalaturba.com.ar\/wp-content\/uploads\/2016\/09\/diego-alejandro-300x283.jpg\" alt=\"diego alejandro\" width=\"227\" height=\"214\" srcset=\"https:\/\/zumbalaturba.com.ar\/wp-content\/uploads\/2016\/09\/diego-alejandro-300x283.jpg 300w, https:\/\/zumbalaturba.com.ar\/wp-content\/uploads\/2016\/09\/diego-alejandro.jpg 720w\" sizes=\"(max-width: 227px) 100vw, 227px\" \/> entrevistamos al propio <strong>Diego Alejandro<\/strong>, baterista y compositor, l\u00edder del grupo. El m\u00fasico comenta el disco, describe las relaciones con el grupo y relata su forma de componer. Promete tambi\u00e9n presentaciones en C\u00f3rdoba pr\u00f3ximamente. Imperdible.<\/p>\n<p>La siguiente novedad discogr\u00e1fica es <em><strong>El Jard\u00edn de Ord\u00f3\u00f1ez<\/strong><\/em>\u00a0de <strong>Ramiro Flores<\/strong>, editado conjuntamente por el <em>Club del Disco<\/em> y <em>La Croqueta Records<\/em>. Un \u00e1lbum conceptual, un sonido el\u00e9ctrico muy ajustado, un quinteto con dos bater\u00edas, un lujo.<\/p>\n<p>El esperado bloque de <strong><em>Jazz En La Tele<\/em><\/strong> presenta <em><strong>La Luz Incidente<\/strong><\/em>, nueva pel\u00edcula\u00a0de <strong>Ariel Rotter<\/strong>, con <strong>Erica Rivas<\/strong> y m\u00fasica de <strong>Mariano Loi\u00e1cono<\/strong>. El exquisito comentario sobre la pel\u00edcula se corona con la trompeta de <strong>Fats Fern\u00e1ndez<\/strong>, para ambientar con jazz la d\u00e9cada del 60, el tiempo del film.<\/p>\n<div id='gallery-1' class='gallery galleryid-1334 gallery-columns-3 gallery-size-thumbnail'><figure class='gallery-item'>\n\t\t\t<div class='gallery-icon landscape'>\n\t\t\t\t<a href='https:\/\/zumbalaturba.com.ar\/?attachment_id=1339'><img loading=\"lazy\" decoding=\"async\" width=\"90\" height=\"68\" src=\"https:\/\/zumbalaturba.com.ar\/wp-content\/uploads\/2016\/09\/Ramiro-flores-el-jard\u00edn-de-ordo\u00f1ez-90x68.jpg\" class=\"attachment-thumbnail size-thumbnail\" alt=\"\" \/><\/a>\n\t\t\t<\/div><\/figure><figure class='gallery-item'>\n\t\t\t<div class='gallery-icon portrait'>\n\t\t\t\t<a href='https:\/\/zumbalaturba.com.ar\/?attachment_id=1341'><img loading=\"lazy\" decoding=\"async\" width=\"90\" height=\"68\" src=\"https:\/\/zumbalaturba.com.ar\/wp-content\/uploads\/2016\/09\/la-luz-incidente-poster-90x68.png\" class=\"attachment-thumbnail size-thumbnail\" alt=\"\" \/><\/a>\n\t\t\t<\/div><\/figure><figure class='gallery-item'>\n\t\t\t<div class='gallery-icon landscape'>\n\t\t\t\t<a href='https:\/\/zumbalaturba.com.ar\/?attachment_id=1337'><img loading=\"lazy\" decoding=\"async\" width=\"90\" height=\"68\" src=\"https:\/\/zumbalaturba.com.ar\/wp-content\/uploads\/2016\/09\/jeff-tain-watts-90x68.jpg\" class=\"attachment-thumbnail size-thumbnail\" alt=\"\" \/><\/a>\n\t\t\t<\/div><\/figure>\n\t\t<\/div>\n\n<p>Cerramos el programa con la agenda jazzera cordobesa\u00a0y la m\u00fasica de <strong>Jeff &#8220;Tain&#8221; Watts<\/strong>,\u00a0baterista de jazz que ha tocado con Wynton Marsalis, Branford Marsalis, Betty Carter , Michael Brecker, David Gilmore, Ravi Coltrane y otros. Aqu\u00ed escuchamos su disco <strong><em>Detained At The Blue Note<\/em><\/strong>, grabado en vivo en Blue Note, Nueva York, el 7 y 8 de febrero de 2004.<\/p>\n<p>Todo eso y mucho m\u00e1s llena estas dos horas de jazz, m\u00fasica y radio. Aqu\u00ed, el <a href=\"http:\/\/ar.ivoox.com\/es\/nota-azul-n-73-03-09-2016-audios-mp3_rf_12770641_1.html\" target=\"_blank\">audio<\/a> del programa:<\/p>\n<p><iframe id=\"audio_12770641\" style=\"border: 1px solid #EEE; box-sizing: border-box; width: 100%;\" src=\"https:\/\/ar.ivoox.com\/es\/player_ej_12770641_4_1.html?c1=ff6600\" width=\"300\" height=\"200\" frameborder=\"0\" scrolling=\"no\" allowfullscreen=\"allowfullscreen\"><\/iframe><\/p>\n<div class='share-to-whatsapp-wrapper'><div class='share-on-whsp'>Share on: <\/div><div class='clear '><\/div><\/div>","protected":false},"excerpt":{"rendered":"<p>La historia del jazz es una historia fundamentalmente hecha en base a discos. Los que se grabaron, los que se escucharon, los que condicionaron los o\u00eddos, la forma de escuchar y la forma de hacer m\u00fasica en determinado momento. Y tambi\u00e9n lo que a\u00fan no se se escucharon, pero que est\u00e1n, de alguna forma, presentes. [&hellip;]<\/p>\n","protected":false},"author":14,"featured_media":1335,"comment_status":"open","ping_status":"open","sticky":false,"template":"","format":"standard","meta":{"footnotes":""},"categories":[261],"tags":[81,354,52,359,293,353,305,360,296,166,357,356,358,355],"class_list":["post-1334","post","type-post","status-publish","format-standard","has-post-thumbnail","hentry","category-la-nota-azul","tag-agenda-cultural","tag-charlie-parker","tag-cultura","tag-diego-alejandro","tag-jazz","tag-jazz-argentino","tag-jazz-federal-club","tag-la-luz-incidente","tag-la-nota-azul","tag-musica","tag-omar-sosa","tag-paolo-fresu","tag-ramiro-flores","tag-unheard-bird"],"_links":{"self":[{"href":"https:\/\/zumbalaturba.com.ar\/index.php?rest_route=\/wp\/v2\/posts\/1334","targetHints":{"allow":["GET"]}}],"collection":[{"href":"https:\/\/zumbalaturba.com.ar\/index.php?rest_route=\/wp\/v2\/posts"}],"about":[{"href":"https:\/\/zumbalaturba.com.ar\/index.php?rest_route=\/wp\/v2\/types\/post"}],"author":[{"embeddable":true,"href":"https:\/\/zumbalaturba.com.ar\/index.php?rest_route=\/wp\/v2\/users\/14"}],"replies":[{"embeddable":true,"href":"https:\/\/zumbalaturba.com.ar\/index.php?rest_route=%2Fwp%2Fv2%2Fcomments&post=1334"}],"version-history":[{"count":0,"href":"https:\/\/zumbalaturba.com.ar\/index.php?rest_route=\/wp\/v2\/posts\/1334\/revisions"}],"wp:featuredmedia":[{"embeddable":true,"href":"https:\/\/zumbalaturba.com.ar\/index.php?rest_route=\/wp\/v2\/media\/1335"}],"wp:attachment":[{"href":"https:\/\/zumbalaturba.com.ar\/index.php?rest_route=%2Fwp%2Fv2%2Fmedia&parent=1334"}],"wp:term":[{"taxonomy":"category","embeddable":true,"href":"https:\/\/zumbalaturba.com.ar\/index.php?rest_route=%2Fwp%2Fv2%2Fcategories&post=1334"},{"taxonomy":"post_tag","embeddable":true,"href":"https:\/\/zumbalaturba.com.ar\/index.php?rest_route=%2Fwp%2Fv2%2Ftags&post=1334"}],"curies":[{"name":"wp","href":"https:\/\/api.w.org\/{rel}","templated":true}]}}