{"id":1363,"date":"2016-09-06T23:12:12","date_gmt":"2016-09-07T02:12:12","guid":{"rendered":"http:\/\/zumbalaturba.com.ar\/?p=1363"},"modified":"2023-07-22T18:00:54","modified_gmt":"2023-07-22T21:00:54","slug":"vivinventando","status":"publish","type":"post","link":"https:\/\/zumbalaturba.com.ar\/?p=1363","title":{"rendered":"Vivinventando"},"content":{"rendered":"<p style=\"text-align: right;\">por LA CHISPA<\/p>\n<p style=\"text-align: right;\">Texto producido despu\u00e9s del Pre-encuentro de<\/p>\n<p style=\"text-align: right;\">Pr\u00e1cticas Comunitarias en Salud, previo<\/p>\n<p style=\"text-align: right;\">al 6to Encuentro a realizarse en noviembre<\/p>\n<p style=\"text-align: right;\">en la ciudad de C\u00f3rdoba.<\/p>\n<p>Despu\u00e9s de vivir el <strong>Pre-encuentro de Pr\u00e1cticas Comunitarias en Salud<\/strong>, de ver algunas experiencias que se despliegan en C\u00f3rdoba y otros lugares del pa\u00eds, de escuchar la palabra certera de <strong>Vicente Zito Lema<\/strong>. Despu\u00e9s de sentir emoci\u00f3n e identificaci\u00f3n con otras que hacen su pr\u00e1ctica en territorios distintos, pero que son los mismos, de este ancho territorio que es la tierra, surgen muchas preguntas y ganas de hacer.<\/p>\n<p>Asistimos a un tiempo de fragilidad, de pr\u00e1cticas dispersas que no encuentran su punto de anclaje. Un tiempo de incertidumbre que se ve favorecido por el actual contexto pol\u00edtico-econ\u00f3mico que atravesamos. Tiempo de duda que se fogonea de desconcierto.<img fetchpriority=\"high\" decoding=\"async\" class=\"alignleft size-medium wp-image-1368\" src=\"https:\/\/zumbalaturba.com.ar\/wp-content\/uploads\/2016\/09\/3-200x300.jpg\" alt=\"3\" width=\"200\" height=\"300\" srcset=\"https:\/\/zumbalaturba.com.ar\/wp-content\/uploads\/2016\/09\/3-200x300.jpg 200w, https:\/\/zumbalaturba.com.ar\/wp-content\/uploads\/2016\/09\/3.jpg 640w\" sizes=\"(max-width: 200px) 100vw, 200px\" \/><\/p>\n<p>\u00bfQui\u00e9n es cada qui\u00e9n y qu\u00e9 dice de m\u00ed, aquello que nombra aquel? \u00bfQu\u00e9 hacemos con las palabras, con los discursos? \u00bfC\u00f3mo los sostenemos en un tejido de praxis cr\u00edtica y congruente con el tiempo que vivimos?<\/p>\n<p>No es menor que estas pr\u00e1cticas existan a pesar de lo disperso que ello pueda parecer. Brotan como semillas que quieren impregnar otras l\u00f3gicas que valoren el encuentro y la creaci\u00f3n colectiva e igualitaria.<img decoding=\"async\" class=\" wp-image-1367 alignright\" src=\"https:\/\/zumbalaturba.com.ar\/wp-content\/uploads\/2016\/09\/1-300x208.jpg\" alt=\"1\" width=\"398\" height=\"276\" srcset=\"https:\/\/zumbalaturba.com.ar\/wp-content\/uploads\/2016\/09\/1-300x208.jpg 300w, https:\/\/zumbalaturba.com.ar\/wp-content\/uploads\/2016\/09\/1-768x534.jpg 768w, https:\/\/zumbalaturba.com.ar\/wp-content\/uploads\/2016\/09\/1-392x272.jpg 392w, https:\/\/zumbalaturba.com.ar\/wp-content\/uploads\/2016\/09\/1-130x90.jpg 130w, https:\/\/zumbalaturba.com.ar\/wp-content\/uploads\/2016\/09\/1.jpg 960w\" sizes=\"(max-width: 398px) 100vw, 398px\" \/><\/p>\n<p>Resuena. <strong><em>Colectiva e igualitaria<\/em><\/strong>.<\/p>\n<p>A pesar de ello no podemos ser ingenuas en que estas pr\u00e1cticas incluyen una gran variedad de maneras. Se construyen desde modos diferentes de relacionarse con el malestar, modos diferentes de actuar, de ser, de estar.<\/p>\n<p>El reconocimiento de las distintas <strong>pr\u00e1cticas comunitarias<\/strong> es fundamental para crear una red que nuclee a todas estas experiencias. En este sentido aparece la pregunta \u00bfc\u00f3mo se hace para construir una real comunidad d\u00f3nde <em>todas<\/em> estemos incluidas con nuestras diferencias pero tejiendo encuentros? \u00bfC\u00f3mo hacer para construir una comunidad ampliada que se reconozca en el sentido pleno de esa palabra?<\/p>\n<p>Venciendo los modos aprehendidos que nos llevan una y otra vez a repetir desde viejas estructuras amparadas por el <strong>sistema de creencias<\/strong> que nos dio la bienvenida al mundo y nos empe\u00f1\u00f3 en creer que el cambio no es posible. De un sistema hetero-normativo y patriarcal que impone ciertas l\u00f3gicas de relaci\u00f3n, que invitan a la competencia y a nombrarse por encima de un colectivo de personas.<img decoding=\"async\" class=\"alignleft size-medium wp-image-1370\" src=\"https:\/\/zumbalaturba.com.ar\/wp-content\/uploads\/2016\/09\/2-200x300.jpg\" alt=\"2\" width=\"200\" height=\"300\" srcset=\"https:\/\/zumbalaturba.com.ar\/wp-content\/uploads\/2016\/09\/2-200x300.jpg 200w, https:\/\/zumbalaturba.com.ar\/wp-content\/uploads\/2016\/09\/2.jpg 640w\" sizes=\"(max-width: 200px) 100vw, 200px\" \/><\/p>\n<p>Nosotras queremos cambiar eso. Radical y amorosamente. Porque nos produce un enorme da\u00f1o, porque va contra corriente de nuestro sentir. Porque nosotras queremos privilegiar nuestro sentir. Porque creemos que ya est\u00e1 bien de resistir. Llego el tiempo de sentir, sentir-pensante, sentir-actuante.<\/p>\n<p><strong>Sentir(se), sentir(nos)<\/strong>.<\/p>\n<p>Y hablamos de un nosotras plural, porque la palabra crea y nosotras queremos crearla. Queremos crear la comunidad desde un nosotras. Y en plural<a href=\"#_edn1\" name=\"_ednref1\">[i]<\/a>.<\/p>\n<p>Tentando una respuesta a la pregunta inicial, creemos que la verdadera <em>comuni\u00f3n <\/em>crear\u00e1 la comunidad que necesitamos. Comuni\u00f3n sostenida desde una pr\u00e1ctica autentica de reconocimiento de las otras. Desplegando redes m\u00e1s all\u00e1 de las diferencias y las distancias, sosteniendo una confluencia de <strong>colectividades<\/strong> que no descuiden la diversidad sino que se valgan de ellas para avanzar. Para que el ma\u00f1ana nos encuentre m\u00e1s unidas y organizadas de pie y contentas, <em>vivinventando <\/em>la comunidad que so\u00f1amos.<\/p>\n<p><a href=\"#_ednref1\" name=\"_edn1\">[i]<\/a> Esta idea es tomada de la Coordinaci\u00f3n de colectivos Baladre, quienes invitan a pensar los procesos colectivos desde un nosotras, es decir \u201cnosotras las personas\u201d.<\/p>\n<p style=\"text-align: right;\">\n<div class='share-to-whatsapp-wrapper'><div class='share-on-whsp'>Share on: <\/div><div class='clear '><\/div><\/div>","protected":false},"excerpt":{"rendered":"<p>por LA CHISPA Texto producido despu\u00e9s del Pre-encuentro de Pr\u00e1cticas Comunitarias en Salud, previo al 6to Encuentro a realizarse en noviembre en la ciudad de C\u00f3rdoba. Despu\u00e9s de vivir el Pre-encuentro de Pr\u00e1cticas Comunitarias en Salud, de ver algunas experiencias que se despliegan en C\u00f3rdoba y otros lugares del pa\u00eds, de escuchar la palabra certera [&hellip;]<\/p>\n","protected":false},"author":24,"featured_media":1370,"comment_status":"open","ping_status":"open","sticky":false,"template":"","format":"standard","meta":{"footnotes":""},"categories":[37,263,1237],"tags":[328,367,12,368,115,366],"class_list":["post-1363","post","type-post","status-publish","format-standard","has-post-thumbnail","hentry","category-arte-cultura","category-la-chispa","category-salud-mental","tag-arte","tag-comunidad","tag-diversidad","tag-practicas-comunitarias","tag-salud-mental","tag-zito-lema"],"_links":{"self":[{"href":"https:\/\/zumbalaturba.com.ar\/index.php?rest_route=\/wp\/v2\/posts\/1363","targetHints":{"allow":["GET"]}}],"collection":[{"href":"https:\/\/zumbalaturba.com.ar\/index.php?rest_route=\/wp\/v2\/posts"}],"about":[{"href":"https:\/\/zumbalaturba.com.ar\/index.php?rest_route=\/wp\/v2\/types\/post"}],"author":[{"embeddable":true,"href":"https:\/\/zumbalaturba.com.ar\/index.php?rest_route=\/wp\/v2\/users\/24"}],"replies":[{"embeddable":true,"href":"https:\/\/zumbalaturba.com.ar\/index.php?rest_route=%2Fwp%2Fv2%2Fcomments&post=1363"}],"version-history":[{"count":0,"href":"https:\/\/zumbalaturba.com.ar\/index.php?rest_route=\/wp\/v2\/posts\/1363\/revisions"}],"wp:featuredmedia":[{"embeddable":true,"href":"https:\/\/zumbalaturba.com.ar\/index.php?rest_route=\/wp\/v2\/media\/1370"}],"wp:attachment":[{"href":"https:\/\/zumbalaturba.com.ar\/index.php?rest_route=%2Fwp%2Fv2%2Fmedia&parent=1363"}],"wp:term":[{"taxonomy":"category","embeddable":true,"href":"https:\/\/zumbalaturba.com.ar\/index.php?rest_route=%2Fwp%2Fv2%2Fcategories&post=1363"},{"taxonomy":"post_tag","embeddable":true,"href":"https:\/\/zumbalaturba.com.ar\/index.php?rest_route=%2Fwp%2Fv2%2Ftags&post=1363"}],"curies":[{"name":"wp","href":"https:\/\/api.w.org\/{rel}","templated":true}]}}