{"id":149,"date":"2015-06-02T01:04:00","date_gmt":"2015-06-02T01:04:00","guid":{"rendered":"http:\/\/zumbalaturba.com.ar\/2015\/06\/02\/avatares-de-la-salud-mental-en-cordoba\/"},"modified":"2015-06-02T01:04:00","modified_gmt":"2015-06-02T01:04:00","slug":"avatares-de-la-salud-mental-en-cordoba","status":"publish","type":"post","link":"https:\/\/zumbalaturba.com.ar\/?p=149","title":{"rendered":"Avatares de la salud mental en C\u00f3rdoba"},"content":{"rendered":"<p><img decoding=\"async\" alt=\"salud mental\" height=\"112\" src=\"http:\/\/rnma.org.ar\/images\/ImagenesRNMA\/salud_mental.jpg\" style=\"float: left; margin: 7px;\" width=\"200\" \/>En el Enredando las Ma\u00f1anas del 27 de mayo, <strong>abordamos un \u00e1rea sistem\u00e1ticamente dejada de lado por los gobiernos, la salud mental. En este caso,&nbsp; los avatares del Hospital <\/strong><strong>Neuropsiqui\u00e1trico<\/strong><strong> de C\u00f3rdoba<\/strong> &nbsp;en el marco del abandono estatal y la implementaci\u00f3n de la Ley  Nacional de Derecho a la Protecci\u00f3n de la Salud Mental, aprobada en  2010.<\/p>\n<p> Sobre esta tem\u00e1tica, conversamos con <strong>Franco Guerra, tallerista<\/strong> en la instituci\u00f3n e integrante del programa La Chispa y <strong>Facundo Britos, integrante del grupo de Usuarios, Familiares y Amigos de los Servicios de Salud Mental<\/strong> y de la Comisi\u00f3n de Derechos Humanos del Centro de Estudiantes de Psicolog\u00eda de la UNC.<strong><\/p>\n<p> <\/strong><br \/> <strong>Descargar <a href=\"https:\/\/www.facebook.com\/l.php?u=https%3A%2F%2Farchive.org%2Fdownload%2FELM298.Audios%2F15%252005%252027%2520corte4%2520la%2520chispa.mp3&amp;h=eAQHZFD5H\" target=\"_blank\">AUDIO<\/a><\/strong>.<\/p>\n<p> El grupo de Usuarios, Familiares y Amigos, se ha convertido en el  \u00faltimo tiempo en el espacio de referencia y convocatoria en relaci\u00f3n a  los reclamos vinculados a la atenci\u00f3n de la salud mental en la  provincia. Facundo, relata el origen de esta asamblea: \u201cEl a\u00f1o pasado se  hace la primera marcha por el derecho a la salud mental. A ella se  acercaron personas de diferentes organizaciones o del neuro, o que de  alg\u00fan modo se hab\u00edan realizado con el tema, a darle vida a esto. Este  espacio principalmente lo facilitan dos psic\u00f3logas del neuro, Jacinta  Burijovich y Cecilia Berra. Tras esta marcha, en la que marcharon m\u00e1s de  4mil personas, se decide desligar [a las profesionales] del neuro,  trasladarlas. Ante esta situaci\u00f3n -que fue adem\u00e1s estrat\u00e9gico, el 1\u00b0 de  enero, cuando empezaban sus vacaciones y mucha gente que las apoya no  estaban-, se decidi\u00f3 hacer una asamblea para exigir la reincorporaci\u00f3n\u201d.<\/p>\n<p> Sin embargo, la conformaci\u00f3n del espacio pudo trascender el reclamo  puntual y Britos analiza: \u201cEsa asamblea se viene sosteniendo desde  enero, que fue trasmutando. En un momento, la causa primera era la  reincorporaci\u00f3n, \u00e9sta se logra y de ah\u00ed queda conformado un espacio que  es muy interesante, porque no s\u00f3lo es de profesionales -como sol\u00eda ser  siempre, que quedaba en un reclamo muy concreto de sus condiciones  laborales-, sino que se suman estudiantes y principalmente, y lo m\u00e1s  interesante para m\u00ed, la voz de los usuarios. Para quienes, en  definitiva, est\u00e1 pensado el servicio de salud mental, el  neuropsiqui\u00e1trico. Desde ah\u00ed se vienen trabajando diferentes  alternativas de c\u00f3mo ir en conjunto visibilizando o modificando ciertas  cuestiones que est\u00e1n sucediendo\u201d.<\/p>\n<p>En la actualidad, \u201clas asambleas no son solamente del neuro, sino que  se ha unido mucha gente del polo sanitario, gente de Oliva, de Bell  Ville, del San Roque, del Pedi\u00e1trico, hemos aglutinado a un grupo de  personas que est\u00e1n realmente involucradas con la salud en un sentido  integral. Porque si seguimos hablando en t\u00e9rminos de salud mental,  seguimos con la historia de los monovalentes, seguimos con la historia  del manicomio\u201d.<\/p>\n<p>A medida que se fue consolidando el espacio, aparecieron tambi\u00e9n  nuevas situaciones y denuncias. Algunas tienen que ver con medidas que  se est\u00e1n tomando actualmente en el Hospital Neuropsiqui\u00e1trico -el  \u201cNeuro\u201d-, y que Franco, uno de lxs voluntarixs que sostienen talleres  all\u00ed y de lxs responsables del programa radial \u201cLa Chispa\u201d, explica: \u201cla  raz\u00f3n que nos nuclea en estos \u00faltimos d\u00edas, es particularmente la  demolici\u00f3n que se est\u00e1 haciendo de ciertos espacios dentro del hospital,  concretamente la sala de residencia y los consultorios externos. No  hemos tenido todav\u00eda una respuesta respecto de qu\u00e9 se quiere hacer, si  se est\u00e1 remodelando, si concretamente se est\u00e1 destruyendo para dejarlo  as\u00ed. Otro hecho concreto \u2013contin\u00faa- es que se han cerrado 30 camas y no  se les est\u00e1 dando cena a los usuarios. No est\u00e1n cenando ni teniendo  d\u00f3nde dormir\u201d. Ante esto, explica Facundo, \u201cMuchos usuarios est\u00e1n yendo a  dormir a la terminal o a la plaza del frente\u201d.<\/p>\n<p>La perversidad del estado en relaci\u00f3n al Neuro es dur\u00edsima, ya que  juega entre la supuesta implementaci\u00f3n de la ley de salud mental y el  abandono, Facundo la deja en evidencia: \u201cTodo esto se enmarca en una ley  que plantea un mont\u00f3n de modificaciones, de derechos de los usuarios  del sistema de salud mental, y esto es como una forma de adecuarse a la  ley. Lo que est\u00e1n haciendo realmente, es vaciar el espacio. Hoy en d\u00eda  no est\u00e1 existiendo la real atenci\u00f3n de salud mental p\u00fablica y eso es un  problema enorme, primero porque&nbsp; es una problem\u00e1tica que nos concierne a  todos y segundo, porque es el \u00faltimo espacio en la ciudad que tenemos  en donde se brindaba alg\u00fan servicio de este tipo. Los consultorios  externos que se est\u00e1n cerrando ahora, recib\u00edan m\u00e1s de 70 mil consultas  al a\u00f1o\u201d.<\/p>\n<p>\u201cEstamos hablando \u2013contin\u00faa Facundo- de una ley de salud mental que  trata que las internaciones no sean lo principal. Antes era eso, la  l\u00f3gica manicomial del \u201cte interno o no te interno\u201d, hoy se est\u00e1  ampliando a decir &#8220;la sociedad necesita atenci\u00f3n de salud mental y la  necesita descentralizada, integral&#8221;.&nbsp; Esta Ley, saludada por muchos  sectores y movimientos que vienen bregando desde hace a\u00f1os por la  desmanicomializaci\u00f3n en el abordaje de la salud mental, est\u00e1n siendo  tergiversada por distintas administraciones locales, que hablan de este  tema, cuando en realidad, est\u00e1n vaciando los servicios.<\/p>\n<p>La situaci\u00f3n en la provincia de C\u00f3rdoba es hoy grav\u00edsima: \u201csi  contin\u00faa este proceso como est\u00e1 siendo, la \u00fanica alternativa en salud  mental que va a quedar es el \u00e1mbito privado. Y el \u00e1mbito privado sigue  trabajando en las l\u00f3gicas manicomiales m\u00e1s fuertes incluso que en el  neuro, y es m\u00e1s dif\u00edcil cambiarlo tambi\u00e9n porque es un \u00e1mbito cerrado.  En esto en particular, incluso el que accede cae en estas l\u00f3gicas. Es  doblemente perverso lo que sucede. Personas que por tener una obra  social que cubre la internaci\u00f3n y las medicaciones, llegan a una  instituci\u00f3n privada y los van a internar porque lo cubre la obra social y  van a dar todas las pastillas que puedan facturar, y a la vez los van a  hacer adictos a un mont\u00f3n de medicamentos. Esa es la l\u00f3gica en salud  mental con la que estamos funcionando, y es realmente preocupante\u201d.<\/p>\n<p>La tem\u00e1tica abarca m\u00e1s aspectos, como se\u00f1alan: \u201cUn dato que para m\u00ed  es alarmante, es esta cuesti\u00f3n que tambi\u00e9n hay una nueva ley de  prevenci\u00f3n del suicidio que se enmarca en la ley de salud mental y por  ejemplo, en C\u00f3rdoba tenemos tres veces m\u00e1s suicidios que homicidios, es  un dato muy fuerte. No se trata solamente de lo que pasa en el neuro, se  trata de lo que pasa en C\u00f3rdoba con la salud mental, que tambi\u00e9n tiene  que ver con esto del femicidio de lo que se est\u00e1 hablando. Realmente en  C\u00f3rdoba est\u00e1n pasando cosas que necesitan ser abordadas desde otro lugar  y desde muchos lugares a la vez (\u2026) Estamos hablando de la salud mental  de una sociedad, que no est\u00e1 abarcada concretamente (\u2026) creo que lo que  se est\u00e1 haciendo es un maniqueo ret\u00f3rico, en cierta forma, se agarran  de esta cuesti\u00f3n de que la ley dice que se tienen que cerrar los  neuropsiqui\u00e1tricos, de ac\u00e1 a veinte a\u00f1os. Pero no se est\u00e1n generando los  dispositivos alternativos que puedan llegar a suplantar estas l\u00f3gicas  manicomiales en t\u00e9rminos m\u00e1s humanos\u201d.<\/p>\n<p>Al respecto, Facundo comenta que justamente los espacios que tienen  ese objetivo en el proyecto, \u201cson los que est\u00e1n cerrando ahora, por  ejemplo, el espacio que representa Franco, de la radio La Chispa, tiene  m\u00e1s que ver con los dispositivos que se vinculan con la ley de salud  mental\u201d.<\/p>\n<p> El integrante del grupo de Usuarios explica la complejidad y el  desaf\u00edo que implica para el campo, pensar en t\u00e9rminos de los nuevos  enfoques, \u201calgo interesante a rescatar es que a su vez, esta ley plantea  muchas cosas muy interesantes pero a la vez, los dispositivos para  concretarlo son un desaf\u00edo a ser realizado. Donde se ven\u00eda trabajando es  en este espacio, en el neuro y en conjunto con la universidad, es  interesante que se logre la realizaci\u00f3n de nuevas formas y nuevos  dispositivos que son un desaf\u00edo a la creatividad tambi\u00e9n. Esto de cerrar  los neuropsiqui\u00e1tricos no implica destruir edificios, implica  readaptarlos, transformarlos, para poder brindar una real atenci\u00f3n en  salud mental, una real prevenci\u00f3n en salud mental y reci\u00e9n ah\u00ed, por lo  menos como lo pienso yo, cuando el neuro provincial -que se tendr\u00eda que  llamar de otro modo-, est\u00e9 apto para brindar salud mental en relaci\u00f3n a  lo que plantea la ley, reci\u00e9n ah\u00ed vamos a poder empezar a convidarlo a  los otros hospitales generales, como plantea la ley, a otros  dispensarios. Pero si cerramos hoy el neuro y empezaran a brindar  servicios de salud mental en los hospitales generales, no tienen otras  herramientas que las manicomiales, porque tampoco se tomaron el trabajo  de construirlas\u201d.<\/p>\n<p>De esta situaci\u00f3n, en C\u00f3rdoba el responsable es el ejecutivo  provincial y el Ministerio de Salud, que vienen haciendo o\u00eddos sordos a  los reclamos: \u201cDesde el estado qu\u00e9 respuesta hemos tenido, en concreto,  algo palpable, ninguna\u201d, aclara Guerra. \u201cS\u00ed se han acercado \u2013comenta  Britos- algunos referentes pol\u00edticos como Liliana Montero, que desde la  Legislatura present\u00f3 una nota a [Osvaldo] Navarro que es el director  general de salud mental, para que d\u00e9 explicaciones de esto. No se  present\u00f3 ninguna explicaci\u00f3n. Esta ley, por m\u00e1s que es nacional, tiene  su adecuaci\u00f3n a nivel provincial. En concreto, quien est\u00e1 ejecutando es  el poder ejecutivo provincial y ah\u00ed es donde est\u00e1 la falta.&nbsp; A nivel  provincial la ley est\u00e1 reglamentada, pero no tiene un \u00f3rgano de  control\u201d.<\/p>\n<p>\u201cVenimos teniendo mucho apoyo del Observatorio de Salud  Mental y de Derechos Humanos de la Universidad \u2013finaliza-, pero tendr\u00eda  que poder darse soluciones desde el ejecutivo de la provincia. Hasta nos  vemos por ah\u00ed en la situaci\u00f3n en la Asociaci\u00f3n de Usuarios, y que por  ah\u00ed nos desborda un poco, de empezar a ver c\u00f3mo les damos soluci\u00f3n  nosotros a algunas de estas cosas, porque realmente son urgentes, hasta  en modos muy sensibles, como personas que quedan en situaci\u00f3n de calle\u201d<\/p>\n<div class='share-to-whatsapp-wrapper'><div class='share-on-whsp'>Share on: <\/div><div class='clear '><\/div><\/div>","protected":false},"excerpt":{"rendered":"<p>En el Enredando las Ma\u00f1anas del 27 de mayo, abordamos un \u00e1rea sistem\u00e1ticamente dejada de lado por los gobiernos, la salud mental. En este caso,&nbsp; los avatares del Hospital Neuropsiqui\u00e1trico de C\u00f3rdoba &nbsp;en el marco del abandono estatal y la implementaci\u00f3n de la Ley Nacional de Derecho a la Protecci\u00f3n de la Salud Mental, aprobada [&hellip;]<\/p>\n","protected":false},"author":2,"featured_media":0,"comment_status":"open","ping_status":"open","sticky":false,"template":"","format":"standard","meta":{"footnotes":""},"categories":[18],"tags":[113,114,115],"class_list":["post-149","post","type-post","status-publish","format-standard","hentry","category-elm","tag-la-chispa","tag-salud","tag-salud-mental"],"_links":{"self":[{"href":"https:\/\/zumbalaturba.com.ar\/index.php?rest_route=\/wp\/v2\/posts\/149","targetHints":{"allow":["GET"]}}],"collection":[{"href":"https:\/\/zumbalaturba.com.ar\/index.php?rest_route=\/wp\/v2\/posts"}],"about":[{"href":"https:\/\/zumbalaturba.com.ar\/index.php?rest_route=\/wp\/v2\/types\/post"}],"author":[{"embeddable":true,"href":"https:\/\/zumbalaturba.com.ar\/index.php?rest_route=\/wp\/v2\/users\/2"}],"replies":[{"embeddable":true,"href":"https:\/\/zumbalaturba.com.ar\/index.php?rest_route=%2Fwp%2Fv2%2Fcomments&post=149"}],"version-history":[{"count":0,"href":"https:\/\/zumbalaturba.com.ar\/index.php?rest_route=\/wp\/v2\/posts\/149\/revisions"}],"wp:attachment":[{"href":"https:\/\/zumbalaturba.com.ar\/index.php?rest_route=%2Fwp%2Fv2%2Fmedia&parent=149"}],"wp:term":[{"taxonomy":"category","embeddable":true,"href":"https:\/\/zumbalaturba.com.ar\/index.php?rest_route=%2Fwp%2Fv2%2Fcategories&post=149"},{"taxonomy":"post_tag","embeddable":true,"href":"https:\/\/zumbalaturba.com.ar\/index.php?rest_route=%2Fwp%2Fv2%2Ftags&post=149"}],"curies":[{"name":"wp","href":"https:\/\/api.w.org\/{rel}","templated":true}]}}