{"id":1503,"date":"2016-09-25T15:10:10","date_gmt":"2016-09-25T15:10:10","guid":{"rendered":"http:\/\/zumbalaturba.com.ar\/?p=1503"},"modified":"2016-09-25T15:10:10","modified_gmt":"2016-09-25T15:10:10","slug":"jazz-trane-y-primavera-en-la-nota-azul","status":"publish","type":"post","link":"https:\/\/zumbalaturba.com.ar\/?p=1503","title":{"rendered":"Jazz, Trane y primavera en La Nota Azul"},"content":{"rendered":"<p style=\"padding-left: 30px;\"><em><strong>Dos veces al a\u00f1o los polos se encuentran a la misma distancia del sol y el d\u00eda dura exactamente lo mismo que la noche. Con mucha menos frecuencia sucede que alguien o algo viene a transformar todo lo que hab\u00eda sonado y todo lo que va a sonar. Un 23 de septiembre, hace 90 a\u00f1os, nac\u00eda John Coltrane, un verdadero equinoccio, la aut\u00e9ntica primavera, el sonido de Coltrane en <\/strong><\/em><a href=\"https:\/\/www.facebook.com\/lanotaazulradio\" target=\"_blank\"><strong>La Nota Azul<\/strong><\/a><em><strong>.<\/strong><\/em><\/p>\n<p>En este programa N\u00b0 75 de <strong>La Nota Azul<\/strong>, el programa de jazz y blues de la <strong>FM 99.5 Zumba La Turba<\/strong>, correspondiente al s\u00e1bado 24 de septiembre de 2016,\u00a0recordamos los 90 a\u00f1os del nacimiento de <strong>John Coltrane<\/strong> y abrimos con su m\u00fasica y una referencia al equinoccio de primavera que se vivi\u00f3 en la semana. El campe\u00f3n de los pesos pesados Coltrane entrega &#8220;<em>Equinox<\/em>&#8221; del \u00e1lbum <strong><em>Coltrane&#8217;s Sound<\/em><\/strong>\u00a0y &#8220;<em>Some Other Blue<\/em>s&#8221; de <em><strong>Coltrane Jazz<\/strong><\/em>, tomados de sus grabaciones completas para el sello Atlantic Records.<\/p>\n<p><img decoding=\"async\" class=\"alignleft wp-image-1506\" src=\"https:\/\/zumbalaturba.com.ar\/wp-content\/uploads\/2016\/09\/claudia-90x68.jpg\" alt=\"claudia\" width=\"109\" height=\"82\" \/>Luego presentamos el \u00e1lbum <em><strong>Super Petit<\/strong><\/em>\u00a0(2016) a cargo de <strong>The Claudia Quintet<\/strong>, liderado por el baterista y compositor <strong>John Hollenbeck<\/strong>. Jazz de vanguardia, free jazz, \u201cpos-ecl\u00e9ctico, una m\u00fasica llena de texturas, en la que importa m\u00e1s el grupo que los virtuosismos individuales.<\/p>\n<p>A continuaci\u00f3n, la nota azul explota en mil colores y nos regalamos el bloque Mozart por tres. Escuchamos el primer movimiento del <em>Concierto para piano N\u00b0 20<\/em> a cargo del pianista checo <strong>Peter Breiner<\/strong>, conocido por adaptar al concierto barroco la m\u00fasica de Los Beatles o de Elvis Presley por ejemplo. Son notorios los acentos modernos en las cadenzas que incorpora al Concierto. Tambi\u00e9n, claro, escuchamos a la exquisita pianista <strong>Mitsuko Uchida<\/strong> en la <em>Sonata N\u00b0 11 en La mayor<\/em>. Y como esto es un programa de jazz, la ofrenda musical cierra con la <em>Marcha Turca<\/em> de Mozart a cargo de <strong>Stefano Bollani<\/strong> en vivo en Alemania en 2015.<\/p>\n<p><img decoding=\"async\" class=\"alignleft wp-image-1507 \" src=\"https:\/\/zumbalaturba.com.ar\/wp-content\/uploads\/2016\/09\/tapa-punto-de-fuga-90x68.jpg\" alt=\"tapa-punto-de-fuga\" width=\"137\" height=\"103\" \/>La segunda novedad viene con <strong>Nicol\u00e1s Guerschberg<\/strong> y su \u00e1lbum recientemente editado y lanzado por el <strong>Club del Disco<\/strong>: <em><strong>Punto de fuga<\/strong><\/em>. Disco de piano solo, <img decoding=\"async\" class=\"alignright wp-image-1504 \" src=\"https:\/\/zumbalaturba.com.ar\/wp-content\/uploads\/2016\/09\/nico-g-blanco-y-negro1-foto-santiago-young-300x200.jpg\" alt=\"nico-g-blanco-y-negro1-foto-santiago-young\" width=\"218\" height=\"145\" srcset=\"https:\/\/zumbalaturba.com.ar\/wp-content\/uploads\/2016\/09\/nico-g-blanco-y-negro1-foto-santiago-young-300x200.jpg 300w, https:\/\/zumbalaturba.com.ar\/wp-content\/uploads\/2016\/09\/nico-g-blanco-y-negro1-foto-santiago-young-768x512.jpg 768w, https:\/\/zumbalaturba.com.ar\/wp-content\/uploads\/2016\/09\/nico-g-blanco-y-negro1-foto-santiago-young-1024x683.jpg 1024w\" sizes=\"(max-width: 218px) 100vw, 218px\" \/>grabado en una sola toma por Guerschberg, incorpora improvisaciones, creaciones personales, ideas que proliferaron en la sesi\u00f3n y deliciosas apropiaciones de un tema de los Beatles y tangos como <em>Nieblas del riachuelo<\/em>. Un disco que ya perfila para ser de lo mejor del a\u00f1o.<\/p>\n<p>Seguimos, adem\u00e1s, el recorrido por el circuito de los sellos independientes de la escena neoyorkina y abordamos nuevamente el sello <strong>Truth Revolution Records<\/strong>. Esta vez es el turno del saxofonista <strong>Kris Allen<\/strong> y su segundo disco <em><strong>Beloved<\/strong><\/em>\u00a0lanzado tambi\u00e9n en 2016.<\/p>\n<p>Nos despedimos con la agenda jazzera y algo del nuevo \u00e1lbum de <strong>Octafonic,<\/strong> la banda en la que militan <strong>Nicol\u00e1s Sor\u00edn<\/strong> y <strong>Cirilo Fern\u00e1ndez<\/strong>, titulado <em><strong>Mini Buda<\/strong><\/em>.<\/p>\n<div id='gallery-1' class='gallery galleryid-1503 gallery-columns-3 gallery-size-thumbnail'><figure class='gallery-item'>\n\t\t\t<div class='gallery-icon landscape'>\n\t\t\t\t<a href='https:\/\/zumbalaturba.com.ar\/?attachment_id=1508'><img loading=\"lazy\" decoding=\"async\" width=\"90\" height=\"68\" src=\"https:\/\/zumbalaturba.com.ar\/wp-content\/uploads\/2016\/09\/coltrane-sound-90x68.jpg\" class=\"attachment-thumbnail size-thumbnail\" alt=\"\" \/><\/a>\n\t\t\t<\/div><\/figure><figure class='gallery-item'>\n\t\t\t<div class='gallery-icon landscape'>\n\t\t\t\t<a href='https:\/\/zumbalaturba.com.ar\/?attachment_id=1509'><img loading=\"lazy\" decoding=\"async\" width=\"90\" height=\"68\" src=\"https:\/\/zumbalaturba.com.ar\/wp-content\/uploads\/2016\/09\/kris-allen-beloved-90x68.jpg\" class=\"attachment-thumbnail size-thumbnail\" alt=\"\" \/><\/a>\n\t\t\t<\/div><\/figure><figure class='gallery-item'>\n\t\t\t<div class='gallery-icon landscape'>\n\t\t\t\t<a href='https:\/\/zumbalaturba.com.ar\/?attachment_id=1510'><img loading=\"lazy\" decoding=\"async\" width=\"90\" height=\"68\" src=\"https:\/\/zumbalaturba.com.ar\/wp-content\/uploads\/2016\/09\/octafonictapaminibuda-90x68.jpg\" class=\"attachment-thumbnail size-thumbnail\" alt=\"\" \/><\/a>\n\t\t\t<\/div><\/figure>\n\t\t<\/div>\n\n<p>Todo eso y mucho m\u00e1s en dos horas de m\u00fasica, jazz y radio. Aqu\u00ed el <a href=\"http:\/\/ar.ivoox.com\/es\/nota-azul-n-75-24-09-2016-audios-mp3_rf_13049121_1.html\" target=\"_blank\"><strong>audio del programa<\/strong><\/a>:<\/p>\n<p><iframe id=\"audio_13049121\" style=\"border: 1px solid #EEE; box-sizing: border-box; width: 100%;\" src=\"https:\/\/ar.ivoox.com\/es\/player_ej_13049121_4_1.html?c1=ff6600\" width=\"300\" height=\"200\" frameborder=\"0\" scrolling=\"no\" allowfullscreen=\"allowfullscreen\"><\/iframe><\/p>\n<div class='share-to-whatsapp-wrapper'><div class='share-on-whsp'>Share on: <\/div><div class='clear '><\/div><\/div>","protected":false},"excerpt":{"rendered":"<p>Dos veces al a\u00f1o los polos se encuentran a la misma distancia del sol y el d\u00eda dura exactamente lo mismo que la noche. Con mucha menos frecuencia sucede que alguien o algo viene a transformar todo lo que hab\u00eda sonado y todo lo que va a sonar. Un 23 de septiembre, hace 90 a\u00f1os, [&hellip;]<\/p>\n","protected":false},"author":14,"featured_media":1505,"comment_status":"open","ping_status":"open","sticky":false,"template":"","format":"standard","meta":{"footnotes":""},"categories":[261],"tags":[81,395,52,293,353,305,296,397,166,396],"class_list":["post-1503","post","type-post","status-publish","format-standard","has-post-thumbnail","hentry","category-la-nota-azul","tag-agenda-cultural","tag-coltrane","tag-cultura","tag-jazz","tag-jazz-argentino","tag-jazz-federal-club","tag-la-nota-azul","tag-mozart","tag-musica","tag-nicolas-guerschberg"],"_links":{"self":[{"href":"https:\/\/zumbalaturba.com.ar\/index.php?rest_route=\/wp\/v2\/posts\/1503","targetHints":{"allow":["GET"]}}],"collection":[{"href":"https:\/\/zumbalaturba.com.ar\/index.php?rest_route=\/wp\/v2\/posts"}],"about":[{"href":"https:\/\/zumbalaturba.com.ar\/index.php?rest_route=\/wp\/v2\/types\/post"}],"author":[{"embeddable":true,"href":"https:\/\/zumbalaturba.com.ar\/index.php?rest_route=\/wp\/v2\/users\/14"}],"replies":[{"embeddable":true,"href":"https:\/\/zumbalaturba.com.ar\/index.php?rest_route=%2Fwp%2Fv2%2Fcomments&post=1503"}],"version-history":[{"count":0,"href":"https:\/\/zumbalaturba.com.ar\/index.php?rest_route=\/wp\/v2\/posts\/1503\/revisions"}],"wp:featuredmedia":[{"embeddable":true,"href":"https:\/\/zumbalaturba.com.ar\/index.php?rest_route=\/wp\/v2\/media\/1505"}],"wp:attachment":[{"href":"https:\/\/zumbalaturba.com.ar\/index.php?rest_route=%2Fwp%2Fv2%2Fmedia&parent=1503"}],"wp:term":[{"taxonomy":"category","embeddable":true,"href":"https:\/\/zumbalaturba.com.ar\/index.php?rest_route=%2Fwp%2Fv2%2Fcategories&post=1503"},{"taxonomy":"post_tag","embeddable":true,"href":"https:\/\/zumbalaturba.com.ar\/index.php?rest_route=%2Fwp%2Fv2%2Ftags&post=1503"}],"curies":[{"name":"wp","href":"https:\/\/api.w.org\/{rel}","templated":true}]}}