{"id":153,"date":"2015-05-24T04:30:00","date_gmt":"2015-05-24T04:30:00","guid":{"rendered":"http:\/\/zumbalaturba.com.ar\/2015\/05\/24\/reflexiones-inacabadas-sobre-el-%e2%80%aa%e2%80%8eniunamenos%e2%80%ac\/"},"modified":"2015-05-24T04:30:00","modified_gmt":"2015-05-24T04:30:00","slug":"reflexiones-inacabadas-sobre-el-%e2%80%aa%e2%80%8eniunamenos%e2%80%ac","status":"publish","type":"post","link":"https:\/\/zumbalaturba.com.ar\/?p=153","title":{"rendered":"Reflexiones -inacabadas- sobre el \u202a#\u200eNiUnaMenos\u202c"},"content":{"rendered":"<p><a href=\"http:\/\/1.bp.blogspot.com\/-XbDiih4YRA4\/VWFTETwpVRI\/AAAAAAAABVk\/7qO2zxdzcfo\/s1600\/frida%2Bniunamenos.jpg\" style=\"clear: right; float: right; margin-bottom: 1em; margin-left: 1em;\"><img fetchpriority=\"high\" decoding=\"async\" border=\"0\" height=\"320\" src=\"http:\/\/1.bp.blogspot.com\/-XbDiih4YRA4\/VWFTETwpVRI\/AAAAAAAABVk\/7qO2zxdzcfo\/s320\/frida%2Bniunamenos.jpg\" width=\"320\" \/><\/a>(por Nati Ddmm) Estos d\u00edas, aun conmocionada por el fin de semana pasado y la visita de  lxs familiares de los 43 estudiantes mexicanos desparecidos, anduvo  d\u00e1ndome vueltas por el cuerpo la frase &#8220;niunamenos&#8221;, repetida hasta el  hartazgo en todos los soportes imaginables.<\/p>\n<p>Entr\u00f3 impertinente por  la oreja, por los ojos. Claro, en tanta foto facebookera, tanto  comentario&#8230; Por momentos se me instalaba en la garganta. La rumiaba,  regurgitaba all\u00ed y pugnaba por salir. De ah\u00ed, pasaba al pecho: justito a  ese lugar donde, cuando sent\u00eds un hueco, dicen que est\u00e1 la angustia  (esa angustia por cada una que ya no est\u00e1). niunamenos. No s\u00e9 en qu\u00e9  momento la sent\u00ed en el est\u00f3mago, y me dio n\u00e1useas. Debe ser cuando vi  las fotos de tanto personaje nefasto y mis\u00f3gino con su cartel. En el  momento en que me distraje, sent\u00ed que me hormigueaba en las manos&#8230;  \u00a1tanta veces escribirla, grafitearla, estencilearla! Y de mis manos fue a  pasear por la memoria. Ah\u00ed donde se encontr\u00f3 en el recuerdo de y con  muchas otras.<\/p>\n<p> Necesit\u00e9 tooooda una semana y encontrarme con otras  para pensar en voz alta, para poner en palabras esa incomodidad, ese  malestar, que hac\u00edan que -incorrecci\u00f3n pol\u00edtica mediante- no pudiera  hacer del todo propia la convocatoria del pr\u00f3ximo 3 de junio. Lxs cumpas  de La Juana me convidaron la oportunidad de abrir ese claro en lo  cotidiano y en la catarata medi\u00e1tica para pensar\/nos juntxs, con los  ojos puestos en ese mi\u00e9rcoles tan cerquita y tan demandante de  respuesta. <\/p>\n<p> Como charl\u00e1bamos ayer, dec\u00eda. D\u00e1ndole vueltas, mirando  este \u201casunto\u201d por todos los costados, dec\u00eda\u2026 bu\u00e9, de todo esto, hay una  buena y una mala. \ud83d\ude42<\/p>\n<p> La buena es que hoy se sienten todxs obligadxs a salir con el  cartelito. Se sienten obligadxs porque socialmente est\u00e1 instalada la  exigencia, porque en la mayor parte de la sociedad -aunque no en toda-,  nadie puede salir felizmente a reivindicar o justificar el femicidio.  Aunque lo hagan puertas adentro, y en sus fallos judiciales, y en sus  clases, y en sus misas.<\/p>\n<p>Eso no es porque s\u00ed. Eso es porque muchas,  muchxs, venimos desde hace a\u00f1os denunciando el car\u00e1cter estructural,  sist\u00e9mico, de la violencia hacia las mujeres, de la violencia  heteropatriarcal.<\/p>\n<p><a href=\"http:\/\/1.bp.blogspot.com\/-2nTVtrVgDec\/VWFTF3-EJ9I\/AAAAAAAABV0\/H5n9JJwLFlo\/s1600\/niunamenos.jpg\" style=\"clear: left; float: left; margin-bottom: 1em; margin-right: 1em;\"><img decoding=\"async\" border=\"0\" height=\"320\" src=\"http:\/\/1.bp.blogspot.com\/-2nTVtrVgDec\/VWFTF3-EJ9I\/AAAAAAAABV0\/H5n9JJwLFlo\/s320\/niunamenos.jpg\" width=\"236\" \/><\/a>Porque los movimientos feminista y de mujeres venimos  instalando de hace tiempo ese zumbido, ese ruidito, en forma de  discurso, intervenci\u00f3n, protesta, marcha, cartel, canci\u00f3n, acci\u00f3n,  encuentro, que busca\/ba desnaturalizar lo que se pretende natural, la  dominaci\u00f3n, la opresi\u00f3n, la violencia patriarcales y su necesaria  convivencia con el capitalismo y el colonialismo. Antes, mucho m\u00e1s  solas.<\/p>\n<p>Ahora -\u00a1qu\u00e9 bueno!- con muchxs m\u00e1s compa\u00f1erxs. Como el hilo de  agua de deshielo que va meti\u00e9ndose por cada hendija que encuentra. Como  las gotitas que, con paciencia, horadan la piedra&#8230; \u00a1aunque a veces lo  hici\u00e9ramos a pedradas! \ud83d\ude42<i><u><\/u><\/i><\/p>\n<p>Por eso hoy salen r\u00e1pidamente a ponerse el cartel. Porque se saben  miradxs, juzgadxs. Tambi\u00e9n porque les da marketing, rating, o &#8220;voting&#8221;.<\/p>\n<p>Pero, \u00bfc\u00f3mo es posible que puedan enunciar niunamenos? \u00bfdesde qu\u00e9  lugar? \u00bfpor qu\u00e9 ese niunamenos suena tan distinto que nuestro  niunamenos?<\/p>\n<p>Ah\u00ed es donde la frase empez\u00f3 a hincarse adentro y a  convertirse en puntada, m\u00e1s y m\u00e1s dif\u00edcil. Yo no siento que pueda  compartir un lugar de enunciaci\u00f3n con esos seres (y casi que no quiero  nombrarlxs por temor a olvidarme de algunx, pero vale la pena: An\u00edbal  Fern\u00e1ndez, Tinelli, Legrand, entre tantxs otrxs. Prueben de poner  niunamenos en el buscador y van a quedar heladxs).<\/p>\n<p><a href=\"http:\/\/3.bp.blogspot.com\/-p6JMzKB1FdI\/VWFTFQMGt0I\/AAAAAAAABVs\/lht4zTrbQiQ\/s1600\/niunamenos2.jpg\" style=\"clear: right; float: right; margin-bottom: 1em; margin-left: 1em;\"><img decoding=\"async\" border=\"0\" height=\"320\" src=\"http:\/\/3.bp.blogspot.com\/-p6JMzKB1FdI\/VWFTFQMGt0I\/AAAAAAAABVs\/lht4zTrbQiQ\/s320\/niunamenos2.jpg\" width=\"176\" \/><\/a>Ahora intento dar  una explicaci\u00f3n de mi incomodidad, probemos por  ac\u00e1: la sensaci\u00f3n que  tengo es que ese niunamenos, a la vez que niega la violencia extrema  hacia las mujeres en la forma de femicidio -y s\u00f3lo esa-, nos recupera en  tanto nos ubica nuevamente en ese mismo lugar. Ya me voy enredando: esa  enunciaci\u00f3n encierra en s\u00ed de manera simult\u00e1nea dos operaciones: el &#8220;no  queremos m\u00e1s muertes de mujeres a manos de sus parejas, exparejas, etc&#8221;   y, al mismo tiempo, el volver a construirnos como mujeres en ese  id\u00e9ntico lugar de debilidad, de subordinaci\u00f3n, de sumisi\u00f3n. Como  mujeres, en tanto v\u00edctimas.<\/p>\n<p>mmm&#8230; s\u00ed, por ah\u00ed siento que va.<\/p>\n<p>Pero tambi\u00e9n hay m\u00e1s. \u00bfPor qu\u00e9 pueden decirlo esos personajes que tantas  veces hemos denunciado por su violencia de todo tipo hacia las mujeres,  esxs personajes a lxs que nos hemos cansado de escrachar de todos los  modos posibles?<\/p>\n<p>Porque se busca mostrar al femicidio s\u00f3lo como un  hecho extra-ordinario, excepcional. Como un &#8220;exceso&#8221; -si habremos  aprendido que no hay excesos, en nuestra historia, \u00bfno? Porque  discursivamente se lo disocia, se lo arranca, de la matriz  disciplinadora del heteropatriarcado. Porque se muestra el punto y se  oculta la trama, naturalizada, invisibilizada, de las pr\u00e1cticas  cotidianas de la violencia. Esas pr\u00e1cticas y discursos que socialmente  nos construyen como mujeres en el lugar de la subordinaci\u00f3n.<\/p>\n<p>\u00a1Ups!  volvimos. Entonces, ese niunamenos que enuncian los machos patriarcales,  cumple esa funci\u00f3n. Claramente, no es nuestro niunamenos.<\/p>\n<p>Es un  niunamenos que al hablar, calla. Al mostrar, oculta. Y se me vino de  golpe el pasamonta\u00f1as zapatista, que para mostrar, ocultaba. Justo al  rev\u00e9s.<\/p>\n<p>Mostremos, entonces. Mostremos que ese niunamenos, calla que  muchas de las mujeres asesinadas en manos de sus parejas, ex-parejas,  maridos, ex-maridos, etc, lo son en el momento en el que dijeron basta,  en el que se fueron, en el que se separaron, en el que dijeron a m\u00ed no  me pon\u00e9s una mano m\u00e1s encima. En el momento en que m\u00e1s libres quisieron  ser, en que ejercieron su autonom\u00eda, en el que -ojal\u00e1- abrazadas con  otras, decidieron que esa no era la vida que quer\u00edan. Claro que el  patriarcado actu\u00f3 \u2013y de la forma m\u00e1s brutal. Tuvo sus razones. \u00bfQueda  alguna duda de la funci\u00f3n disciplinadora del femicidio? Ya no para  ellas, sin dudas. Para todas nosotras, tal vez para sus hijas, para sus  hermanas, para que entendamos. Para que aprendamos. Pero qu\u00e9 suerte que  fuimos, somos y seguiremos siendo desobedientes.<\/p>\n<p>Mostremos tambi\u00e9n,  que muchas de ellas, cuando intentaron poner un freno a la violencia  machista, fueron abandonadas y expuestas por un estado que supuestamente  debi\u00f3 protegerlas, y cuyos funcionarios publican alegremente su foto  con el repetido cartel.<\/p>\n<p><a href=\"http:\/\/2.bp.blogspot.com\/-PiNJZvCar4U\/VWFTGC8tpeI\/AAAAAAAABV4\/pjtfwYvpHF4\/s1600\/niunamenos3.jpg\" style=\"clear: left; float: left; margin-bottom: 1em; margin-right: 1em;\"><img loading=\"lazy\" decoding=\"async\" border=\"0\" height=\"320\" src=\"http:\/\/2.bp.blogspot.com\/-PiNJZvCar4U\/VWFTGC8tpeI\/AAAAAAAABV4\/pjtfwYvpHF4\/s320\/niunamenos3.jpg\" width=\"204\" \/><\/a>Mostremos, y no nos olvidemos, que ese  niunamenos, tampoco nos incluye empoderadas en el momento de ejercer la  libertad de interrumpir un embarazo, de abortar. En esa cuenta no entra  el niunamenos. Esas mujeres salen del lugar de v\u00edctimas y toman control  sobre su cuerpo, a veces inmersas en una cadena de violencias. La  libertad de ellas no cabe en el niunamenos de lxs funcionarixs.<\/p>\n<p>Entonces recuperemos nosotras, nosotrxs, lxs de abajo, el niunamenos.  Llen\u00e9moslo de contenido y volqu\u00e9moslo a la vida cotidiana. <\/p>\n<p>Para  ayudarnos con eso, por suerte, la tenemos siempre a nuestra hermosa  Claudia. Van un fragmento de sus palabras, aunque recomiendo leerlas  todas:<\/p>\n<p>\u201c\u2026Ni una menos, decimos. Ni una menos, digo. Porque la  violencia machista tiene que ser enfrentada de una vez con toda  decisi\u00f3n. Porque si pudimos resistir a dictaduras crueles, tenemos que  poder enfrentar estos modos de torturar y asesinar que tienen a la vida  cotidiana como territorio de terror.<br \/> Ni una menos, decimos. Ni una  menos, digo. Por todas las mujeres que sufren golpes que no se sabe  cu\u00e1nto duelen y hasta d\u00f3nde llegan. Por todas las adolescentes y mujeres  prostituidas no por elecci\u00f3n libre sino por la brutal violencia que  resulta de la mezcla explosiva de la pobreza y el poder patriarcal. Por  todas las j\u00f3venes que hoy salen a la calle con miedo.  Por las mujeres  que no se animan a alejarse de sus agresores, porque no tienen modos de  sostener a sus hijos e hijas, que crecen entre golpes gritos y llantos  como realidad que se multiplicar\u00e1 en sus vidas. Por nuestros cuerpos  disciplinados brutalmente, seg\u00fan el deseo de los machos que hacen leyes,  dan misa, juzgan y condenan. Por nuestros cuerpos expropiados por el  Estado h\u00e9tero patriarcal, colonial, capitalista, y su Congreso, sus  Tribunales, sus c\u00e1rceles, sus fuerzas represivas, sus poderes  ejecutivos.<br \/> Ni una menos, decimos. Ni una menos, digo. Porque me  espanta la naturalizaci\u00f3n del dolor en formas de acci\u00f3n colectiva que al  tiempo que visibilizan los cr\u00edmenes, amortizan o canalizan la rabia.  Propongo entonces que busquemos que nuestras marchas, nuestras  movilizaciones contra los feminicidios produzcan hechos y gestos nuevos,  un despliegue de toda nuestra creatividad, nuevas organizaciones y  encuentros. Que atravesemos los corralitos de las desconfianzas y de los  muchos sectarismos, para hacer del \u201csi tocan a una nos tocan a todas\u201d  algo m\u00e1s que una consigna. Que sea una amenaza para quien levante su  mano o su voz o su gesto contra cualquiera de nosotras.  Redes de  mujeres indignadas, intolerantes ante el machismo, organizadas, alertas.  Haciendo de las buenas teor\u00edas mejores pr\u00e1cticas. Autodefensa  feminista. Acci\u00f3n colectiva. Lo personal politizado en clave de mujer,  en clave de lesbiana, de trans, de trava. La rabia como escudo. La  recuperaci\u00f3n de las calles, las plazas, las camas para el deseo y la  felicidad. A derrotar el miedo. A ganarle al dolor. Aprendiendo  de una  vez, que \u201c\u00a1Juntas somos poderosas!\u201d. \u00a1Aprendiendo a volar!\u201d<\/p>\n<p>Por eso sumo: Ante cualquier agresi\u00f3n&#8230; \u00a1autodefensa y organizaci\u00f3n!!!<br \/> \u00a1No nos victimicemos! \u00a1Respondamos!!!!<br \/> Basta de lavadas de cara y de manos de funcionarixs, pol\u00edticxs, que  justifican y refuerzan la violencia contra las mujeres!! \u00a1Sabemos  qui\u00e9nes son!<br \/> #NiUnaMenos<br \/> Gracias a <a data-gt=\"{&quot;entity_id&quot;:&quot;404678556357562&quot;,&quot;entity_path&quot;:&quot;WebPermalinkStreamController&quot;}\" data-hovercard=\"\/ajax\/hovercard\/page.php?id=404678556357562\" href=\"https:\/\/www.facebook.com\/lajuana.agrupacionestudiantil\">La Juana Agrupacion Estudiantil<\/a> por la invitaci\u00f3n a pensar con ellxs, a <a data-hovercard=\"\/ajax\/hovercard\/user.php?id=1512190045\" href=\"https:\/\/www.facebook.com\/profile.php?id=1512190045\">Moni<\/a>, Vicky, <a data-hovercard=\"\/ajax\/hovercard\/user.php?id=656866284\" href=\"https:\/\/www.facebook.com\/nadia.gonnelli\">Nadia<\/a>, <a data-hovercard=\"\/ajax\/hovercard\/user.php?id=100002581294678\" href=\"https:\/\/www.facebook.com\/daria.morgendorfer.5\">Sandra<\/a>, <a data-hovercard=\"\/ajax\/hovercard\/user.php?id=1186073490\" href=\"https:\/\/www.facebook.com\/MafitaEspejo\">Mafita<\/a>, <a data-hovercard=\"\/ajax\/hovercard\/user.php?id=100002446777701\" href=\"https:\/\/www.facebook.com\/jose.fernandez.7505\">Jos\u00e9<\/a>, <a data-hovercard=\"\/ajax\/hovercard\/user.php?id=100000303991604\" href=\"https:\/\/www.facebook.com\/faq.zeta\">Faq<\/a> por la pre-lectura (no me result\u00f3 f\u00e1cil escribir sobre esto)  <i><u>smile emoticon<\/u><\/i>  A <a data-hovercard=\"\/ajax\/hovercard\/user.php?id=100000158828192\" href=\"https:\/\/www.facebook.com\/claudia.korol.3\">Claudia<\/a> por prestarme sus palabras (siempre)<\/p>\n<div class='share-to-whatsapp-wrapper'><div class='share-on-whsp'>Share on: <\/div><div class='clear '><\/div><\/div>","protected":false},"excerpt":{"rendered":"<p>(por Nati Ddmm) Estos d\u00edas, aun conmocionada por el fin de semana pasado y la visita de lxs familiares de los 43 estudiantes mexicanos desparecidos, anduvo d\u00e1ndome vueltas por el cuerpo la frase &#8220;niunamenos&#8221;, repetida hasta el hartazgo en todos los soportes imaginables. Entr\u00f3 impertinente por la oreja, por los ojos. Claro, en tanta foto [&hellip;]<\/p>\n","protected":false},"author":2,"featured_media":0,"comment_status":"open","ping_status":"open","sticky":false,"template":"","format":"standard","meta":{"footnotes":""},"categories":[5],"tags":[26,7,94],"class_list":["post-153","post","type-post","status-publish","format-standard","hentry","category-transfeminismos","tag-feminicidio","tag-feminismos","tag-violencia"],"_links":{"self":[{"href":"https:\/\/zumbalaturba.com.ar\/index.php?rest_route=\/wp\/v2\/posts\/153","targetHints":{"allow":["GET"]}}],"collection":[{"href":"https:\/\/zumbalaturba.com.ar\/index.php?rest_route=\/wp\/v2\/posts"}],"about":[{"href":"https:\/\/zumbalaturba.com.ar\/index.php?rest_route=\/wp\/v2\/types\/post"}],"author":[{"embeddable":true,"href":"https:\/\/zumbalaturba.com.ar\/index.php?rest_route=\/wp\/v2\/users\/2"}],"replies":[{"embeddable":true,"href":"https:\/\/zumbalaturba.com.ar\/index.php?rest_route=%2Fwp%2Fv2%2Fcomments&post=153"}],"version-history":[{"count":0,"href":"https:\/\/zumbalaturba.com.ar\/index.php?rest_route=\/wp\/v2\/posts\/153\/revisions"}],"wp:attachment":[{"href":"https:\/\/zumbalaturba.com.ar\/index.php?rest_route=%2Fwp%2Fv2%2Fmedia&parent=153"}],"wp:term":[{"taxonomy":"category","embeddable":true,"href":"https:\/\/zumbalaturba.com.ar\/index.php?rest_route=%2Fwp%2Fv2%2Fcategories&post=153"},{"taxonomy":"post_tag","embeddable":true,"href":"https:\/\/zumbalaturba.com.ar\/index.php?rest_route=%2Fwp%2Fv2%2Ftags&post=153"}],"curies":[{"name":"wp","href":"https:\/\/api.w.org\/{rel}","templated":true}]}}