{"id":1581,"date":"2016-10-06T03:25:31","date_gmt":"2016-10-06T03:25:31","guid":{"rendered":"http:\/\/zumbalaturba.com.ar\/?p=1581"},"modified":"2016-10-06T03:25:42","modified_gmt":"2016-10-06T03:25:42","slug":"entrevista-la-salud-mental-se-planta","status":"publish","type":"post","link":"https:\/\/zumbalaturba.com.ar\/?p=1581","title":{"rendered":"Entrevista: &#8220;\u00a1La salud Mental se planta!&#8221;"},"content":{"rendered":"<p><img fetchpriority=\"high\" decoding=\"async\" class=\"size-medium wp-image-1582 alignright\" src=\"https:\/\/zumbalaturba.com.ar\/wp-content\/uploads\/2016\/10\/marcha-salud-mental-212x300.jpg\" alt=\"marcha-salud-mental\" width=\"212\" height=\"300\" srcset=\"https:\/\/zumbalaturba.com.ar\/wp-content\/uploads\/2016\/10\/marcha-salud-mental-212x300.jpg 212w, https:\/\/zumbalaturba.com.ar\/wp-content\/uploads\/2016\/10\/marcha-salud-mental.jpg 679w\" sizes=\"(max-width: 212px) 100vw, 212px\" \/>El pr\u00f3ximo viernes 7 de octubre se realizar\u00e1 en C\u00f3rdoba la III Marcha Federal por el Derecho a la Salud Mental bajo el lema &#8220;La salud Mental se planta. \u00a1que broten nuestros derechos!&#8221;. Compa\u00f1erxs del <strong>programa radial La Chispa, <\/strong>fruto del trabajo en el Hospital Neuropsiqui\u00e1trico Provincial comentan los reclamos que impulsan esta propuesta y la situaci\u00f3n de la salud mental.<\/p>\n<p><iframe src=\"https:\/\/archive.org\/download\/bloque003docentemarcos\/bloque005saludmental.mp3\" width=\"500\" height=\"30\" frameborder=\"0\" allowfullscreen=\"allowfullscreen\"><\/iframe><\/p>\n<div class='share-to-whatsapp-wrapper'><div class='share-on-whsp'>Share on: <\/div><div class='clear '><\/div><\/div>","protected":false},"excerpt":{"rendered":"<p>El pr\u00f3ximo viernes 7 de octubre se realizar\u00e1 en C\u00f3rdoba la III Marcha Federal por el Derecho a la Salud Mental bajo el lema &#8220;La salud Mental se planta. \u00a1que broten nuestros derechos!&#8221;. Compa\u00f1erxs del programa radial La Chispa, fruto del trabajo en el Hospital Neuropsiqui\u00e1trico Provincial comentan los reclamos que impulsan esta propuesta y [&hellip;]<\/p>\n","protected":false},"author":6,"featured_media":1582,"comment_status":"open","ping_status":"open","sticky":false,"template":"","format":"standard","meta":{"footnotes":""},"categories":[18],"tags":[412,115],"class_list":["post-1581","post","type-post","status-publish","format-standard","has-post-thumbnail","hentry","category-elm","tag-marcha","tag-salud-mental"],"_links":{"self":[{"href":"https:\/\/zumbalaturba.com.ar\/index.php?rest_route=\/wp\/v2\/posts\/1581","targetHints":{"allow":["GET"]}}],"collection":[{"href":"https:\/\/zumbalaturba.com.ar\/index.php?rest_route=\/wp\/v2\/posts"}],"about":[{"href":"https:\/\/zumbalaturba.com.ar\/index.php?rest_route=\/wp\/v2\/types\/post"}],"author":[{"embeddable":true,"href":"https:\/\/zumbalaturba.com.ar\/index.php?rest_route=\/wp\/v2\/users\/6"}],"replies":[{"embeddable":true,"href":"https:\/\/zumbalaturba.com.ar\/index.php?rest_route=%2Fwp%2Fv2%2Fcomments&post=1581"}],"version-history":[{"count":0,"href":"https:\/\/zumbalaturba.com.ar\/index.php?rest_route=\/wp\/v2\/posts\/1581\/revisions"}],"wp:featuredmedia":[{"embeddable":true,"href":"https:\/\/zumbalaturba.com.ar\/index.php?rest_route=\/wp\/v2\/media\/1582"}],"wp:attachment":[{"href":"https:\/\/zumbalaturba.com.ar\/index.php?rest_route=%2Fwp%2Fv2%2Fmedia&parent=1581"}],"wp:term":[{"taxonomy":"category","embeddable":true,"href":"https:\/\/zumbalaturba.com.ar\/index.php?rest_route=%2Fwp%2Fv2%2Fcategories&post=1581"},{"taxonomy":"post_tag","embeddable":true,"href":"https:\/\/zumbalaturba.com.ar\/index.php?rest_route=%2Fwp%2Fv2%2Ftags&post=1581"}],"curies":[{"name":"wp","href":"https:\/\/api.w.org\/{rel}","templated":true}]}}