{"id":159,"date":"2015-05-19T20:13:00","date_gmt":"2015-05-19T20:13:00","guid":{"rendered":"http:\/\/zumbalaturba.com.ar\/2015\/05\/19\/termino-la-etapa-cordoba-de-la-caravana-43-sudamerica\/"},"modified":"2015-05-19T20:13:00","modified_gmt":"2015-05-19T20:13:00","slug":"termino-la-etapa-cordoba-de-la-caravana-43-sudamerica","status":"publish","type":"post","link":"https:\/\/zumbalaturba.com.ar\/?p=159","title":{"rendered":"Termin\u00f3 la etapa C\u00f3rdoba de la Caravana 43 Sudam\u00e9rica"},"content":{"rendered":"<table cellpadding=\"0\" cellspacing=\"0\" style=\"float: right; margin-left: 1em; text-align: right;\">\n<tbody>\n<tr>\n<td style=\"text-align: center;\"><a href=\"https:\/\/scontent-mia.xx.fbcdn.net\/hphotos-xap1\/v\/t1.0-9\/11149372_1565908850341528_7957715180286034648_n.jpg?oh=7141e7e4f80f0388f79a9398d6cb98ad&amp;oe=55FC3310\" style=\"clear: left; margin-bottom: 1em; margin-left: auto; margin-right: auto;\"><img fetchpriority=\"high\" decoding=\"async\" border=\"0\" height=\"205\" src=\"https:\/\/scontent-mia.xx.fbcdn.net\/hphotos-xap1\/v\/t1.0-9\/11149372_1565908850341528_7957715180286034648_n.jpg?oh=7141e7e4f80f0388f79a9398d6cb98ad&amp;oe=55FC3310\" width=\"320\" \/><\/a><\/td>\n<\/tr>\n<tr>\n<td style=\"text-align: center;\">Foto: Desaprendizaje Aut\u00f3nomo<\/td>\n<\/tr>\n<\/tbody>\n<\/table>\n<p>(Por Radio Zumba la Turba) El lunes 18 de mayo fue<b> el \u00faltimo d\u00eda de la etapa cordobesa de la <a href=\"http:\/\/caravana43sudamerica.org\/\" target=\"_blank\">Caravana 43 Sudam\u00e9rica<\/a><\/b>, en la que familiares de los estudiantes normalistas desaparecidos en M\u00e9xico el pasado 26 de septiembre compartieron diversas instancias en su esfuerzo por difundir la verdad acerca de la desaparici\u00f3n de sus hijos y la actitud estatal.<br \/>Como cierre, el reclamo de <b>\u00a1Vivos los llevaron! \u00a1Vivos los queremos! \u00a1Ayotzi vive! \u00a1La lucha sigue!<\/b> se escuch\u00f3 por las calles del centro de la ciudad en el marco de una movilizaci\u00f3n que parti\u00f3 alrededor de las 18hs de Col\u00f3n y Gral. Paz.<\/p>\n<div style=\"clear: both; text-align: center;\"><a href=\"https:\/\/fbcdn-sphotos-g-a.akamaihd.net\/hphotos-ak-xpa1\/v\/t1.0-9\/11215756_837940656271072_747237433725400498_n.jpg?oh=42baa5aa9cb7bb2775c497b7f3dda96d&amp;oe=55FF4912&amp;__gda__=1438804015_5cdc93722e321858144b538a8ecb41ca\" style=\"clear: left; float: left; margin-bottom: 1em; margin-right: 1em;\"><img decoding=\"async\" border=\"0\" height=\"213\" src=\"https:\/\/fbcdn-sphotos-g-a.akamaihd.net\/hphotos-ak-xpa1\/v\/t1.0-9\/11215756_837940656271072_747237433725400498_n.jpg?oh=42baa5aa9cb7bb2775c497b7f3dda96d&amp;oe=55FF4912&amp;__gda__=1438804015_5cdc93722e321858144b538a8ecb41ca\" width=\"320\" \/><\/a><\/div>\n<p>En el cierre, en las inmediaciones del Teatro San Mart\u00edn,<b> Mario, Hilda Hern\u00e1ndez, Francisco e Hilda Legide\u00f1o y Francisco <\/b>se dirigieron a la sociedad cordobesa y a las organizaciones sociales, instando a que hagan suyo el reclamo por la aparici\u00f3n de los 43, y asumiendo como propias todas las luchas de nuestro pueblo.<br \/>En altavoz se escuch\u00f3 el relato de lo sucedido el 26 de septiembre de 2014, la denuncia y el reclamo de lxs familiares, la fortaleza de quienes, desde el dolor, han podido erguirse y hacerse escuchar en todos los rincones.<br \/>Desde aqu\u00ed, partir\u00e1n hacia las ciudades argentinas de Rosario y Buenos Aires, para luego cruzar a Montevideo (Uruguay) y seguir hacia Brasil.<br \/>Compartimos su mensaje, una vez m\u00e1s, esta vez arrojado al viento, bajo algunas gotas de lluvia, desde el pripio coraz\u00f3n de la Escuela Normal &#8220;Ra\u00fal Isidro Burgos&#8221; de Ayotzinapa, &#8220;cuna de la conciencia social&#8221;.<\/p>\n<p>Mario C\u00e9sar Gonz\u00e1lez, padre de C\u00e9sar Manuel Gonz\u00e1lez Hern\u00e1ndez.<br \/><iframe allowfullscreen=\"\" frameborder=\"0\" height=\"140\" mozallowfullscreen=\"true\" src=\"https:\/\/archive.org\/embed\/ActoLos43Cordoba\" webkitallowfullscreen=\"true\" width=\"500\"><\/iframe><br \/>Francisco Sanchez Nava, sobreviviente.<br \/><iframe allowfullscreen=\"\" frameborder=\"0\" height=\"140\" mozallowfullscreen=\"true\" src=\"https:\/\/archive.org\/embed\/ActoLos43Cordoba\" webkitallowfullscreen=\"true\" width=\"500\"><\/iframe><br \/>Hilda Hern\u00e1ndez, madre de C\u00e9sar Manuel Gonz\u00e1lez Hern\u00e1ndez<br \/><iframe src=\"https:\/\/archive.org\/embed\/ActoLos43Cordoba\" width=\"500\" height=\"140\" frameborder=\"0\" webkitallowfullscreen=\"true\" mozallowfullscreen=\"true\" allowfullscreen><\/iframe><br \/>Hilda Legide\u00f1o Vargas, madre de Jorge Antonio Tizapa<br \/><iframe allowfullscreen=\"\" frameborder=\"0\" height=\"140\" mozallowfullscreen=\"true\" src=\"https:\/\/archive.org\/embed\/ActoLos43Cordoba\" webkitallowfullscreen=\"true\" width=\"500\"><\/iframe><\/p>\n<div class='share-to-whatsapp-wrapper'><div class='share-on-whsp'>Share on: <\/div><div class='clear '><\/div><\/div>","protected":false},"excerpt":{"rendered":"<p>Foto: Desaprendizaje Aut\u00f3nomo (Por Radio Zumba la Turba) El lunes 18 de mayo fue el \u00faltimo d\u00eda de la etapa cordobesa de la Caravana 43 Sudam\u00e9rica, en la que familiares de los estudiantes normalistas desaparecidos en M\u00e9xico el pasado 26 de septiembre compartieron diversas instancias en su esfuerzo por difundir la verdad acerca de la [&hellip;]<\/p>\n","protected":false},"author":2,"featured_media":0,"comment_status":"open","ping_status":"open","sticky":false,"template":"","format":"standard","meta":{"footnotes":""},"categories":[],"tags":[62],"class_list":["post-159","post","type-post","status-publish","format-standard","hentry","tag-los-43"],"_links":{"self":[{"href":"https:\/\/zumbalaturba.com.ar\/index.php?rest_route=\/wp\/v2\/posts\/159","targetHints":{"allow":["GET"]}}],"collection":[{"href":"https:\/\/zumbalaturba.com.ar\/index.php?rest_route=\/wp\/v2\/posts"}],"about":[{"href":"https:\/\/zumbalaturba.com.ar\/index.php?rest_route=\/wp\/v2\/types\/post"}],"author":[{"embeddable":true,"href":"https:\/\/zumbalaturba.com.ar\/index.php?rest_route=\/wp\/v2\/users\/2"}],"replies":[{"embeddable":true,"href":"https:\/\/zumbalaturba.com.ar\/index.php?rest_route=%2Fwp%2Fv2%2Fcomments&post=159"}],"version-history":[{"count":0,"href":"https:\/\/zumbalaturba.com.ar\/index.php?rest_route=\/wp\/v2\/posts\/159\/revisions"}],"wp:attachment":[{"href":"https:\/\/zumbalaturba.com.ar\/index.php?rest_route=%2Fwp%2Fv2%2Fmedia&parent=159"}],"wp:term":[{"taxonomy":"category","embeddable":true,"href":"https:\/\/zumbalaturba.com.ar\/index.php?rest_route=%2Fwp%2Fv2%2Fcategories&post=159"},{"taxonomy":"post_tag","embeddable":true,"href":"https:\/\/zumbalaturba.com.ar\/index.php?rest_route=%2Fwp%2Fv2%2Ftags&post=159"}],"curies":[{"name":"wp","href":"https:\/\/api.w.org\/{rel}","templated":true}]}}