{"id":160,"date":"2015-05-19T18:09:00","date_gmt":"2015-05-19T18:09:00","guid":{"rendered":"http:\/\/zumbalaturba.com.ar\/2015\/05\/19\/se-realizo-la-tercera-jornada-de-la-caravana-43-sudamerica\/"},"modified":"2015-05-19T18:09:00","modified_gmt":"2015-05-19T18:09:00","slug":"se-realizo-la-tercera-jornada-de-la-caravana-43-sudamerica","status":"publish","type":"post","link":"https:\/\/zumbalaturba.com.ar\/?p=160","title":{"rendered":"Se realiz\u00f3 la tercera jornada de la caravana 43 Sudam\u00e9rica"},"content":{"rendered":"<p><a href=\"http:\/\/1.bp.blogspot.com\/-SKlbM_NMn1I\/VVt41wONKdI\/AAAAAAAABTw\/JUWO5mO2hIQ\/s1600\/11295743_1008587105827641_8480399526010947653_n.jpg\" style=\"clear: right; float: right; margin-bottom: 1em; margin-left: 1em;\"><img fetchpriority=\"high\" decoding=\"async\" border=\"0\" height=\"212\" src=\"http:\/\/1.bp.blogspot.com\/-SKlbM_NMn1I\/VVt41wONKdI\/AAAAAAAABTw\/JUWO5mO2hIQ\/s320\/11295743_1008587105827641_8480399526010947653_n.jpg\" width=\"320\" \/><\/a>Alrededor de las once de la ma\u00f1ana las y los familiares de los 43 desaparecidos de Ayotzinapa se acomodaban en el amplio escenario del auditorio de Radio Nacional C\u00f3rdoba, para compartir sus verdades. Ayotzinapa es semilla y ese mensaje es el que Francisco nos inculca en cada intervenci\u00f3n que hace durante la caravana 43 en Sudam\u00e9rica.<\/p>\n<p><a href=\"http:\/\/4.bp.blogspot.com\/-BHiorb66sAE\/VVt40zkve8I\/AAAAAAAABTk\/kiIC4TNe-zk\/s1600\/10404207_1008587012494317_3037599101966195349_n.jpg\" style=\"clear: left; float: left; margin-bottom: 1em; margin-right: 1em;\"><img decoding=\"async\" border=\"0\" height=\"320\" src=\"http:\/\/4.bp.blogspot.com\/-BHiorb66sAE\/VVt40zkve8I\/AAAAAAAABTk\/kiIC4TNe-zk\/s320\/10404207_1008587012494317_3037599101966195349_n.jpg\" width=\"212\" \/><\/a>Francisco S\u00e1nchez Nava, es estudiante de la escuela normal rural Ra\u00fal Isidro Burgos de Ayotzinapa. Pero no s\u00f3lo eso define el presente del joven mexicano. Francisco es uno de los sobrevivientes de los cr\u00edmenes y desapariciones forzadas por parte del Estado sufridos el 26 y 27 de septiembre del 2014. \u201cAgradecer a las organizaciones que nos invitaron, que hicieron lo posible para que la voz de Ayotzinapa llegara para tocar los corazones de hermanos y hermanas Argentinas\u2026\u201d Fueron las primeras palabras de Francisco al comenzar la conferencia de prensa.<\/p>\n<p>En su relato Francisco nos acerca a la experiencia educativa y de reflexi\u00f3n que se da en el proceso de formaci\u00f3n y lucha que hermana a los normalistas de Ayotzinapa. Habita el mensaje de la caravana 43 en las palabras de Francisco, la resistencia en la construcci\u00f3n pol\u00edtica de las escuelas normales rurales.<\/p>\n<p><iframe allowfullscreen=\"\" frameborder=\"0\" height=\"200\" scrolling=\"no\" src=\"https:\/\/www.ivoox.com\/player_ej_4514391_4_1.html?c1=ff6600\" style=\"border: 1px solid #EEE; box-sizing: border-box; width: 100%;\"><\/iframe> <\/p>\n<p>Hilda Hern\u00e1ndez, una de la madres de los 43 desaparecidos, convirti\u00f3 su dolor en lucha. Denunciando las atrocidades cometidas y explicando que hoy no existen pruebas cient\u00edficas que comprueben que sus hijos han sido encontrados sin vida. Y explico que la hip\u00f3tesis de que los estudiantes se encontraban sin vida en un basurero de Cocula, fueron desmentidas por los peritos argentinos, miembros del equipo forense de antropolog\u00eda forense.<\/p>\n<p><iframe allowfullscreen=\"\" frameborder=\"0\" height=\"200\" scrolling=\"no\" src=\"https:\/\/www.ivoox.com\/player_ej_4514404_4_1.html?c1=ff6600\" style=\"border: 1px solid #EEE; box-sizing: border-box; width: 100%;\"><\/iframe> <\/p>\n<p>Durante la conferencia Hilda Legide\u00f1o describi\u00f3 en el auditorio ante la audiencia prensente; como es su hijo y porque decidi\u00f3 participar de la escuela de Ayotzinapa.<\/p>\n<p><iframe allowfullscreen=\"\" frameborder=\"0\" height=\"200\" scrolling=\"no\" src=\"https:\/\/www.ivoox.com\/player_ej_4514415_4_1.html?c1=ff6600\" style=\"border: 1px solid #EEE; box-sizing: border-box; width: 100%;\"><\/iframe> <\/p>\n<p><iframe allowfullscreen=\"\" frameborder=\"0\" height=\"200\" scrolling=\"no\" src=\"https:\/\/www.ivoox.com\/player_ej_4514424_4_1.html?c1=ff6600\" style=\"border: 1px solid #EEE; box-sizing: border-box; width: 100%;\"><\/iframe> <br \/><a href=\"http:\/\/1.bp.blogspot.com\/-GlygJ1C3KMQ\/VVt41ehHP4I\/AAAAAAAABTo\/bADpbEAiAj8\/s1600\/11148353_1008587275827624_2652641703377031941_n.jpg\" style=\"clear: left; float: left; margin-bottom: 1em; margin-right: 1em;\"><img decoding=\"async\" border=\"0\" height=\"252\" src=\"http:\/\/1.bp.blogspot.com\/-GlygJ1C3KMQ\/VVt41ehHP4I\/AAAAAAAABTo\/bADpbEAiAj8\/s320\/11148353_1008587275827624_2652641703377031941_n.jpg\" width=\"320\" \/><\/a>Por la tarde la Caravana 43 continuo con una movilizaci\u00f3n en las calles de C\u00f3rdoba levantando la consigna \u00a1vivos se los llevaron, vivos los queremos! y hermanado las luchas de ambos territorios.<\/p>\n<p>En la intersecci\u00f3n de las calles Col\u00f3n y General Paz comenz\u00f3 a llegar la gente desde las 17:00hs se movilizaron por las calles c\u00e9ntricas de la ciudad. Nuestras luchas se hicieron una junto a los nombres de los 43 compa\u00f1eros desaparecidos y las voces se levantaron por un \u00a1Ayotzinapa vive, la lucha sigue, sigue!.<\/p>\n<p>Las y los familiares de los estudiantes normalistas hablaron por alta voz para las 1.500 personas que concurrieron al acto de cierre del primer recorrido de la caravana por Sudam\u00e9rica.<\/p>\n<div class='share-to-whatsapp-wrapper'><div class='share-on-whsp'>Share on: <\/div><div class='clear '><\/div><\/div>","protected":false},"excerpt":{"rendered":"<p>Alrededor de las once de la ma\u00f1ana las y los familiares de los 43 desaparecidos de Ayotzinapa se acomodaban en el amplio escenario del auditorio de Radio Nacional C\u00f3rdoba, para compartir sus verdades. Ayotzinapa es semilla y ese mensaje es el que Francisco nos inculca en cada intervenci\u00f3n que hace durante la caravana 43 en [&hellip;]<\/p>\n","protected":false},"author":2,"featured_media":0,"comment_status":"open","ping_status":"open","sticky":false,"template":"","format":"standard","meta":{"footnotes":""},"categories":[],"tags":[62],"class_list":["post-160","post","type-post","status-publish","format-standard","hentry","tag-los-43"],"_links":{"self":[{"href":"https:\/\/zumbalaturba.com.ar\/index.php?rest_route=\/wp\/v2\/posts\/160","targetHints":{"allow":["GET"]}}],"collection":[{"href":"https:\/\/zumbalaturba.com.ar\/index.php?rest_route=\/wp\/v2\/posts"}],"about":[{"href":"https:\/\/zumbalaturba.com.ar\/index.php?rest_route=\/wp\/v2\/types\/post"}],"author":[{"embeddable":true,"href":"https:\/\/zumbalaturba.com.ar\/index.php?rest_route=\/wp\/v2\/users\/2"}],"replies":[{"embeddable":true,"href":"https:\/\/zumbalaturba.com.ar\/index.php?rest_route=%2Fwp%2Fv2%2Fcomments&post=160"}],"version-history":[{"count":0,"href":"https:\/\/zumbalaturba.com.ar\/index.php?rest_route=\/wp\/v2\/posts\/160\/revisions"}],"wp:attachment":[{"href":"https:\/\/zumbalaturba.com.ar\/index.php?rest_route=%2Fwp%2Fv2%2Fmedia&parent=160"}],"wp:term":[{"taxonomy":"category","embeddable":true,"href":"https:\/\/zumbalaturba.com.ar\/index.php?rest_route=%2Fwp%2Fv2%2Fcategories&post=160"},{"taxonomy":"post_tag","embeddable":true,"href":"https:\/\/zumbalaturba.com.ar\/index.php?rest_route=%2Fwp%2Fv2%2Ftags&post=160"}],"curies":[{"name":"wp","href":"https:\/\/api.w.org\/{rel}","templated":true}]}}