{"id":161,"date":"2015-05-19T05:17:00","date_gmt":"2015-05-19T05:17:00","guid":{"rendered":"http:\/\/zumbalaturba.com.ar\/2015\/05\/19\/eso-es-lo-que-he-aprendido-de-ellos-que-nunca-debe-uno-callarse\/"},"modified":"2015-05-19T05:17:00","modified_gmt":"2015-05-19T05:17:00","slug":"eso-es-lo-que-he-aprendido-de-ellos-que-nunca-debe-uno-callarse","status":"publish","type":"post","link":"https:\/\/zumbalaturba.com.ar\/?p=161","title":{"rendered":"\u201cEso es lo que he aprendido de ellos, que nunca debe uno callarse\u201d"},"content":{"rendered":"<div style=\"clear: both; text-align: center;\"><a href=\"http:\/\/4.bp.blogspot.com\/-VKBhjo2oCSE\/VVq1mUvnLBI\/AAAAAAAABSg\/zhhS0NvPdSc\/s1600\/familiares%2Bde%2Blos%2B43%2Bzumba%2B%287%29.jpg\" style=\"clear: right; float: right; margin-bottom: 1em; margin-left: 1em;\"><img fetchpriority=\"high\" decoding=\"async\" border=\"0\" height=\"240\" src=\"http:\/\/4.bp.blogspot.com\/-VKBhjo2oCSE\/VVq1mUvnLBI\/AAAAAAAABSg\/zhhS0NvPdSc\/s320\/familiares%2Bde%2Blos%2B43%2Bzumba%2B(7).jpg\" width=\"320\" \/><\/a><\/div>\n<p>Caravana 43 Sudam\u00e9rica: entrevista a familiares (III)<\/p>\n<p>(Por Radio Zumba la Turba) <b>El pasado domingo 17 de mayo, familiares de los 43 estudiantes normalistas desparecidos en M\u00e9xico visitaron los estudios de Radio Zumba la Turba, en el marco de la Caravana 43 Sudam\u00e9rica, en el que fue su segundo d\u00eda en Argentina.<\/b><\/p>\n<p>En este tercer y \u00faltimo segmento de la entrevista, Francisco y Mario comparten la historia de lucha de la Escuela Normal de Ayotzinapa, mientras Hilda L.&nbsp; e Hilda H. nos env\u00edan un mensaje. (Leer parte <a href=\"http:\/\/www.zumbalaturba.com.ar\/2015\/05\/caravana-43-sudamerica-entrevista.html\" target=\"_blank\">uno <\/a>y <a href=\"http:\/\/www.zumbalaturba.com.ar\/2015\/05\/tenemos-que-salir-al-extranjero-para.html\" target=\"_blank\">dos<\/a> de la entrevista)<\/p>\n<p>Natalia: \u00bfPor qu\u00e9 la agresi\u00f3n a los normalistas, qu\u00e9 significan los normalistas en el estado de Guerrero, qu\u00e9 significa esta escuela de Ayotzinapa? \u00bfPor qu\u00e9 molestan estos j\u00f3venes?<\/p>\n<div style=\"clear: both; text-align: center;\"><a href=\"http:\/\/1.bp.blogspot.com\/-w5cVvYZsH_c\/VVq25qWLVuI\/AAAAAAAABTI\/DVqIyfwAQzk\/s1600\/logo_caravana43_2.jpg\" style=\"clear: left; float: left; margin-bottom: 1em; margin-right: 1em;\"><img decoding=\"async\" border=\"0\" height=\"237\" src=\"http:\/\/1.bp.blogspot.com\/-w5cVvYZsH_c\/VVq25qWLVuI\/AAAAAAAABTI\/DVqIyfwAQzk\/s320\/logo_caravana43_2.jpg\" width=\"320\" \/><\/a><\/div>\n<p><b style=\"mso-bidi-font-weight: normal;\">Mario:<\/b> Por los siete meses que llev\u00f3 all\u00e1, nosotros somos del centro de la Rep\u00fablica, del estado de Tlaxcala. Desgraciadamente, el gobierno nos puso ah\u00ed, no quer\u00edamos estar ah\u00ed. Desafortunadamente, mi esposa y yo nos tuvimos que ir a vivir a la escuela de Ayotzinapa y vender nuestras pertenencias para poder estar all\u00ed.<\/p>\n<div><\/div>\n<p>Fabiana: Les cambio la vida. <\/p>\n<div><b style=\"mso-bidi-font-weight: normal;\">Mario: <\/b>Totalmente, como dicen los muchachos, radicalmente. Entonces, yo quisiera que algunas personas, o algunas personas argentinas que han ido a visitar Ayotzinapa conocen ya la magnitud de la conciencia que tienen los alumnos, porque es una escuela de conciencia.  <\/div>\n<div>Y desgraciadamente, aparte de que sea una escuela de conciencia, es una escuela que lucha, un pueblo llamado Tixtla, junto a la escuela, que ese pueblo se estaba ahogando cuando hubo una tormenta muy grande. Y fueron los primeros los ayotzinapos, los que fueron a salvar el pueblo. <\/div>\n<div>Y n\u00famero dos, nunca hemos visto que gobierno de ning\u00fan pa\u00eds ataque una escuela de paga, porque ah\u00ed van los hijos de los pol\u00edticos, van los hijos de los empresarios. Ser\u00eda una pena de muerte que un pol\u00edtico mandara a golpear a ese tipo de ni\u00f1o. Siempre va a haber represi\u00f3n y represalias contra nosotros, los pobres, los chamacos que quieren levantar la voz. Y eso es lo que he aprendido de ellos, que nunca debe uno callarse. Que nunca debe uno callarse, y tener conciencia de lo que est\u00e9 de verdad pasando en el pa\u00eds de M\u00e9xico.<\/div>\n<div>Nuestro pa\u00eds est\u00e1 llorando, no nada m\u00e1s por los 43, est\u00e1 llorando por todo lo que le est\u00e1 haciendo este Pe\u00f1a Nieto al pa\u00eds y sus gobernantes: privatizando la educaci\u00f3n, privatizando el agua, privatizando la electricidad, vendiendo los recursos naturales, vendiendo todo. Todo. Tanto, que los diputados de all\u00e1 tienen sus relojes de hasta dos millones de pesos. Es una burla para nosotros los mexicanos, que todav\u00eda estemos pagando los viajes de las hijas del copet\u00f3n a Beverly Hill.<\/div>\n<div>\n<h3><b style=\"mso-bidi-font-weight: normal;\">Bienvenidos a la cuna de la conciencia social<\/b><\/h3>\n<\/div>\n<div>Fabiana: Francisco, \u00bfqu\u00e9 aprendiste en la Escuela Normal de Ayotzinapa?<\/div>\n<div><b style=\"mso-bidi-font-weight: normal;\">Francisco:<\/b>Ayotzinapa, como dijo el t\u00edo Mario, es una normal que, cuando entras por primera vez, te dan la bienvenida los compa\u00f1eros de tercero o de cuarto y te dicen &#8220;Bienvenido a la cuna de la conciencia social&#8221;. Poniendo un pie en Ayotzinapa, te dan una frase los dem\u00e1s compa\u00f1eros de academia superiores, que recuerdo mucho: <b style=\"mso-bidi-font-weight: normal;\">&#8220;Bienvenido a lo que no tiene inicio. Bienvenido a lo que no tiene fin. Bienvenidos a la lucha eterna por ser cada d\u00eda mejores. Algunos le llaman necedad. Nosotros le llamamos esperanza&#8221;<\/b>. <\/div>\n<div>Ayotzinapa te cambia la vida totalmente. Yo entr\u00e9 a Ayotzinapa y no llevaba esta conciencia&nbsp; como la que estoy agarrando. Yo pensaba que las cosas eran por parte del destino, que porque dios as\u00ed lo quiso, porque estamos mal, pero te das cuenta llegando a Ayotzinapa que las cosas pasan por algo, y ese algo es el estado. Ese algo son los empresarios que te est\u00e1n atacando y aquellos gobernantes que quieren verte siempre pisoteado, abajo y abajo. Ah\u00ed en Ayotzinapa, tenemos clases, tenemos que trabajar en el campo, para ir ayudando con lo que es la comida. Tenemos nuestras clases van desde 7 de la ma\u00f1ana hasta las 3 de la tarde, y de ah\u00ed saliendo de las clases, pasamos a comer y a trabajar nuestras tierras, a sembrarlas, cultivar ma\u00edz, sembrar flores, cosas que se producen all\u00e1, cilantro, rabanito. Igual, terminas de trabajar las tierras, de dar de comer a los animales, yeguas, cerdos, vacas. Terminas de hacer esas actividades, y a las 7, 8 de la noche ingresas a los c\u00edrculos de estudio, que te la dan compa\u00f1eros que forman parte del comit\u00e9 de la normal, empiezan a hablar de c\u00f3mo estamos siendo explotados por el capitalismo, de c\u00f3mo nos est\u00e1 atacando el gobierno, te van preparando pol\u00edticamente. Con esos c\u00edrculos de estudio vas agarrando un poco de lo que es Ayotzinapa, de lo que estamos viviendo verdaderamente en M\u00e9xico, porque desde a\u00f1os atr\u00e1s hemos sido golpeados como Ayotzinapa.<\/div>\n<div>El 12 de diciembre de 2011, a Ayotzinapa siempre le entregan 140 matr\u00edculas para nuevo ingreso. Y entonces, en diciembre les quer\u00edan recortar las 40, les quer\u00edan dar solamente 100 matr\u00edculas, quer\u00edan ir reduciendo poco a poco. Los compa\u00f1eros de aquel entonces, el 12 de diciembre se organizaron para moverse y exigir que se respetara el n\u00famero de matr\u00edcula que le dan. Y se organizaron y fueron a hacer una marcha, una manifestaci\u00f3n pac\u00edfica ah\u00ed en la capital del estado de Guerreo, Chilpancingo. Ten\u00edan bloqueada lo que es la autopista del sol, pero de forma pac\u00edfica. <\/div>\n<div>Fue cuando el gobernador que estaba, \u00c1ngel Aguirre Olivero, ordena a los mandos ministeriales policiales, militares, de que desalojaran la autopista a como diera lugar. Fue cuando llegan los ministeriales disparando y matan a dos compa\u00f1eros. Y ah\u00ed es donde se enfrenta Ayotzinapa y empieza a organizar un movimiento, que tambi\u00e9n fue muy fuerte ah\u00ed mismo en el pa\u00eds de M\u00e9xico, y en el estado de Guerrero fue muy fuerte el movimiento que se sumaron varias organizaciones en apoyo a Ayotzinapa. Se vio que hab\u00eda otras organizaciones.<\/div>\n<div>Pero despu\u00e9s el movimiento se vino abajo, porque las personas se cansaban de salir a marchas, y se qued\u00f3 la l\u00ednea de investigaci\u00f3n de los licenciados que estaban, pero resulta que hasta la fecha el crimen de estado ocurrido el 12 de diciembre, qued\u00f3 en la impunidad. <\/div>\n<div><\/p>\n<div style=\"clear: both; text-align: center;\"><a href=\"http:\/\/3.bp.blogspot.com\/-N-LHkzBjkG0\/VVq21y14jnI\/AAAAAAAABTA\/HO_dwZdYBYA\/s1600\/los%2B43.png\" style=\"clear: right; float: right; margin-bottom: 1em; margin-left: 1em;\"><img decoding=\"async\" border=\"0\" height=\"320\" src=\"http:\/\/3.bp.blogspot.com\/-N-LHkzBjkG0\/VVq21y14jnI\/AAAAAAAABTA\/HO_dwZdYBYA\/s320\/los%2B43.png\" width=\"197\" \/><\/a><\/div>\n<p>Despu\u00e9s se viene el 7 de enero de 2014, el a\u00f1o anterior, donde d\u00edas antes ya presentaban notas, tachando a Ayotzinapa por parte de televisi\u00f3n, por parte de entrevistas, Ayotzinapa eran unos guerrilleros, unos v\u00e1ndalos, unos revoltosos, y fue cuando el gobernador sac\u00f3 una nota, pues quer\u00eda desaparecer Ayotzinapa, a como diera lugar. Y el 7 de enero se viene el supuesto accidente, donde atropellan a dos compa\u00f1eros que perdieron la vida. Igual \u00edbamos a exigir la declaraci\u00f3n del chofer de aquel tr\u00e1iler que mat\u00f3 a los dos compa\u00f1eros, dec\u00edan que iba a tardar meses en que se procesara si el del tr\u00e1iler iba a ser detenido o no, o sea, eran un total encubrimiento de las partes militares hacia el culpable. <\/p><\/div>\n<div>Se viene el 26 de septiembre que dej\u00f3 afectadas a todas las personas. <\/div>\n<div><\/p>\n<h3><b style=\"mso-bidi-font-weight: normal;\">&#8220;No nos dejen solos&#8221;<\/b><\/h3>\n<p>Natalia: Sabemos que este es el primer escal\u00f3n de una Caravana 43 Sudam\u00e9rica, que se va a extender por varias ciudades en tres pa\u00edses, Argentina, Uruguay y Brasil. Esta es tambi\u00e9n la primera comunicaci\u00f3n en Argentina para el resto de la gente, quer\u00edamos saber, Hilda, si hay algo m\u00e1s que quieran decirles a quienes est\u00e1n escuchando, a quienes estamos convocando desde ac\u00e1 para que se acerquen a la movilizaci\u00f3n del lunes a las 17hs y la charla abierta en C\u00f3rdoba. Pero tambi\u00e9n nos est\u00e1n escuchando en otras ciudades de Argentina. \u00bfQuieren enviarles alg\u00fan mensaje?<\/p><\/div>\n<div><\/div>\n<div><b style=\"mso-bidi-font-weight: normal;\">Hilda L:<\/b> Mi nombre es Hilda Legide\u00f1o, y quiero pedirles que nos acompa\u00f1en en todos los eventos donde vamos a estar, toda la informaci\u00f3n que nosotros traemos es lo que estamos viviendo en Ayotzinapa, el gobierno tiene su versi\u00f3n que es muy diferente a lo que nosotros estamos pasando. As\u00ed que les pedimos que nos acompa\u00f1en, para que sepan la realidad de todo lo que estamos viviendo.<\/div>\n<div><b style=\"mso-bidi-font-weight: normal;\">Hilda H:<\/b> Hilda Hern\u00e1ndez, pues muchas gracias por darnos este espacio para poder difundir lo que estamos en realidad viviendo, y que tambi\u00e9n nos acompa\u00f1en, que no nos dejen solos. Y muchas gracias tambi\u00e9n por acogernos aqu\u00ed en su pa\u00eds.<\/div>\n<div>Fabiana: Gracias Francisco por tu testimonio,&nbsp; es muy valioso. Muchas gracias. \u00bfMario?<\/div>\n<div><b style=\"mso-bidi-font-weight: normal;\">Mario:<\/b> Nada m\u00e1s decirles que gracias, muchas gracias, hermanos argentinos, por habernos apoyado en llegar hasta ac\u00e1. Esperemos que nos acompa\u00f1en en todos los eventos que tenemos, y que siempre los vamos a llevar en nuestro coraz\u00f3n. Que dios los bendiga a todos, y ojal\u00e1 est\u00e9n con nosotros en las actividades.<\/div>\n<div>Natalia: Desde Zumba la turba, un orgullo y una emoci\u00f3n tenerlos aqu\u00ed y poder ayudar desde esta peque\u00f1a trinchera. Una los escucha y escucha muchas otras voces, de muchas madres, de muchos padres de aqu\u00ed tambi\u00e9n.<\/div>\n<div>Fabiana: Muchas gracias otra vez.<\/div>\n<div class='share-to-whatsapp-wrapper'><div class='share-on-whsp'>Share on: <\/div><div class='clear '><\/div><\/div>","protected":false},"excerpt":{"rendered":"<p>Caravana 43 Sudam\u00e9rica: entrevista a familiares (III) (Por Radio Zumba la Turba) El pasado domingo 17 de mayo, familiares de los 43 estudiantes normalistas desparecidos en M\u00e9xico visitaron los estudios de Radio Zumba la Turba, en el marco de la Caravana 43 Sudam\u00e9rica, en el que fue su segundo d\u00eda en Argentina. En este tercer [&hellip;]<\/p>\n","protected":false},"author":2,"featured_media":0,"comment_status":"open","ping_status":"open","sticky":false,"template":"","format":"standard","meta":{"footnotes":""},"categories":[1],"tags":[62],"class_list":["post-161","post","type-post","status-publish","format-standard","hentry","category-sin-categoria","tag-los-43"],"_links":{"self":[{"href":"https:\/\/zumbalaturba.com.ar\/index.php?rest_route=\/wp\/v2\/posts\/161","targetHints":{"allow":["GET"]}}],"collection":[{"href":"https:\/\/zumbalaturba.com.ar\/index.php?rest_route=\/wp\/v2\/posts"}],"about":[{"href":"https:\/\/zumbalaturba.com.ar\/index.php?rest_route=\/wp\/v2\/types\/post"}],"author":[{"embeddable":true,"href":"https:\/\/zumbalaturba.com.ar\/index.php?rest_route=\/wp\/v2\/users\/2"}],"replies":[{"embeddable":true,"href":"https:\/\/zumbalaturba.com.ar\/index.php?rest_route=%2Fwp%2Fv2%2Fcomments&post=161"}],"version-history":[{"count":0,"href":"https:\/\/zumbalaturba.com.ar\/index.php?rest_route=\/wp\/v2\/posts\/161\/revisions"}],"wp:attachment":[{"href":"https:\/\/zumbalaturba.com.ar\/index.php?rest_route=%2Fwp%2Fv2%2Fmedia&parent=161"}],"wp:term":[{"taxonomy":"category","embeddable":true,"href":"https:\/\/zumbalaturba.com.ar\/index.php?rest_route=%2Fwp%2Fv2%2Fcategories&post=161"},{"taxonomy":"post_tag","embeddable":true,"href":"https:\/\/zumbalaturba.com.ar\/index.php?rest_route=%2Fwp%2Fv2%2Ftags&post=161"}],"curies":[{"name":"wp","href":"https:\/\/api.w.org\/{rel}","templated":true}]}}