{"id":162,"date":"2015-05-19T04:55:00","date_gmt":"2015-05-19T04:55:00","guid":{"rendered":"http:\/\/zumbalaturba.com.ar\/2015\/05\/19\/tenemos-que-salir-al-extranjero-para-difundir-lo-que-estamos-viviendo\/"},"modified":"2015-05-19T04:55:00","modified_gmt":"2015-05-19T04:55:00","slug":"tenemos-que-salir-al-extranjero-para-difundir-lo-que-estamos-viviendo","status":"publish","type":"post","link":"https:\/\/zumbalaturba.com.ar\/?p=162","title":{"rendered":"&#8220;Tenemos que salir al extranjero para difundir lo que estamos viviendo&#8221;"},"content":{"rendered":"<div style=\"clear: both; text-align: center;\"><a href=\"http:\/\/3.bp.blogspot.com\/-feBlWJ025uA\/VVq1l0LzbQI\/AAAAAAAABSc\/RsrtGDwCPgI\/s1600\/familiares%2Bde%2Blos%2B43%2Bzumba%2B%285%29.jpg\" style=\"clear: right; float: right; margin-bottom: 1em; margin-left: 1em;\"><img fetchpriority=\"high\" decoding=\"async\" border=\"0\" height=\"212\" src=\"http:\/\/3.bp.blogspot.com\/-feBlWJ025uA\/VVq1l0LzbQI\/AAAAAAAABSc\/RsrtGDwCPgI\/s320\/familiares%2Bde%2Blos%2B43%2Bzumba%2B(5).jpg\" width=\"320\" \/><\/a><\/div>\n<div style=\"line-height: normal; margin-bottom: 6.0pt;\"><b style=\"mso-bidi-font-weight: normal;\"><span style=\"font-family: &quot;Times New Roman&quot;,&quot;serif&quot;; font-size: 12.0pt; mso-fareast-font-family: &quot;Times New Roman&quot;; mso-fareast-language: ES;\">Caravana 43 Sudam\u00e9rica: entrevista a familiares (II)<\/span><\/b><\/div>\n<div style=\"line-height: normal; margin-bottom: 6.0pt;\"><span style=\"mso-bidi-font-weight: normal;\"><span style=\"font-family: &quot;Times New Roman&quot;,&quot;serif&quot;; font-size: 12.0pt; mso-fareast-font-family: &quot;Times New Roman&quot;; mso-fareast-language: ES;\">(Por Radio Zumba la Turba) <\/span><\/span><b style=\"mso-bidi-font-weight: normal;\"><span style=\"font-family: &quot;Times New Roman&quot;,&quot;serif&quot;; font-size: 12.0pt; mso-fareast-font-family: &quot;Times New Roman&quot;; mso-fareast-language: ES;\">El pasado domingo 17 de mayo, familiares de los 43 estudiantes normalistas desparecidos en M\u00e9xico visitaron los estudios de Radio Zumba la Turba, en el marco de la Caravana 43 Sudam\u00e9rica, en el que fue su segundo d\u00eda en Argentina.<\/span><\/b><span style=\"font-family: &quot;Times New Roman&quot;,&quot;serif&quot;; font-size: 12.0pt; mso-fareast-font-family: &quot;Times New Roman&quot;; mso-fareast-language: ES;\"><\/span><\/div>\n<div>En esta segunda parte de la entrevista, Hilda Legide\u00f1o, Mario Gonz\u00e1lez e Hilda Hern\u00e1ndez explican el porqu\u00e9 de la Caravana 43 Ayotzinapa y denuncian las irregularidades de la investigaci\u00f3n oficial. (ver <a href=\"http:\/\/www.zumbalaturba.com.ar\/2015\/05\/caravana-43-sudamerica-entrevista.html\" target=\"_blank\">primera <\/a>parte de la entrevista)<\/div>\n<div><\/div>\n<div style=\"clear: both; text-align: center;\"><a href=\"http:\/\/1.bp.blogspot.com\/-w5cVvYZsH_c\/VVq25qWLVuI\/AAAAAAAABTI\/DVqIyfwAQzk\/s1600\/logo_caravana43_2.jpg\" style=\"clear: left; float: left; margin-bottom: 1em; margin-right: 1em;\"><img decoding=\"async\" border=\"0\" height=\"237\" src=\"http:\/\/1.bp.blogspot.com\/-w5cVvYZsH_c\/VVq25qWLVuI\/AAAAAAAABTI\/DVqIyfwAQzk\/s320\/logo_caravana43_2.jpg\" width=\"320\" \/><\/a><\/div>\n<div>Fabiana: \u00bfQu\u00e9 est\u00e1n haciendo aqu\u00ed en Argentina Hilda?&nbsp;<\/div>\n<div><\/div>\n<div><\/div>\n<div><b style=\"mso-bidi-font-weight: normal;\">Hilda Legide\u00f1o<\/b>: Desgraciadamente, en M\u00e9xico ya el gobierno vimos que no nos ha atendido, no ha buscado a nuestros hijos. Ahora tenemos que salir al extranjero para difundir la problem\u00e1tica que estamos viviendo, porque ya el gobierno no atiende, el 27 de enero dijo que el caso ya estaba cerrado. As\u00ed que desde ese momento, ya el gobierno no nos ha abierto la puerta, al contrario, ya para ellos ya dieron su versi\u00f3n hist\u00f3rica, pero nosotros como padres no la aceptamos. No la aceptamos porque hay muchas irregularidades en la investigaci\u00f3n. As\u00ed que despu\u00e9s tenemos que salir a difundir todo lo que est\u00e1 sucediendo en M\u00e9xico. <\/div>\n<div>El gobierno dice que el caso Ayotzinapa es un caso aislado, desgraciadamente no lo es. Porque hay m\u00e1s de 30mil desparecidos, y la mayor parte de las desapariciones forzadas han sido en el mandato de Enrique Pe\u00f1a Nieto. As\u00ed que nosotros como padres tenemos que buscar la manera de c\u00f3mo encontrar a nuestros hijos, as\u00ed tengamos que viajar a otros lugares para difundir, pues lo vamos a hacer. <\/div>\n<div>Ese es el motivo que nos trae a otros pa\u00edses.<\/div>\n<h3><b>Nuestra lucha es por encontrar a nuestros hijos y para que ya no siga ocurriendo<\/b> <\/h3>\n<div>Natalia: \u00bfQu\u00e9 paso con la sociedad, el pueblo? Ustedes han sido muy claros con la denuncia de que el responsable fue el estado, \u00bfc\u00f3mo fue la respuesta del pueblo mexicano?<\/div>\n<div><b style=\"mso-bidi-font-weight: normal;\">Hilda<\/b> <b style=\"mso-bidi-font-weight: normal;\">L.<\/b>: El pueblo se ha solidarizado con nosotros, porque tambi\u00e9n tienen hijos. Y al ver que esto est\u00e1 ocurriendo en M\u00e9xico, pues por eso se han solidarizado, porque tambi\u00e9n tienen el temor de que sus hijos desaparezcan. Nuestra lucha es por encontrar a nuestros hijos y para que ya no siga ocurriendo. Toda la ciudadan\u00eda nos ha apoyado y esperamos seguir contando con el apoyo de todo el pueblo mexicano.<\/div>\n<div><\/div>\n<div>Fabiana: Han hecho un sinn\u00famero de marchas de intervenciones, todos los meses se re\u00fanen en carreteras, en ciudades, incluso en medios de comunicaci\u00f3n donde han participado en tomas de medios de comunicaci\u00f3n. La intriga que tenemos nosotros desde aqu\u00ed, cuando no conocemos el contexto, la realidad pol\u00edtica social y econ\u00f3mica mexicana, nos llama la atenci\u00f3n que ustedes desde un principio fueron muy claros en se\u00f1alar &#8220;fue el estado&#8221;, &#8220;vivos se los llevaron, vivos los queremos&#8221;, \u00bfpor qu\u00e9?<\/div>\n<div><b style=\"mso-bidi-font-weight: normal;\">Hilda Hern\u00e1ndez<\/b>: Porque como dice mi compa\u00f1era, en sus investigaciones que ha hecho nuestro gobierno mexicano no concuerda con lo que dice, con lo que hemos visto y estamos viviendo. Ellos se basan en cosas, por decirlas, pero no porque ya las investigaron. Y nosotros s\u00ed podemos decir que las investigaciones que llevan los peritos argentinos que tenemos, hasta ahorita, donde llevan ellos la investigaci\u00f3n, ha sido nula, o sea, negativo, a lo que ha dicho este gobierno mexicano. O sea, no&#8230; y es por eso que m\u00e1s coraje nos da. Por las mentiras que ellos sacan, por querer quedar en bien.<\/div>\n<div>Por eso es que nosotros insistimos en que nuestros hijos est\u00e1n vivos.<\/div>\n<div>Fabiana: Tenemos que recordar que ha estado trabajando el Equipo Argentino de Antropolog\u00eda Forense en M\u00e9xico en la investigaci\u00f3n, de manera muy seria, porque el gobierno les quer\u00eda tirar pruebas falsas. El EAAF sac\u00f3 un comunicado muy claro en el que dec\u00eda que no les constaba el origen de las pruebas que les entregaba para analizar la Procuraci\u00f3n. <\/div>\n<h3><b>Las mentiras del gobierno<\/b> <\/h3>\n<div style=\"clear: both; text-align: center;\"><a href=\"http:\/\/4.bp.blogspot.com\/-5Ayqyb_vZHA\/VVq1jc186zI\/AAAAAAAABSU\/UlqzsXW_3HE\/s1600\/familiares%2Bde%2Blos%2B43%2Bzumba%2B%284%29.jpg\" style=\"clear: right; float: right; margin-bottom: 1em; margin-left: 1em;\"><img decoding=\"async\" border=\"0\" height=\"320\" src=\"http:\/\/4.bp.blogspot.com\/-5Ayqyb_vZHA\/VVq1jc186zI\/AAAAAAAABSU\/UlqzsXW_3HE\/s320\/familiares%2Bde%2Blos%2B43%2Bzumba%2B(4).jpg\" width=\"212\" \/><\/a><\/div>\n<div>Natalia: La sensaci\u00f3n es que el gobierno mexicano est\u00e1 muy apurado en cerrar el caso, porque a nivel internacional, es una pregunta en el mundo dirigida al estado mexicano y a Pe\u00f1a Nieto. Y por otro lado, en lugar de cerrarse la investigaci\u00f3n, en la b\u00fasqueda que con todo&nbsp; el coraje y fortaleza han iniciado ustedes, lo que ha aparecido es un mont\u00f3n de otras situaciones similares que estaban acalladas. El dolor de encontrar otras fosas, con otros hijos e hijas, que pareciera que el estado no se pregunta qui\u00e9nes son, tampoco. Lo de ustedes es una punta de lanza de la denuncia de una violencia que habla de muchos hijos e hijas que hace a\u00f1os que vienen siendo desaparecidos y asesinados en M\u00e9xico. \u00bfC\u00f3mo ven ustedes la importancia de la lucha que est\u00e1n llevando?<\/div>\n<div><b style=\"mso-bidi-font-weight: normal;\">Mario Gonz\u00e1lez:<\/b>Lo que pasa es que en el transcurso de nuestro caminar, desde el 27 de septiembre, fuimos descubriendo tantas mentiras del gobierno, que de ah\u00ed empezaron la situaci\u00f3n de que hab\u00eda la necesidad de tantas fosas que \u00edbamos encontrando y tantos muertos, que nosotros exig\u00edamos que se encontraran a los familiares de esas personas, que las estaban llorando. No sab\u00edan en d\u00f3nde se encontraban. <\/div>\n<div>Entonces nos volv\u00edan el tiro el gobierno porque a nosotros nos lo quisieron entregar tres veces muertos, tres veces muertos, fosas, ahogados, y decapitados. Entonces de que la gente ahora se nos est\u00e1 uniendo, pues se est\u00e1 uniendo con fuerza de que tambi\u00e9n ellos quieren encontrar a sus familiares, es porque no ten\u00edan la oportunidad que hemos tenido nosotros, con el carisma, que hemos logrado con las marchas , con nuestros movimientos, con nuestro no cansancio, con nuestro no comer. Esa gente nunca tuvo la oportunidad que nosotros hemos tenido de poder enfrentarnos a un micr\u00f3fono, que en nuestra vida hab\u00edamos tenido la oportunidad o el deseo de estar enfrente de un micr\u00f3fono, que las circunstancias nos obligaron a hablar, porque es nuestra \u00fanica arma. <\/div>\n<div>Entonces toda esa gente, siempre lo hemos dicho, son 43 alumnos de Ayotzinapa, y son 43 hijos de nosotros. Es por eso, que siempre el gobierno nos ha atacado de distintas maneras. Ahorita, t\u00fa tocaste el tema de la bolsa que est\u00e1n negando los peritos argentinos, los forenses argentinos, que ellos no lo agarraron de donde estaba, del basurero de Colula, sino que se las entreg\u00f3 la Procuradur\u00eda General de la Rep\u00fablica, de la cual nosotros no confiamos en absolutamente nada. Y no nada m\u00e1s es no confiar, es que ellos se ganaron nuestra desconfianza. Desde Enrique Pe\u00f1a Nieto, que a nosotros nos empez\u00f3 a mentir porque a \u00e9l nos ofreci\u00f3 diez puntos: b\u00fasqueda internacional, b\u00fasqueda nacional, b\u00fasqueda con la mejor tecnolog\u00eda de la naci\u00f3n, miles de gendarmer\u00eda, marinos, ej\u00e9rcito&#8230;&nbsp; y de los cuales no nos cumpli\u00f3 nada. Los padres de familia iban a la b\u00fasqueda, y nada m\u00e1s les daban un paseo en helic\u00f3ptero y nunca hubo la oportunidad de bajar a hacer una b\u00fasqueda ver\u00eddica. O nosotros, como padres, tenemos que andar investigando puntos y d\u00e1rselos a la gendarmer\u00eda. Y ellos nada m\u00e1s iban, y que no hab\u00eda nada. Nada m\u00e1s nos sacaban a pasear, y esas eran sus b\u00fasquedas. Entonces yo no comprendo c\u00f3mo en el estado mexicano no tenemos inteligencia, no tenemos la capacidad como para que ellos hagan su trabajo, no nosotros. <\/div>\n<div>Tanto as\u00ed que por no hacer su trabajo, se les fue de las manos y se les sali\u00f3 de control toda la gente que tenemos. <\/div>\n<div>Enrique Pe\u00f1a Nieto siempre dec\u00eda que \u00e9ramos minor\u00eda. Ya les demostramos que no somos minor\u00eda, que somos mayor\u00eda. Que antes se re\u00eda, ahora est\u00e1 preocupado y demasiado preocupado. Entonces toda la situaci\u00f3n es porque ellos mismos lo han iniciado, no nosotros. Al menos yo no quiero estar aqu\u00ed, ellos me pusieron estar aqu\u00ed. Y no es otra cosa m\u00e1s que siempre lo hemos dicho, queremos a nuestros hijos con vida porque no tenemos nada cient\u00edficamente de lo contrario. Nosotros, en lo particular, yo digo que mis 43 hijos est\u00e1n vivos porque los antrop\u00f3logos argentinos, con lo que re\u00fanen del caso, con la verdad hist\u00f3rica, ellos llevaron adelante los primeros an\u00e1lisis y fueron huesos de vaca, huesos de gallina, y una mand\u00edbula de una persona mayor. <\/div>\n<div style=\"clear: both; text-align: center;\"><a href=\"http:\/\/1.bp.blogspot.com\/-n1TFLPBBMDo\/VVq1gAn3DjI\/AAAAAAAABSE\/xHrtw0QIHAU\/s1600\/familiares%2Bde%2Blos%2B43%2Bzumba%2B%282%29.jpg\" style=\"clear: left; float: left; margin-bottom: 1em; margin-right: 1em;\"><img loading=\"lazy\" decoding=\"async\" border=\"0\" height=\"212\" src=\"http:\/\/1.bp.blogspot.com\/-n1TFLPBBMDo\/VVq1gAn3DjI\/AAAAAAAABSE\/xHrtw0QIHAU\/s320\/familiares%2Bde%2Blos%2B43%2Bzumba%2B(2).jpg\" width=\"320\" \/><\/a><\/div>\n<div>Todo esto se viene relacionando a que nosotros no creemos en absolutamente nada del gobierno y creemos que nuestros hijos est\u00e1n vivos. \u00bfCu\u00e1l es el motivo tan grande en que no dejen entrevistar al ej\u00e9rcito, si supuestamente hace unos d\u00edas nos hab\u00edan prometido que iban a tener todas las garant\u00edas los expertos en b\u00fasqueda? \u00bfCu\u00e1l es el motivo de extender los expedientes en varios estados de la Rep\u00fablica, para que los antrop\u00f3logos les cueste m\u00e1s trabajo? \u00bfCu\u00e1l es el motivo m\u00e1s grande de que no nos han entregado despu\u00e9s de ocho meses&#8230; ya tuvieron 8 meses de maquillar las declaraciones de todos los detenidos, son 100 tomos, de las cuales nada m\u00e1s nuestros licenciados&nbsp; tienen 26. \u00bfPor qu\u00e9 no nos han entregado las otras 74? <\/div>\n<div>Y todo eso, tenemos una entrevista y no tarda en venir el gobierno mexicano y contraatacarnos a donde nosotros vamos a decir la verdad. Porque siempre nos mandan una comisi\u00f3n adonde se van mis compa\u00f1eros a difundir lo que es la verdad, y no tarda en llegar elementos del gobierno mexicano y enfrente a ustedes van a querer que nosotros platiquemos con ellos.<\/div>\n<div><\/div>\n<div>Fabiana: \u00bfC\u00f3mo es el nombre de sus hijos?<\/div>\n<div><b style=\"mso-bidi-font-weight: normal;\">Hilda H.:<\/b> Yo soy Hilda Hern\u00e1ndez, mi hijo es C\u00e9sar Manuel Gonz\u00e1lez Hern\u00e1ndez, de 22 a\u00f1os.<\/div>\n<div><b style=\"mso-bidi-font-weight: normal;\">Hilda L.: <\/b>Mi hijo es Jorge Antonio Tizapa Legide\u00f1o, de 20 a\u00f1os.<\/div>\n<div><\/div>\n<div>Fabiana: \u00bfPor qu\u00e9 ustedes se\u00f1alan tan claramente que fue el estado?<\/div>\n<div><b style=\"mso-bidi-font-weight: normal;\">Mario:<\/b> Lo de que haya sido solo la polic\u00eda municipal, no es cierto. Nuestros hijos estaban monitoreados por C4, que es la radio de la polic\u00eda federal,&nbsp; de la polic\u00eda estatal y del ej\u00e9rcito. Desde que salieron de la escuela iban monitoreados por el C4, hasta llegar hasta Iguala. Entonces no nada m\u00e1s fueron los polic\u00edas municipales, ah\u00ed participaron todas las dependencias, federal, municipal y estatal. <br \/><br style=\"mso-special-character: line-break;\" \/>Contin\u00faa en la <a href=\"http:\/\/www.zumbalaturba.com.ar\/2015\/05\/eso-es-lo-que-he-aprendido-de-ellos-que.html\" target=\"_blank\">tercera y \u00faltima parte <\/a>de la entrevista.<\/div>\n<div class='share-to-whatsapp-wrapper'><div class='share-on-whsp'>Share on: <\/div><div class='clear '><\/div><\/div>","protected":false},"excerpt":{"rendered":"<p>Caravana 43 Sudam\u00e9rica: entrevista a familiares (II) (Por Radio Zumba la Turba) El pasado domingo 17 de mayo, familiares de los 43 estudiantes normalistas desparecidos en M\u00e9xico visitaron los estudios de Radio Zumba la Turba, en el marco de la Caravana 43 Sudam\u00e9rica, en el que fue su segundo d\u00eda en Argentina. En esta segunda [&hellip;]<\/p>\n","protected":false},"author":2,"featured_media":0,"comment_status":"open","ping_status":"open","sticky":false,"template":"","format":"standard","meta":{"footnotes":""},"categories":[1],"tags":[62],"class_list":["post-162","post","type-post","status-publish","format-standard","hentry","category-sin-categoria","tag-los-43"],"_links":{"self":[{"href":"https:\/\/zumbalaturba.com.ar\/index.php?rest_route=\/wp\/v2\/posts\/162","targetHints":{"allow":["GET"]}}],"collection":[{"href":"https:\/\/zumbalaturba.com.ar\/index.php?rest_route=\/wp\/v2\/posts"}],"about":[{"href":"https:\/\/zumbalaturba.com.ar\/index.php?rest_route=\/wp\/v2\/types\/post"}],"author":[{"embeddable":true,"href":"https:\/\/zumbalaturba.com.ar\/index.php?rest_route=\/wp\/v2\/users\/2"}],"replies":[{"embeddable":true,"href":"https:\/\/zumbalaturba.com.ar\/index.php?rest_route=%2Fwp%2Fv2%2Fcomments&post=162"}],"version-history":[{"count":0,"href":"https:\/\/zumbalaturba.com.ar\/index.php?rest_route=\/wp\/v2\/posts\/162\/revisions"}],"wp:attachment":[{"href":"https:\/\/zumbalaturba.com.ar\/index.php?rest_route=%2Fwp%2Fv2%2Fmedia&parent=162"}],"wp:term":[{"taxonomy":"category","embeddable":true,"href":"https:\/\/zumbalaturba.com.ar\/index.php?rest_route=%2Fwp%2Fv2%2Fcategories&post=162"},{"taxonomy":"post_tag","embeddable":true,"href":"https:\/\/zumbalaturba.com.ar\/index.php?rest_route=%2Fwp%2Fv2%2Ftags&post=162"}],"curies":[{"name":"wp","href":"https:\/\/api.w.org\/{rel}","templated":true}]}}