{"id":163,"date":"2015-05-19T04:22:00","date_gmt":"2015-05-19T04:22:00","guid":{"rendered":"http:\/\/zumbalaturba.com.ar\/2015\/05\/19\/un-sobreviviente-de-ayotzinapa-nos-cuenta-lo-que-paso\/"},"modified":"2015-05-19T04:22:00","modified_gmt":"2015-05-19T04:22:00","slug":"un-sobreviviente-de-ayotzinapa-nos-cuenta-lo-que-paso","status":"publish","type":"post","link":"https:\/\/zumbalaturba.com.ar\/?p=163","title":{"rendered":"Un sobreviviente de Ayotzinapa nos cuenta lo que pas\u00f3"},"content":{"rendered":"<p><\/p>\n<div style=\"clear: both; text-align: center;\"><a href=\"http:\/\/3.bp.blogspot.com\/-Pffc3md6KBA\/VVqs_bB3o9I\/AAAAAAAABR0\/vlSa9-GuP44\/s1600\/familiares%2Bde%2Blos%2B43%2Bzumba.jpg\" style=\"clear: right; float: right; margin-bottom: 1em; margin-left: 1em;\"><img fetchpriority=\"high\" decoding=\"async\" border=\"0\" height=\"240\" src=\"http:\/\/3.bp.blogspot.com\/-Pffc3md6KBA\/VVqs_bB3o9I\/AAAAAAAABR0\/vlSa9-GuP44\/s320\/familiares%2Bde%2Blos%2B43%2Bzumba.jpg\" width=\"320\" \/><\/a><\/div>\n<p>Caravana 43 Sudam\u00e9rica: entrevista a familiares (I)<\/p>\n<div style=\"line-height: normal; margin-bottom: 6pt; text-align: left;\"><b style=\"mso-bidi-font-weight: normal;\">El pasado domingo 17 de mayo, familiares de los 43 estudiantes normalistas desparecidos en M\u00e9xico visitaron los estudios de Radio Zumba la Turba, en el marco de la Caravana 43 Sudam\u00e9rica, en el que fue su segundo d\u00eda en Argentina.<\/b><\/div>\n<div style=\"line-height: normal; margin-bottom: 6.0pt;\">Esta iniciativa, que recorrer\u00e1 en estos d\u00edas siete ciudades de tres pa\u00edses sudamericanos (Argentina, Uruguay y Brasil), busca difundir la realidad mexicana, la lucha que vienen dando las familias desde la desaparici\u00f3n de sus hijos, el 26 de septiembre de 2014 y la actitud del estado mexicano. Su objetivo es romper las fronteras, tanto pol\u00edticas como medi\u00e1ticas, que intenta tender el estado mexicano para cerrar la causa por la desaparici\u00f3n de los j\u00f3venes, denunciar que no hay pruebas de la muerte de sus hijos y continuar exigiendo su presentaci\u00f3n (aparici\u00f3n) con vida.<\/div>\n<div style=\"clear: both; text-align: center;\"><a href=\"http:\/\/1.bp.blogspot.com\/-w5cVvYZsH_c\/VVq25qWLVuI\/AAAAAAAABTI\/DVqIyfwAQzk\/s1600\/logo_caravana43_2.jpg\" style=\"clear: left; float: left; margin-bottom: 1em; margin-right: 1em;\"><img decoding=\"async\" border=\"0\" height=\"237\" src=\"http:\/\/1.bp.blogspot.com\/-w5cVvYZsH_c\/VVq25qWLVuI\/AAAAAAAABTI\/DVqIyfwAQzk\/s320\/logo_caravana43_2.jpg\" width=\"320\" \/><\/a><\/div>\n<div style=\"line-height: normal; margin-bottom: 6.0pt;\">Realizamos una <b style=\"mso-bidi-font-weight: normal;\">extensa entrevista<\/b> en la que, atravesadxs por el dolor y la emoci\u00f3n, pero al mismo tiempo por la posibilidad del encuentro, una madre, un matrimonio y un joven estudiante sobreviviente <b style=\"mso-bidi-font-weight: normal;\">compartieron las circunstancias que han vivido durante los \u00faltimos ocho meses, desde el ataque en la ciudad de Iguala que dejara a tres estudiantes muertos, uno en estado vegetativo, y cuarenta y tres desaparecidos<\/b>.<\/div>\n<div style=\"line-height: normal; margin-bottom: 6.0pt;\">Debido a que entendemos que es imprescindible respetar su relato, incluso en los detalles, es que compartimos textualmente sus palabras. Como insisten en repetir, \u201cNo es una elecci\u00f3n, es la necesidad la que ha hecho que tengamos que salir afuera de M\u00e9xico para contar lo que pas\u00f3\u201d. <\/div>\n<div style=\"line-height: normal; margin-bottom: 6.0pt;\">Por su extensi\u00f3n, enviaremos el registro de la entrevista en tres partes. En esta primera parte, luego de darles la bienvenida, <b style=\"mso-bidi-font-weight: normal;\">Francisco, sobreviviente de Ayotzinapa, relata lo sucedido en la noche del 26 y la madrugada del 27 de septiembre de 2014<\/b>. (Escuchar <a href=\"http:\/\/www.ivoox.com\/entrevista-a-familiares-43-desaparecidos-audios-mp3_rf_4507672_1.html\" target=\"_blank\">audio<\/a>)<\/div>\n<div style=\"line-height: normal; margin-bottom: 6.0pt;\">Natalia (Zumba): Buenas tardes, en esta c\u00e1lida tarde oto\u00f1al desde radio Zumba la Turba en la Red Nacional de Medios Alternativos,<span style=\"mso-spacerun: yes;\">&nbsp; <\/span>estamos \u201cbienviniendo\u201d a los y las compa\u00f1eras que vienen a compartir su experiencia desde M\u00e9xico. Ellos son familiares de los 43, un n\u00famero que se ha convertido en todo un s\u00edmbolo en Am\u00e9rica Latina y el mundo. Decidimos, les pedimos que compartieran esta media hora con nosotras, en los estudios de nuestra radio, una radio que naci\u00f3 al calor de las luchas y resistencias de nuestra ciudad y nuestro pa\u00eds y que por definici\u00f3n est\u00e1 abierta y hermanada y a la espera de apoyar todas las luchas en el resto de Am\u00e9rica Latina. La lucha por los 43 la hemos sentido muy fuerte tambi\u00e9n desde ac\u00e1. Para la RNMA desde los estudios de Zumba la Turba les damos la bienvenida, junto a nuestra querida compa\u00f1era Fabiana Bringas.<\/div>\n<div style=\"line-height: normal; margin-bottom: 6.0pt;\">Fabiana Bringas: Hola Natalia, muy emocionados tambi\u00e9n desde ayer, que llegaron los familiares de la escuelita de Ayotzinapa, un sobreviviente de esta violencia del estado que se est\u00e1 ejerciendo de esta manera tan fuerte en M\u00e9xico, conmovidos por sus palabras, porque ya hemos tenido 24 horas compartiendo con ellos, y vamos a tratar de trasladar el esfuerzo que han hecho para viajar hasta aqu\u00ed. No es una elecci\u00f3n de ellos, sino <span style=\"mso-spacerun: yes;\">&nbsp;<\/span>la necesidad la que ha hecho que tengan que salir a viajar fronteras afuera de M\u00e9xico para contar lo que les pas\u00f3.<\/div>\n<div style=\"line-height: normal; margin-bottom: 6.0pt;\">Natalia: Justamente van a estar conversando con nosotras Mario Cesar G\u00f3nzalez Conteras, <span style=\"mso-spacerun: yes;\">&nbsp;<\/span>Hilda Hernandez Rivera, Hilda Legide\u00f1o Vargas (madre) Mario Hern\u00e1ndez, Hilda Hern\u00e1ndez, Hilda y Francisco, sobreviviente.<\/div>\n<div style=\"line-height: normal; margin-bottom: 6.0pt;\">Fabiana: Tambi\u00e9n agradecemos al colectivo de organizaciones que han hecho posible la llegada de los padres de Ayotzinapa: la Federaci\u00f3n de Organizaciones de Base, el Encuentro de Organizaciones, Piratas por Tierra Mojada, vecinos y vecinas de Villa La Maternidad y personas independientes que han colaborado en el esfuerzo de posibilitar este viaje. Que constituyen, adem\u00e1s, la iniciativa de la Escuelita de Desaprendizaje Aut\u00f3nomo.<\/div>\n<div style=\"line-height: normal; margin-bottom: 6.0pt;\">Natalia: Desde esa iniciativa y junto a otras organizaciones a nivel nacional que se propusieron colaborar en la difusi\u00f3n de lo que est\u00e1 sucediendo, entendi\u00e9ndolo como una denuncia pol\u00edtica necesaria que debe trascender las fronteras de M\u00e9xico y a su vez exigir al resto de los gobiernos latinoamericanos que tomen una posici\u00f3n clara en relaci\u00f3n a lo que est\u00e1 pasando en M\u00e9xico.<\/div>\n<h2 style=\"line-height: normal; margin-bottom: 6pt;\"><span style=\"font-size: large;\"><b>La noche del 26 de septiembre<\/b><\/span><\/h2>\n<div style=\"line-height: normal; margin-bottom: 6.0pt;\">Fabiana: Bienvenidos nuevamente, nos alegramos much\u00edsimo que est\u00e9n aqu\u00ed. \u00bfQui\u00e9n puede recordarnos exactamente qu\u00e9 sucedi\u00f3 el 26 y 27 de septiembre del a\u00f1o 2014 en esta escuela, denominada escuela normalista, donde se forman maestros rurales que despu\u00e9s volver\u00e1n a educar a sus comunidades? \u00bfQu\u00e9 pas\u00f3 ese d\u00eda, Francisco, ya que desgraciadamente te toc\u00f3 ser testigo de lo que sucedi\u00f3?<\/div>\n<div style=\"clear: both; text-align: center;\"><a href=\"http:\/\/1.bp.blogspot.com\/-kY6TvivL-QE\/VVq1oJyWW1I\/AAAAAAAABSs\/63c3jAX1sWs\/s1600\/familiares%2Bde%2Blos%2B43%2Bzumba%2B%288%29.jpg\" style=\"clear: left; float: left; margin-bottom: 1em; margin-right: 1em;\"><img decoding=\"async\" border=\"0\" height=\"212\" src=\"http:\/\/1.bp.blogspot.com\/-kY6TvivL-QE\/VVq1oJyWW1I\/AAAAAAAABSs\/63c3jAX1sWs\/s320\/familiares%2Bde%2Blos%2B43%2Bzumba%2B(8).jpg\" width=\"320\" \/><\/a><\/div>\n<div style=\"line-height: normal; margin-bottom: 6.0pt;\"><b style=\"mso-bidi-font-weight: normal;\">Francisco, sobreviviente de Ayotzinapa:<\/b>En M\u00e9xico se ha corrido todo lo sucedido de los hechos de la noche del 26 y de la madrugada&nbsp; del 27, es lo que venimos a Argentina a difundir, la voz que sienten, la voz que tiene Ayotzinapa, el dolor, la rabia, la desesperaci\u00f3n de tener a nuestros hermanos ya de regreso. <\/div>\n<div style=\"line-height: normal; margin-bottom: 6.0pt;\">La noche del 26 de septiembre fue un crimen de estado, todos lo sabemos y queremos que se haga justicia. Los compa\u00f1eros salieron a las cinco de la tarde a hacer una actividad de &#8220;boteo&#8221;, no s\u00e9 c\u00f3mo le nombran aqu\u00ed, es para recolectar fondos para actividades de la misma escuela que realizamos, pues hora s\u00ed seguidamente, que el estado sabe las actividades&nbsp; que nosotros hacemos como normal rural en Guerrero. <\/div>\n<div style=\"line-height: normal; margin-bottom: 6.0pt;\">Fuimos a la ciudad de Iguala a recolectar fondos, y llegamos a lo que es en la entrada, un pueblo conocido como Huitzuco, parte del municipio de iguala donde se hace la actividad de recolectar fondos.<\/div>\n<div style=\"line-height: normal; margin-bottom: 6.0pt;\">Como a las siete y media de la noche los compa\u00f1eros ya se iban a regresar para la Normal, hab\u00edan terminado de realizar la actividad de recolecta de fondos, pero fueron a agarrar la vuelta por el centro de la ciudad de Iguala para entrar hacia el perif\u00e9rico y regresarse ya para la Normal. <\/div>\n<div style=\"line-height: normal; margin-bottom: 6.0pt;\">Ah\u00ed fue, cuando los compa\u00f1eros iban en media ciudad, que llegaron polic\u00edas municipales en patrullas, dispar\u00e1ndoles, directo a los autobuses, hacia los compa\u00f1eros.<br \/>Se bajaron compa\u00f1eros, a decirles que \u00e9ramos estudiantes, que no ten\u00edan porqu\u00e9 estar disparando que ya se iban a ir, no m\u00e1s iban a entrar hacia el perif\u00e9rico y salir, regresarse. Los polic\u00edas se retiraron.<\/div>\n<div style=\"line-height: normal; margin-bottom: 6.0pt;\">Despu\u00e9s ya m\u00e1s adelante, para entrar al perif\u00e9rico, le atraviesan una patrulla municipal sin polic\u00edas arriba, y los compa\u00f1eros del primer autob\u00fas se acercaron a la patrulla para hacerla a un lado y permitir el paso, pero cuando se bajaron unos compa\u00f1eros en el momento de llegar a la patrulla fue cuando se arriman los municipales a dispararles. Llegaron polic\u00edas de diferentes lados, en patrullas, unos andaban corriendo, tirando, y fue cuando le dan al primer compa\u00f1ero, que hasta ahorita se encuentra en vida vegetativa, en estado de coma. Le dieron el impacto en la cabeza, al compa\u00f1ero Aldo Guti\u00e9rrez, y le dejan herido a otro compa\u00f1ero que le dan en el brazo. <\/div>\n<div style=\"line-height: normal; margin-bottom: 6.0pt;\">Tard\u00f3 como una hora disparando, golpeando a los compa\u00f1eros, estaban disparando en el primer autob\u00fas y es cuando se bajan los municipales y rodean el tercer autob\u00fas, eran tres autobuses. Rodean el tercer autob\u00fas, apuntando y bajando a los compa\u00f1eros, a los 43 que ven\u00edan en el tercer autob\u00fas. Baj\u00e1ndolos, golpe\u00e1ndolos, subi\u00e9ndolos a las patrullas como ellos quer\u00edan. Y todav\u00eda les gritaban, les dec\u00edan palabras, eran parte de que nosotros nos lo hab\u00edamos buscado, que nosotros tuvimos la culpa, cuando solamente iban a dar la vuelta para ir a retirarse a la normal. <\/div>\n<div style=\"line-height: normal; margin-bottom: 6.0pt;\">En el primer autob\u00fas todav\u00eda segu\u00edan las balas, segu\u00edan los disparos de armas de alto nivel, que solamente se pueden usar en guerra en las leyes mexicanas, no son para atacar estudiantes, para atacar a gente inocente. <\/div>\n<div style=\"line-height: normal; margin-bottom: 6.0pt;\">Despu\u00e9s que se llevaron a los 43 compa\u00f1eros, los polic\u00edas se retiraron. <\/div>\n<h2 style=\"line-height: normal; margin-bottom: 6pt;\"><span style=\"font-size: large;\"><b>El segundo ataque: en la rueda de prensa<\/b><\/span><\/h2>\n<div style=\"clear: both; text-align: center;\"><a href=\"http:\/\/3.bp.blogspot.com\/-N-LHkzBjkG0\/VVq21y14jnI\/AAAAAAAABTA\/HO_dwZdYBYA\/s1600\/los%2B43.png\" style=\"clear: right; float: right; margin-bottom: 1em; margin-left: 1em;\"><img loading=\"lazy\" decoding=\"async\" border=\"0\" height=\"320\" src=\"http:\/\/3.bp.blogspot.com\/-N-LHkzBjkG0\/VVq21y14jnI\/AAAAAAAABTA\/HO_dwZdYBYA\/s320\/los%2B43.png\" width=\"197\" \/><\/a><\/div>\n<div style=\"line-height: normal; margin-bottom: 6.0pt;\">Llamamos a los compa\u00f1eros de la Normal [para avisarles] que estaban atacando, que fueran a apoyar. Llegaron los compa\u00f1eros a apoyar, y tambi\u00e9n llegaron medios de comunicaci\u00f3n para ver qu\u00e9 hab\u00eda pasado. <\/div>\n<div style=\"line-height: normal; margin-bottom: 6.0pt;\">Est\u00e1bamos all\u00ed presentes, como a las once de la noche, ya se hab\u00edan llevado a los heridos al hospital, est\u00e1bamos esperando a Derechos Humanos para levantar el acta, decir qu\u00e9 hac\u00eda pasado, qu\u00e9 hab\u00eda ocurrido. <\/div>\n<div style=\"line-height: normal; margin-bottom: 6.0pt;\">Ya como a las doce y media, los compa\u00f1eros de la Normal estaban haciendo una rueda de prensa para informar ante los medios lo ocurrido. Y como a mitad de la conferencia que estaban dando, llega una camioneta roja, sin logotipo, sin nada, pero atr\u00e1s ven\u00edan los municipales con ellos, resguard\u00e1ndolos. Fue cuando se bajan nuevamente y nos empiezan a disparar, as\u00ed empezaron a tirarnos directamente.<\/div>\n<div style=\"line-height: normal; margin-bottom: 6.0pt;\">Fue el segundo ataque, se podr\u00eda decir. Fue cuando matan a dos compa\u00f1eros, el compa\u00f1ero Julio C\u00e9sar Ram\u00edrez Nava y el compa\u00f1ero Daniel Sol\u00eds Gallardo. <\/div>\n<div style=\"line-height: normal; margin-bottom: 6.0pt;\">Fabiana: O sea que fue un operativo muy grande.<\/div>\n<div style=\"line-height: normal; margin-bottom: 6.0pt;\"><b style=\"mso-bidi-font-weight: normal;\">Francisco:<\/b> Tard\u00f3 el primer ataque, teniendo all\u00ed un batall\u00f3n cerca de militares como a 30 minutos, nunca aparecieron, o aparecieron ya hasta tantas horas despu\u00e9s. Fue un ataque de los municipales, o sea, qu\u00e9 \u00edbamos a esperar de las fuerzas polic\u00edacas que nos fueran a apoyar, o que nos fueran a auxiliar, pues, nada.<\/div>\n<div style=\"line-height: normal; margin-bottom: 6.0pt;\">Fabiana: En un primer momento en los medios de comunicaci\u00f3n se habl\u00f3 de un &#8220;enfrentamiento&#8221;. Era imposible, porque ustedes ven\u00edan de hacer una colecta, son estudiantes y estaban absolutamente desarmados.<\/div>\n<div style=\"line-height: normal; margin-bottom: 6.0pt;\"><b style=\"mso-bidi-font-weight: normal;\">Francisco:<\/b> No fue un enfrentamiento como el estado mexicano empez\u00f3&nbsp; manejar ante los medios, como Televisa, una empresa que siempre nos ha venido atacando, que est\u00e1 vendida por el estado. Fue lo que manejaban, que se est\u00e1n atacando normalistas, mencionaron que hasta con piedras est\u00e1bamos atacando nosotros. Pero aunque hubi\u00e9ramos estado atacando con piedras, eso no se puede comparar con un cuerno de chivo, un R15, no se compara. Si hubiera sido as\u00ed, pero no fue as\u00ed, nosotros ven\u00edamos de la actividad, ya nos \u00edbamos a retirar, c\u00f3mo es posible que siendo estudiantes nos quieran achacar armas, nos quieran achacar un enfrentamiento. No es, pues, solamente para desviar la atenci\u00f3n ante la sociedad mexicana, y que se desconcentre el apoyo que nos han venido dando.<\/div>\n<div style=\"line-height: normal; margin-bottom: 6.0pt;\">Ah\u00ed segu\u00edan disparando, fue cuando dejan grave a otro compa\u00f1ero que le dan un balazo en la mand\u00edbula. Yo cuando escuch\u00e9 los disparos lo que hice fue correr, esconderme hacia el autob\u00fas y despu\u00e9s regresar. Ya cuando quise regresar porque miramos que cayeron compa\u00f1eros pero no pod\u00edamos hacer nada, aunque quisi\u00e9ramos, las balas no nos permit\u00edan. Lo que hicimos fue salvarnos como pod\u00edamos, unos nos tiramos al suelo, nos levant\u00e1bamos, corr\u00edamos, por parte y otra vez al suelo.<\/div>\n<div style=\"line-height: normal; margin-bottom: 6.0pt;\">Estaban de cacer\u00eda aquellos municipales que participaron, se puede decir as\u00ed.<\/div>\n<div style=\"line-height: normal; margin-bottom: 6.0pt;\">Corrimos, llegamos a un callej\u00f3n donde no hab\u00eda salida, despu\u00e9s nos volvimos a regresar, esperamos all\u00ed y cuando \u00edbamos corriendo hacia la otra cuadra, fue cuando cae otro compa\u00f1ero que le dan en la mand\u00edbula. Fue cuando lo levanta un compa\u00f1ero, Omar, lo llev\u00e1bamos cargando, corriendo hacia el hospital, pregunt\u00e1bamos donde hab\u00eda una cl\u00ednica u hospital cerca para que lo atendieran y una se\u00f1ora nos dijo que como a tres cuadras estaba una cl\u00ednica particular. All\u00ed fue donde lo llevamos, tocamos y no nos quer\u00eda abrir el doctor de ah\u00ed, porque no era su responsabilidad que no sab\u00eda ni c\u00f3mo estaban las cosas. Nosotros le dec\u00edamos que \u00e9ramos estudiantes y que nos hab\u00edan disparado los municipales, que nos hiciera el favor de atendernos, o que nos abriera las puertas para alojarnos ah\u00ed. Nos abri\u00f3 el doctor, nos dice pasen, pero nosotros no vamos a atender a nadie, a nadie, no queremos que sea despu\u00e9s nuestra responsabilidad el tenerlo aqu\u00ed. Qu\u00e9dense si quieren, nosotros nos salimos. Pero antes de que saliera, lo que hizo fue llamar al Batall\u00f3n 27, y avisar que nosotros est\u00e1bamos ah\u00ed. <\/div>\n<h2 style=\"line-height: normal; margin-bottom: 6.0pt;\"><b style=\"mso-bidi-font-weight: normal;\">El rol del Batall\u00f3n 27 de infanter\u00eda <\/b><\/h2>\n<div style=\"clear: both; text-align: center;\"><a href=\"http:\/\/3.bp.blogspot.com\/-7MhO3gR_HoE\/VVq1hTzrARI\/AAAAAAAABSM\/UCvbyEYtKtc\/s1600\/familiares%2Bde%2Blos%2B43%2Bzumba%2B%283%29.jpg\" style=\"clear: left; float: left; margin-bottom: 1em; margin-right: 1em;\"><img loading=\"lazy\" decoding=\"async\" border=\"0\" height=\"218\" src=\"http:\/\/3.bp.blogspot.com\/-7MhO3gR_HoE\/VVq1hTzrARI\/AAAAAAAABSM\/UCvbyEYtKtc\/s320\/familiares%2Bde%2Blos%2B43%2Bzumba%2B(3).jpg\" width=\"320\" \/><\/a><\/div>\n<div style=\"line-height: normal; margin-bottom: 6.0pt;\">Francisco: Fue cuando por primera vez llegan los militares de la infanter\u00eda, del 27, unas cuatro o cinco horas despu\u00e9s del os hechos principales que hab\u00edan ocurrido. Todav\u00eda, llegaron, abrieron la puerta a patadas, y dijeron qu\u00e9 est\u00e1n haciendo aqu\u00ed, cortaron cartuchos conforme llegaron, peg\u00e1ndole a algunos el ca\u00f1\u00f3n en el pecho, a otros los tiraron en el suelo, les quitaron cartera, celular, a todos nos quitaron el celular. Los pusimos en una mesa.<\/div>\n<div style=\"line-height: normal; margin-bottom: 6.0pt;\">Al compa\u00f1ero que estaba herido lo hab\u00edamos subido al segundo piso para que cuando vinieran los militares nos entreg\u00e1bamos nosotros y que \u00e9l quedara ah\u00ed, con alguien para que lo llevara al hospital. Pero luego se subieron al segundo piso los militares, tambi\u00e9n lo bajaron a \u00e9l. El compa\u00f1ero sangrando, nosotros les dec\u00edamos que lo atendieran pues, que llamaran a una ambulancia para que lo ayudaran y los militares no hac\u00edan caso. Tardaron ah\u00ed dos horas con nosotros, como a las cuatro y media llaman a la ambulancia, ya cuando se iban a retirar. Fue cuando un compa\u00f1ero les dice que porqu\u00e9 no llamaban y ellos dec\u00edan que no, que si \u00e9ramos tan hombrecitos que nos aguant\u00e1ramos, que era cosa que nosotros nos hab\u00edamos buscado, que \u00e9ramos unos v\u00e1ndalos, que por eso nos pasaba esto. Nos tacharon como ellos quisieron, los militares. Cuando le sonaba el celular de cualquiera de nosotros, contest\u00e1bamos, pero ellos nos dec\u00edan que contest\u00e1ramos en voz alta, y nos preguntaban c\u00f3mo est\u00e1bamos -nuestra familia-, y ellos nos dec\u00edan &#8220;d\u00edganles que est\u00e1n bien&#8221; y d\u00f3nde est\u00e1n, diles que andas corriendo buscando auxilio. Ellos nos dec\u00edan qu\u00e9 \u00edbamos que contestar.<\/div>\n<div style=\"line-height: normal; margin-bottom: 6.0pt;\">Ellos se retiraron, llamaron a la ambulancia y nos dejaron a nuestra suerte.<\/div>\n<div style=\"line-height: normal; margin-bottom: 6.0pt;\">Natalia: O sea, en general, los sobrevivientes quedaron a la deriva, despu\u00e9s de estos ataques el ej\u00e9rcito tuvo esta aparici\u00f3n, se retir\u00f3 y quedaron ustedes.<\/div>\n<div style=\"line-height: normal; margin-bottom: 6.0pt;\"><b style=\"mso-bidi-font-weight: normal;\">Francisco:<\/b> Cuando se retiraron los militares, recuerdo que nos dijeron: \u201ccompas, nosotros ya nos vamos. Si les pasa algo, ya no va a ser nuestra responsabilidad. Ustedes salven su pellejo como puedan\u201d. Palabras de militares, palabras de aquellos que defienden la patria, de aquellos que defienden a la sociedad. Chinga, en qu\u00e9 pa\u00eds, en qu\u00e9 mundo estamos viviendo. Que no nada m\u00e1s en M\u00e9xico se vive, esa situaci\u00f3n.<\/div>\n<div style=\"line-height: normal; margin-bottom: 6.0pt;\">Fabiana: Hacemos un peque\u00f1o par\u00e9ntesis para hablar con Mario, con Hilda\u2026<\/div>\n<div style=\"line-height: normal; margin-bottom: 6.0pt;\">Leer la segunda <a href=\"http:\/\/www.zumbalaturba.com.ar\/2015\/05\/tenemos-que-salir-al-extranjero-para.html\" target=\"_blank\">(&#8220;Tenemos que salir al extranjero para difundir lo que estamos viviendo&#8221;)<\/a> y tercera <a href=\"http:\/\/www.zumbalaturba.com.ar\/2015\/05\/eso-es-lo-que-he-aprendido-de-ellos-que.html\" target=\"_blank\">(\u201cEso es lo que he aprendido de ellos, que nunca debe uno callarse\u201d)<\/a> partes de la entrevista<\/div>\n<div style=\"line-height: normal; margin-bottom: 6.0pt;\"><\/div>\n<p><iframe allowfullscreen=\"\" frameborder=\"0\" height=\"315\" src=\"https:\/\/www.youtube.com\/embed\/XlXgTlR6l78\" width=\"560\"><\/iframe><\/p>\n<div class='share-to-whatsapp-wrapper'><div class='share-on-whsp'>Share on: <\/div><div class='clear '><\/div><\/div>","protected":false},"excerpt":{"rendered":"<p>Caravana 43 Sudam\u00e9rica: entrevista a familiares (I) El pasado domingo 17 de mayo, familiares de los 43 estudiantes normalistas desparecidos en M\u00e9xico visitaron los estudios de Radio Zumba la Turba, en el marco de la Caravana 43 Sudam\u00e9rica, en el que fue su segundo d\u00eda en Argentina. Esta iniciativa, que recorrer\u00e1 en estos d\u00edas siete [&hellip;]<\/p>\n","protected":false},"author":2,"featured_media":0,"comment_status":"open","ping_status":"open","sticky":false,"template":"","format":"standard","meta":{"footnotes":""},"categories":[1],"tags":[62],"class_list":["post-163","post","type-post","status-publish","format-standard","hentry","category-sin-categoria","tag-los-43"],"_links":{"self":[{"href":"https:\/\/zumbalaturba.com.ar\/index.php?rest_route=\/wp\/v2\/posts\/163","targetHints":{"allow":["GET"]}}],"collection":[{"href":"https:\/\/zumbalaturba.com.ar\/index.php?rest_route=\/wp\/v2\/posts"}],"about":[{"href":"https:\/\/zumbalaturba.com.ar\/index.php?rest_route=\/wp\/v2\/types\/post"}],"author":[{"embeddable":true,"href":"https:\/\/zumbalaturba.com.ar\/index.php?rest_route=\/wp\/v2\/users\/2"}],"replies":[{"embeddable":true,"href":"https:\/\/zumbalaturba.com.ar\/index.php?rest_route=%2Fwp%2Fv2%2Fcomments&post=163"}],"version-history":[{"count":0,"href":"https:\/\/zumbalaturba.com.ar\/index.php?rest_route=\/wp\/v2\/posts\/163\/revisions"}],"wp:attachment":[{"href":"https:\/\/zumbalaturba.com.ar\/index.php?rest_route=%2Fwp%2Fv2%2Fmedia&parent=163"}],"wp:term":[{"taxonomy":"category","embeddable":true,"href":"https:\/\/zumbalaturba.com.ar\/index.php?rest_route=%2Fwp%2Fv2%2Fcategories&post=163"},{"taxonomy":"post_tag","embeddable":true,"href":"https:\/\/zumbalaturba.com.ar\/index.php?rest_route=%2Fwp%2Fv2%2Ftags&post=163"}],"curies":[{"name":"wp","href":"https:\/\/api.w.org\/{rel}","templated":true}]}}