{"id":1637,"date":"2016-10-20T03:02:42","date_gmt":"2016-10-20T03:02:42","guid":{"rendered":"http:\/\/zumbalaturba.com.ar\/?p=1637"},"modified":"2016-10-20T17:17:16","modified_gmt":"2016-10-20T17:17:16","slug":"especial-alerta-que-camina-la-lucha-feminista-por-america-latina","status":"publish","type":"post","link":"https:\/\/zumbalaturba.com.ar\/?p=1637","title":{"rendered":"Especial: Alerta que camina la lucha feminista por Am\u00e9rica Latina"},"content":{"rendered":"<p><img fetchpriority=\"high\" decoding=\"async\" class=\"size-medium wp-image-1638 alignright\" src=\"https:\/\/zumbalaturba.com.ar\/wp-content\/uploads\/2016\/10\/especial-francis-300x169.jpg\" alt=\"especial-francis\" width=\"300\" height=\"169\" srcset=\"https:\/\/zumbalaturba.com.ar\/wp-content\/uploads\/2016\/10\/especial-francis-300x169.jpg 300w, https:\/\/zumbalaturba.com.ar\/wp-content\/uploads\/2016\/10\/especial-francis-768x432.jpg 768w, https:\/\/zumbalaturba.com.ar\/wp-content\/uploads\/2016\/10\/especial-francis.jpg 960w\" sizes=\"(max-width: 300px) 100vw, 300px\" \/>Hoy dedicamos mucho tiempo del aire de Zumba la Turba a pensar y agitar el primer paro de mujeres, lesbianas, trans y travestis contra la violencia machista y la movilizaci\u00f3n #NosotrasParamos #NiUnaMenos #vivaslibresfelicesnosqueremos .<br \/>\nEn un programa especial que dot\u00f3 de un sentido profundo la presencia, empezando en la \u00faltima media hora del Enredando las Ma\u00f1anas, de <strong>Francis Monterola, integrante de la Escuela de Feminismo Popular, Sexualidades e Identidades Revolucionarias de Venezuela.<\/strong> Una compa\u00f1era que nos permiti\u00f3 no s\u00f3lo indignarnos ante la violencia femicida, sino tambi\u00e9n compartir las experiencias caminadas al interior de las comunas venezolanas en la construcci\u00f3n de un socialismo antipatriarcal. Que en su relato anid\u00f3 la experiencia y la energ\u00eda vividas en el Encuentro Nacional de Mujeres en Rosario hace tan s\u00f3lo unos d\u00edas con la resistencia a los embates de la guerra econ\u00f3mica y de todo tipo que ejerce la derecha escu\u00e1lida venezolana contra las mujeres.<\/p>\n<p>Tambi\u00e9n fueron muchas las otras voces que se enredaron en este especial, de muchos rincones del pa\u00eds y del continente. Cada una de ellas nos tra\u00eda la expresi\u00f3n de los modos en que el patriarcado se esparce ejerciendo la dominaci\u00f3n sobre nosotras. Pero tambi\u00e9n, las maneras en las que vamos tejiendo las resistencias. Y c\u00f3mo esas resistencias se enredan con otras en un tejido cada vez m\u00e1s denso y fuerte de solidaridad y lucha.<\/p>\n<p>Esa fue la idea. Compartir un poco de esa fuerza que las oprimidas encontramos en lo colectivo, en las muchas, en los encuentros. Compartir algunas de esas voces, en el aire de Zumba la Turba. Sumar, desde \u00e9sta, nuestra trinchera de lucha, una gota m\u00e1s a esa inmensa marea de mujeres, lesbianas, trans y travestis que hoy tomamos las calles para decir #NosotrasParamos #NiUnaMenos #vivaslibresfelicesnosqueremos<\/p>\n<p>Porque s\u00ed, es cierto: \u00a1Somos las hijas, las nietas, de todas las brujas que no pudieron quemar!!<br \/>\n<iframe src=\"https:\/\/archive.org\/embed\/COMPELTO19OCTUniunamenos\" width=\"500\" height=\"140\" frameborder=\"0\" allowfullscreen=\"allowfullscreen\"><\/iframe><br \/>\n<strong>Francis Monterola<\/strong>, integrante de la Escuela de Feminismo Popular, Sexualidades e Identidades Revolucionarias de Venezuela<br \/>\n<strong>Karla Lara,<\/strong> Red de Defensoras de Honduras<br \/>\n<strong>Lorena Astudillo,<\/strong> vocera de la Red Chilena Contra la Violencia hacia las Mujeres<br \/>\n<strong>Joanna Cuenca,<\/strong> comunicadora popular y feminista de Paraguay<br \/>\n<strong>Martina,<\/strong> de CAPOMA (Centro de Acci\u00f3n Popular Olga M\u00e1rquez de Aredez), Libertador Gral. San Mart\u00edn, provincia de Jujuy<br \/>\n<strong>Laura Holberch,<\/strong> Multisectorial de la Mujer, Mar del Plata, provincia de Buenos Aires<br \/>\n<strong>Soledad Arrieta,<\/strong> El Zumbido, Neuqu\u00e9n<br \/>\n<strong>Gabriela Echenique,<\/strong> desde San Lorenzo, provincia de Santa Fe<\/p>\n<div class='share-to-whatsapp-wrapper'><div class='share-on-whsp'>Share on: <\/div><div class='clear '><\/div><\/div>","protected":false},"excerpt":{"rendered":"<p>Hoy dedicamos mucho tiempo del aire de Zumba la Turba a pensar y agitar el primer paro de mujeres, lesbianas, trans y travestis contra la violencia machista y la movilizaci\u00f3n #NosotrasParamos #NiUnaMenos #vivaslibresfelicesnosqueremos . En un programa especial que dot\u00f3 de un sentido profundo la presencia, empezando en la \u00faltima media hora del Enredando las [&hellip;]<\/p>\n","protected":false},"author":6,"featured_media":1638,"comment_status":"open","ping_status":"open","sticky":false,"template":"","format":"standard","meta":{"footnotes":""},"categories":[18,268,42,5],"tags":[7,65],"class_list":["post-1637","post","type-post","status-publish","format-standard","has-post-thumbnail","hentry","category-elm","category-especial","category-pueblosoriginarios","category-transfeminismos","tag-feminismos","tag-venezuela"],"_links":{"self":[{"href":"https:\/\/zumbalaturba.com.ar\/index.php?rest_route=\/wp\/v2\/posts\/1637","targetHints":{"allow":["GET"]}}],"collection":[{"href":"https:\/\/zumbalaturba.com.ar\/index.php?rest_route=\/wp\/v2\/posts"}],"about":[{"href":"https:\/\/zumbalaturba.com.ar\/index.php?rest_route=\/wp\/v2\/types\/post"}],"author":[{"embeddable":true,"href":"https:\/\/zumbalaturba.com.ar\/index.php?rest_route=\/wp\/v2\/users\/6"}],"replies":[{"embeddable":true,"href":"https:\/\/zumbalaturba.com.ar\/index.php?rest_route=%2Fwp%2Fv2%2Fcomments&post=1637"}],"version-history":[{"count":0,"href":"https:\/\/zumbalaturba.com.ar\/index.php?rest_route=\/wp\/v2\/posts\/1637\/revisions"}],"wp:featuredmedia":[{"embeddable":true,"href":"https:\/\/zumbalaturba.com.ar\/index.php?rest_route=\/wp\/v2\/media\/1638"}],"wp:attachment":[{"href":"https:\/\/zumbalaturba.com.ar\/index.php?rest_route=%2Fwp%2Fv2%2Fmedia&parent=1637"}],"wp:term":[{"taxonomy":"category","embeddable":true,"href":"https:\/\/zumbalaturba.com.ar\/index.php?rest_route=%2Fwp%2Fv2%2Fcategories&post=1637"},{"taxonomy":"post_tag","embeddable":true,"href":"https:\/\/zumbalaturba.com.ar\/index.php?rest_route=%2Fwp%2Fv2%2Ftags&post=1637"}],"curies":[{"name":"wp","href":"https:\/\/api.w.org\/{rel}","templated":true}]}}