{"id":1648,"date":"2016-10-23T06:14:30","date_gmt":"2016-10-23T06:14:30","guid":{"rendered":"http:\/\/zumbalaturba.com.ar\/?p=1648"},"modified":"2016-10-23T06:14:30","modified_gmt":"2016-10-23T06:14:30","slug":"guitarras-novedades-homenajes-y-entrevistas-oscar-giunta-y-maria-cueto-en-el-aire-de-la-nota-azul","status":"publish","type":"post","link":"https:\/\/zumbalaturba.com.ar\/?p=1648","title":{"rendered":"Guitarras, novedades, homenajes y entrevistas: Oscar Giunta y Mar\u00eda Cueto en el aire de La Nota Azul"},"content":{"rendered":"<p style=\"padding-left: 90px; text-align: justify;\"><em>En el timbre, en los osciladores, en los amplificadores y circuitos, ah\u00ed se ha generado algo nuevo. En ese lugar destinado al ocio m\u00e1s simple ha nacido la creaci\u00f3n art\u00edstica m\u00e1s sublime.\u00a0Ha surgido un nuevo instrumento, partiendo de la tradici\u00f3n, poco a poco ha evolucionado con un repertorio, un nombre y una t\u00e9cnica propios, convirti\u00e9ndose en el m\u00e1s popular, con m\u00e1s literatura y m\u00e1s variantes constructivas de toda la historia de la m\u00fasica: la guitarra el\u00e9ctrica y de jazz.\u00a0Y si no, escuchemos, s\u00ed. escuchemos a Joe Pass. <strong>Hoy dedicado a Mariano Ferreyra y Luc\u00eda P\u00e9rez<\/strong>.<\/em><\/p>\n<p style=\"text-align: justify;\">As\u00ed comenzaba esta emisi\u00f3n n\u00famero 78 de\u00a0<a href=\"https:\/\/www.facebook.com\/lanotaazulradio\/?fref=ts\" target=\"_blank\"><strong>La Nota Azul<\/strong><\/a>, el\u00a0programa de jazz y blues de <em><strong>Zumba La Turba<\/strong><\/em>, correspondiente al\u00a0s\u00e1bado 22 de octubre de 2016.<\/p>\n<div id='gallery-1' class='gallery galleryid-1648 gallery-columns-2 gallery-size-medium'><figure class='gallery-item'>\n\t\t\t<div class='gallery-icon landscape'>\n\t\t\t\t<a href='https:\/\/zumbalaturba.com.ar\/?attachment_id=1650'><img fetchpriority=\"high\" decoding=\"async\" width=\"300\" height=\"201\" src=\"https:\/\/zumbalaturba.com.ar\/wp-content\/uploads\/2016\/10\/joe-pass-300x201.jpg\" class=\"attachment-medium size-medium\" alt=\"\" srcset=\"https:\/\/zumbalaturba.com.ar\/wp-content\/uploads\/2016\/10\/joe-pass-300x201.jpg 300w, https:\/\/zumbalaturba.com.ar\/wp-content\/uploads\/2016\/10\/joe-pass-768x515.jpg 768w, https:\/\/zumbalaturba.com.ar\/wp-content\/uploads\/2016\/10\/joe-pass-1024x687.jpg 1024w, https:\/\/zumbalaturba.com.ar\/wp-content\/uploads\/2016\/10\/joe-pass.jpg 1908w\" sizes=\"(max-width: 300px) 100vw, 300px\" \/><\/a>\n\t\t\t<\/div><\/figure><figure class='gallery-item'>\n\t\t\t<div class='gallery-icon landscape'>\n\t\t\t\t<a href='https:\/\/zumbalaturba.com.ar\/?attachment_id=1656'><img decoding=\"async\" width=\"300\" height=\"214\" src=\"https:\/\/zumbalaturba.com.ar\/wp-content\/uploads\/2016\/10\/wes-300x214.jpg\" class=\"attachment-medium size-medium\" alt=\"\" srcset=\"https:\/\/zumbalaturba.com.ar\/wp-content\/uploads\/2016\/10\/wes-300x214.jpg 300w, https:\/\/zumbalaturba.com.ar\/wp-content\/uploads\/2016\/10\/wes-768x548.jpg 768w, https:\/\/zumbalaturba.com.ar\/wp-content\/uploads\/2016\/10\/wes-1024x730.jpg 1024w, https:\/\/zumbalaturba.com.ar\/wp-content\/uploads\/2016\/10\/wes.jpg 1080w\" sizes=\"(max-width: 300px) 100vw, 300px\" \/><\/a>\n\t\t\t<\/div><\/figure>\n\t\t<\/div>\n\n<p style=\"text-align: justify;\">En esta emisi\u00f3n, abrimos con guitarras en un bloque dedicado a Mariano Ferreyra <img decoding=\"async\" class=\"alignright  wp-image-1653\" src=\"https:\/\/zumbalaturba.com.ar\/wp-content\/uploads\/2016\/10\/tapa-Reflections-300x300.jpg\" alt=\"tapa-reflections\" width=\"143\" height=\"143\" srcset=\"https:\/\/zumbalaturba.com.ar\/wp-content\/uploads\/2016\/10\/tapa-Reflections-300x300.jpg 300w, https:\/\/zumbalaturba.com.ar\/wp-content\/uploads\/2016\/10\/tapa-Reflections.jpg 720w\" sizes=\"(max-width: 143px) 100vw, 143px\" \/>y a Luc\u00eda P\u00e9rez. Escuchamos a <strong>Joe Pass<\/strong>, a <strong>Wes Montgomery<\/strong> y a <strong>Kurt Rosenwinkel<\/strong> con su <strong><em>Standars Trio<\/em><\/strong> y su\u00a0\u00e1lbum <em>Reflections<\/em> de 2009.<\/p>\n<p style=\"text-align: justify;\">Luego, escuchamos al <strong>Oscar Giunta Supertr\u00edo<\/strong> y charlamos con el propio <strong>Oscar Giunta<\/strong>, en la previa de su concierto con el <strong>Juampy Ju\u00e1rez Tr\u00edo<\/strong> en Cocina de Culturas.<\/p>\n<p style=\"text-align: justify;\"><img loading=\"lazy\" decoding=\"async\" class=\"alignleft wp-image-1654\" src=\"https:\/\/zumbalaturba.com.ar\/wp-content\/uploads\/2016\/10\/the-sonoramica-sessions-300x300.jpg\" alt=\"the-sonoramica-sessions\" width=\"165\" height=\"165\" srcset=\"https:\/\/zumbalaturba.com.ar\/wp-content\/uploads\/2016\/10\/the-sonoramica-sessions-300x300.jpg 300w, https:\/\/zumbalaturba.com.ar\/wp-content\/uploads\/2016\/10\/the-sonoramica-sessions-768x768.jpg 768w, https:\/\/zumbalaturba.com.ar\/wp-content\/uploads\/2016\/10\/the-sonoramica-sessions-1024x1024.jpg 1024w\" sizes=\"(max-width: 165px) 100vw, 165px\" \/>Presentamos a continuaci\u00f3n <em>The Sonoramica Sessions<\/em>, nuevo \u00e1lbum del tr\u00edo formado por <strong>Milton Arias<\/strong> en bajo y composici\u00f3n, <strong>Juampy Ju\u00e1rez<\/strong> en guitarra y composici\u00f3n y <strong>Lucas Ram\u00edrez<\/strong> en bater\u00eda, editado por el sello digital <em>El Cirko<\/em> y grabado en el estudio <em>Sonoramica<\/em> de Mina Clavero, en julio de este a\u00f1o 2016.<\/p>\n<p style=\"text-align: justify;\"><img loading=\"lazy\" decoding=\"async\" class=\"aligncenter wp-image-1649\" src=\"https:\/\/zumbalaturba.com.ar\/wp-content\/uploads\/2016\/10\/arias-juarez-ramirez-300x200.jpg\" alt=\"arias-juarez-ramirez\" width=\"233\" height=\"155\" srcset=\"https:\/\/zumbalaturba.com.ar\/wp-content\/uploads\/2016\/10\/arias-juarez-ramirez-300x200.jpg 300w, https:\/\/zumbalaturba.com.ar\/wp-content\/uploads\/2016\/10\/arias-juarez-ramirez-768x512.jpg 768w, https:\/\/zumbalaturba.com.ar\/wp-content\/uploads\/2016\/10\/arias-juarez-ramirez-1024x683.jpg 1024w\" sizes=\"(max-width: 233px) 100vw, 233px\" \/><img loading=\"lazy\" decoding=\"async\" class=\"alignright wp-image-1658\" src=\"https:\/\/zumbalaturba.com.ar\/wp-content\/uploads\/2016\/10\/ba-jazz-209x300.jpg\" alt=\"ba-jazz\" width=\"128\" height=\"185\" srcset=\"https:\/\/zumbalaturba.com.ar\/wp-content\/uploads\/2016\/10\/ba-jazz-209x300.jpg 209w, https:\/\/zumbalaturba.com.ar\/wp-content\/uploads\/2016\/10\/ba-jazz.jpg 313w\" sizes=\"(max-width: 128px) 100vw, 128px\" \/><\/p>\n<p style=\"text-align: justify;\">Luego escuchamos a <strong>Mar\u00eda Cueto<\/strong> y charlamos con ella sobre el segundo n\u00famero de <em><strong>BA Jazz\u00a0Magazine<\/strong><\/em>, la \u00fanica revista impresa de nuevo jazz de Argentina y el mundo. Para ilustrar con m\u00fasica, compartimos <strong><em>Triathlon,<\/em><\/strong> tr\u00edo integrado por <strong>Cirilo Fern\u00e1ndez<\/strong>, quien es tapa de este segundo n\u00famero de la revista, en el piano, <strong>Daniel Pipi Piazzolla<\/strong> en bater\u00eda y <strong>Mariano S\u00edvori<\/strong> en contrabajo.<\/p>\n<p>&nbsp;<\/p>\n<p style=\"text-align: justify;\">Todo eso y mucho m\u00e1s en dos horas de jazz, m\u00fasica y radio: <strong>La Nota Azul<\/strong>. Escuch\u00e1 ac\u00e1 el <a href=\"http:\/\/ar.ivoox.com\/es\/nota-azul-n-78-22-10-2016-audios-mp3_rf_13434920_1.html\" target=\"_blank\"><strong>audio del programa<\/strong><\/a>:<\/p>\n<p><iframe id=\"audio_13434920\" style=\"border: 1px solid #EEE; box-sizing: border-box; width: 100%;\" src=\"https:\/\/ar.ivoox.com\/es\/player_ej_13434920_4_1.html?c1=ff6600\" width=\"300\" height=\"200\" frameborder=\"0\" scrolling=\"no\" allowfullscreen=\"allowfullscreen\"><\/iframe><\/p>\n<div class='share-to-whatsapp-wrapper'><div class='share-on-whsp'>Share on: <\/div><div class='clear '><\/div><\/div>","protected":false},"excerpt":{"rendered":"<p>En el timbre, en los osciladores, en los amplificadores y circuitos, ah\u00ed se ha generado algo nuevo. En ese lugar destinado al ocio m\u00e1s simple ha nacido la creaci\u00f3n art\u00edstica m\u00e1s sublime.\u00a0Ha surgido un nuevo instrumento, partiendo de la tradici\u00f3n, poco a poco ha evolucionado con un repertorio, un nombre y una t\u00e9cnica propios, convirti\u00e9ndose [&hellip;]<\/p>\n","protected":false},"author":14,"featured_media":1657,"comment_status":"open","ping_status":"open","sticky":false,"template":"","format":"standard","meta":{"footnotes":""},"categories":[261],"tags":[81,423,52,425,293,305,421,296,424,422,166,420],"class_list":["post-1648","post","type-post","status-publish","format-standard","has-post-thumbnail","hentry","category-la-nota-azul","tag-agenda-cultural","tag-ba-jazz-magazine","tag-cultura","tag-entrevistas","tag-jazz","tag-jazz-federal-club","tag-juampy-juarez","tag-la-nota-azul","tag-maria-cueto","tag-milton-arias","tag-musica","tag-oscar-giunta"],"_links":{"self":[{"href":"https:\/\/zumbalaturba.com.ar\/index.php?rest_route=\/wp\/v2\/posts\/1648","targetHints":{"allow":["GET"]}}],"collection":[{"href":"https:\/\/zumbalaturba.com.ar\/index.php?rest_route=\/wp\/v2\/posts"}],"about":[{"href":"https:\/\/zumbalaturba.com.ar\/index.php?rest_route=\/wp\/v2\/types\/post"}],"author":[{"embeddable":true,"href":"https:\/\/zumbalaturba.com.ar\/index.php?rest_route=\/wp\/v2\/users\/14"}],"replies":[{"embeddable":true,"href":"https:\/\/zumbalaturba.com.ar\/index.php?rest_route=%2Fwp%2Fv2%2Fcomments&post=1648"}],"version-history":[{"count":0,"href":"https:\/\/zumbalaturba.com.ar\/index.php?rest_route=\/wp\/v2\/posts\/1648\/revisions"}],"wp:featuredmedia":[{"embeddable":true,"href":"https:\/\/zumbalaturba.com.ar\/index.php?rest_route=\/wp\/v2\/media\/1657"}],"wp:attachment":[{"href":"https:\/\/zumbalaturba.com.ar\/index.php?rest_route=%2Fwp%2Fv2%2Fmedia&parent=1648"}],"wp:term":[{"taxonomy":"category","embeddable":true,"href":"https:\/\/zumbalaturba.com.ar\/index.php?rest_route=%2Fwp%2Fv2%2Fcategories&post=1648"},{"taxonomy":"post_tag","embeddable":true,"href":"https:\/\/zumbalaturba.com.ar\/index.php?rest_route=%2Fwp%2Fv2%2Ftags&post=1648"}],"curies":[{"name":"wp","href":"https:\/\/api.w.org\/{rel}","templated":true}]}}