{"id":1673,"date":"2016-10-25T02:59:33","date_gmt":"2016-10-25T02:59:33","guid":{"rendered":"http:\/\/zumbalaturba.com.ar\/?p=1673"},"modified":"2016-10-25T03:09:27","modified_gmt":"2016-10-25T03:09:27","slug":"nosotras-paramos-karla-lara-desde-honduras","status":"publish","type":"post","link":"https:\/\/zumbalaturba.com.ar\/?p=1673","title":{"rendered":"Nosotras paramos: Karla Lara, desde Honduras"},"content":{"rendered":"<p><img fetchpriority=\"high\" decoding=\"async\" class=\"size-medium wp-image-1674 alignleft\" src=\"https:\/\/zumbalaturba.com.ar\/wp-content\/uploads\/2016\/10\/karla-lara-206x300.jpg\" alt=\"karla-lara\" width=\"206\" height=\"300\" srcset=\"https:\/\/zumbalaturba.com.ar\/wp-content\/uploads\/2016\/10\/karla-lara-206x300.jpg 206w, https:\/\/zumbalaturba.com.ar\/wp-content\/uploads\/2016\/10\/karla-lara.jpg 659w\" sizes=\"(max-width: 206px) 100vw, 206px\" \/><\/p>\n<p>En el programa especial del 19 de octubre dedicado al paro de mujeres, lesbianas y trans recorrimos distintos puntos del pa\u00eds y del continente, recogiendo impresiones y convocatorias.<\/p>\n<p>Desde Honduras, compartimos la voz de <strong>Karla Lara, integrante de la Red Nacional de Defensoras de Derechos Humanos en Honduras, cantante y comunicadora popular.<\/strong><\/p>\n<p>Karla inici\u00f3 la nota comentando la alegr\u00eda que sent\u00edan con la presencia en ese pa\u00eds de la integrante de Madres de Plaza de Mayo-L\u00ednea Fundadora, Norita Corti\u00f1as, en ocasi\u00f3n de la premiaci\u00f3n a Miriam Miranda, referente de Ofraneh, por la defensa de territorios ancestrales.<\/p>\n<p>La referente de Madres de Plaza de Mayo fue quien transmiti\u00f3 y relat\u00f3 los femicidios de los \u00faltimos d\u00edas que dieron origen la convocatoria del mi\u00e9rcoles 19, en el programa radial \u201c<em>Sin caf\u00e9 no hay ma\u00f1ana<\/em>\u201d, que conduce Lara.<\/p>\n<p><iframe src=\"http:\/\/ar.ivoox.com\/es\/player_ej_13461223_2_1.html?data=kpihmJaWdpShhpywj5aXaZS1k5mah5yncZOhhpywj5WRaZi3jpWah5yncbHV09SYxsqPkdbextfS1YqXhYy_wtfZw5CwpdPVjMnS1cnJb6njz8ni1MbXcYarpJK_w8nNs4zO1tLPw5DQpYzI1tfPw5KJe6ShlQ..&amp;\" width=\"100%\" height=\"200\" frameborder=\"0\" scrolling=\"no\" allowfullscreen=\"allowfullscreen\"><\/iframe><\/p>\n<p>Al respecto, Karla comparti\u00f3 una sentida reflexi\u00f3n en torno a lo que implica cada nuevo femicidio, afirmando que \u201c<em>todas las muertes tenemos que dolerlas, vivimos en una cultura de muerte, en una sociedad es m\u00e1s fuerte que en otra, pero la muerte generalizada, la muerte arrebatada, o sea el hecho del asesinato, del femicidio, es una cosa que nos atraviesa a todas las sociedades, a todos los pueblos<\/em>\u201d.<\/p>\n<p>Para responder ante estas \u201cmuertes arrebatadas\u201d, cada sociedad cuenta con distintas herramientas y Lara plantea una mirada dura sobre el contexto hondure\u00f1o: \u201c<em>desde un punto de vista cr\u00edtico, el movimiento est\u00e1 muy institucionalizado, hay poca reacci\u00f3n de la misma gente. Creo que la condici\u00f3n de pueblos que por otras razones tenemos presencia de la cooperaci\u00f3n internacional de una manera distinta a la que puede vivirse quiz\u00e1s en el sur del continente, hace un poco que las din\u00e1micas del movimiento sigan esa pauta y esa condici\u00f3n (\u2026) Deber\u00edan ser suficientes los hechos para sacudirnos y salir un poco del letargo<\/em>\u201d.<\/p>\n<p><img decoding=\"async\" src=\"https:\/\/ssl.gstatic.com\/ui\/v1\/icons\/mail\/images\/cleardot.gif\" data-cke-saved-src=\"https:\/\/ssl.gstatic.com\/ui\/v1\/icons\/mail\/images\/cleardot.gif\" \/>Honduras vive hoy en un gobierno caracterizado como la continuidad del golpe de estado del 28 de junio de 2009 contra el gobierno de Mel Zelaya, y su car\u00e1cter autoritario genera \u201c<em>una cultura del miedo muy fuerte en este pa\u00eds. En Honduras amanecemos de veinte a treinta personas asesinadas por d\u00eda, j\u00f3venes y mujeres la mayor parte, gente pobre la mayor parte. Entonces hay un miedo generalizado a decir, a protestar, a disentir. Hay\u00a0una coerci\u00f3n fuerte, una propaganda fuerte desde el gobierno, desde el r\u00e9gimen dictatorial repitiendo que todo est\u00e1 mejor, que todo est\u00e1 bien. Es una l\u00f3gica de las armas como forma de seguridad y una presencia militar muy fuerte en las calles, es parte de nuestro escenario. Si vinieran, te da la sensaci\u00f3n de un pa\u00eds en guerra<\/em>\u201d.<\/p>\n<p>Sobre las convocatorias que se sumaron a las movilizaciones contra el femicidio a nivel continental el pasado 19, Lara comparti\u00f3 que \u201c<em>hay acci\u00f3n desde dos plataformas, una que est\u00e1 trabajando fuerte por la despenalizaci\u00f3n del aborto en tres causales y otra plataforma que es previa, que es la que se mueve alrededor del tema de la PAE<\/em> [Pastillas de Anticoncepci\u00f3n de Emergencia]. <em>Ambas plataformas se movilizan hoy en solidaridad con la acci\u00f3n que entendemos que desde Argentina se est\u00e1 convocando al mundo para que las organizaciones de mujeres y feministas nos pronunciemos en este grito alzado porque se pare el femicidio<\/em>\u201d.<\/p>\n<p>Desde el estudio, <strong>Francis Monterola, compa\u00f1era venezolana de la Escuela de Feminismo Popular<\/strong>, sum\u00f3 su abrazo y envi\u00f3 fuerza a las compa\u00f1eras del movimiento de mujeres hondure\u00f1o &#8220;<em>compartimos el dolor pero tambi\u00e9n la alegr\u00eda de saber que en todas partes del continente somos las mismas, que nos atraviesa el patriarcado y el sistema colonial por los mismos lugares, pero que seguimos en lucha y en resistencia, y tambi\u00e9n, como dicen en mi pueblo, \u2018tanto va el c\u00e1ntaro al r\u00edo hasta que se rompe\u2019, as\u00ed que ah\u00ed vamos<\/em>\u201d.<\/p>\n<p>Su inevitable espacio en la conversaci\u00f3n tuvo tambi\u00e9n el nombre de la referente hondure\u00f1a Berta C\u00e1ceres, asesinada el pasado 2 de marzo en el marco de lo que se denuncia como un femicidio pol\u00edtico por su caracterizaci\u00f3n de mujer, campesina, lenca y pobre, por el que se sigue exigiendo justicia.<\/p>\n<div class='share-to-whatsapp-wrapper'><div class='share-on-whsp'>Share on: <\/div><div class='clear '><\/div><\/div>","protected":false},"excerpt":{"rendered":"<p>En el programa especial del 19 de octubre dedicado al paro de mujeres, lesbianas y trans recorrimos distintos puntos del pa\u00eds y del continente, recogiendo impresiones y convocatorias. Desde Honduras, compartimos la voz de Karla Lara, integrante de la Red Nacional de Defensoras de Derechos Humanos en Honduras, cantante y comunicadora popular. Karla inici\u00f3 la [&hellip;]<\/p>\n","protected":false},"author":6,"featured_media":1674,"comment_status":"open","ping_status":"open","sticky":false,"template":"","format":"standard","meta":{"footnotes":""},"categories":[18,42,5],"tags":[399,7,57,428,94],"class_list":["post-1673","post","type-post","status-publish","format-standard","has-post-thumbnail","hentry","category-elm","category-pueblosoriginarios","category-transfeminismos","tag-femicidio","tag-feminismos","tag-honduras","tag-karla-lara","tag-violencia"],"_links":{"self":[{"href":"https:\/\/zumbalaturba.com.ar\/index.php?rest_route=\/wp\/v2\/posts\/1673","targetHints":{"allow":["GET"]}}],"collection":[{"href":"https:\/\/zumbalaturba.com.ar\/index.php?rest_route=\/wp\/v2\/posts"}],"about":[{"href":"https:\/\/zumbalaturba.com.ar\/index.php?rest_route=\/wp\/v2\/types\/post"}],"author":[{"embeddable":true,"href":"https:\/\/zumbalaturba.com.ar\/index.php?rest_route=\/wp\/v2\/users\/6"}],"replies":[{"embeddable":true,"href":"https:\/\/zumbalaturba.com.ar\/index.php?rest_route=%2Fwp%2Fv2%2Fcomments&post=1673"}],"version-history":[{"count":0,"href":"https:\/\/zumbalaturba.com.ar\/index.php?rest_route=\/wp\/v2\/posts\/1673\/revisions"}],"wp:featuredmedia":[{"embeddable":true,"href":"https:\/\/zumbalaturba.com.ar\/index.php?rest_route=\/wp\/v2\/media\/1674"}],"wp:attachment":[{"href":"https:\/\/zumbalaturba.com.ar\/index.php?rest_route=%2Fwp%2Fv2%2Fmedia&parent=1673"}],"wp:term":[{"taxonomy":"category","embeddable":true,"href":"https:\/\/zumbalaturba.com.ar\/index.php?rest_route=%2Fwp%2Fv2%2Fcategories&post=1673"},{"taxonomy":"post_tag","embeddable":true,"href":"https:\/\/zumbalaturba.com.ar\/index.php?rest_route=%2Fwp%2Fv2%2Ftags&post=1673"}],"curies":[{"name":"wp","href":"https:\/\/api.w.org\/{rel}","templated":true}]}}