{"id":1681,"date":"2016-10-26T13:23:51","date_gmt":"2016-10-26T13:23:51","guid":{"rendered":"http:\/\/zumbalaturba.com.ar\/?p=1681"},"modified":"2016-10-26T13:23:51","modified_gmt":"2016-10-26T13:23:51","slug":"enacomnocumple-con-los-medios-comunitarios","status":"publish","type":"post","link":"https:\/\/zumbalaturba.com.ar\/?p=1681","title":{"rendered":"#ENACOMnoCumple con los medios comunitarios"},"content":{"rendered":"<p>Pasaron m\u00e1s de nueve meses y el Ente Nacional de Comunicaciones (ENACOM) contin\u00faa sin saldar la deuda millonaria que mantiene con nuestros medios; sin abrir las anunciadas l\u00edneas 2016 del Fondo de Fomento Concursable (FOMECA), incumpliendo as\u00ed con lo previsto en la Ley Nacional de Presupuesto del a\u00f1o en curso; sin entregar la habilitaci\u00f3n definitiva de los canales comunitarios concursados que cumplieron con todas las exigencias derivadas del acto de adjudicaci\u00f3n; y sin abrir nuevos concursos para licencias de radio y televisi\u00f3n sin fines de lucro.<\/p>\n<p>Tampoco actu\u00f3 en pos de subsanar las interferencias contra Barricada TV y Urbana TV por parte de la empresa Canal 13\/Artear, ni por el proceso penal contra Antena Negra TV, iniciado por una empresa de seguridad privada que no posee licencia alguna para operar en el espectro. En este marco comienzan a aparecer situaciones de interferencias de medios comerciales a medios de nuestro sector ante las cuales el organismo plantea la resoluci\u00f3n del conflicto entre las partes, desentendi\u00e9ndose de su rol.<\/p>\n<p>Al mismo tiempo, el ENACOM ha decidido restringir la participaci\u00f3n en los fondos concursables sin hacerse cargo de que la falta de legalidad del sector es producto de la incapacidad del propio Estado para regularizar la situaci\u00f3n.<\/p>\n<p>Adem\u00e1s, ha desconocido la reserva el 33 % del espectro para el sector sin fines de lucro, al abrir concursos para medios comerciales en zonas en las que el espectro se encuentra saturado y sin la cantidad de medios sin fines de lucro prevista en la ley, tal el caso del concurso por la frecuencia de Radio Am\u00e9rica.<\/p>\n<p>Los funcionarios de ENACOM, ente presidido por Miguel \u00c1ngel De Godoy, sostienen una pol\u00edtica de dilaci\u00f3n con los medios comunitarios. Nos reciben, pero no nos escuchan. Nos prometen respuestas que nunca llegan y en nada han avanzado en estos meses, conden\u00e1ndonos al ahogo financiero y la precariedad. Esto no es democratizaci\u00f3n ni pluralidad, sino regresi\u00f3n en materia de derechos a la libertad de expresi\u00f3n, de los medios y de sus audiencias. En consonancia con otros conflictos que surgen cotidianamente en el pa\u00eds, la gesti\u00f3n de Cambiemos s\u00f3lo gana tiempo, para que el \u00fanico que avance sea el mercado.<\/p>\n<p>Convocamos una vez m\u00e1s a adherir, sumarse y acompa\u00f1ar a los medios alternativos, populares, comunitarios y autogestivos para que el ENACOM no solo pague la deuda sino que garantice condiciones legales para la permanencia al aire de nuestros medios y cumpla con la ley.<\/p>\n<p>Por eso convocamos a movilizar para exigir al organismo:<br \/>\n&#8211; Pago de los FOMECAS Adeudados.<br \/>\n&#8211; HABILITACION de los canales comunitarios concursados: Barricada TV, Urbana TV y Pares TV. Basta de interferencias de Canal 13.<br \/>\n&#8211; Reconocimiento Legal y Devoluci\u00f3n de los equipos a ANTENA NEGRA TV.<br \/>\n&#8211; Resoluci\u00f3n de los CONCURSOS pendientes para radio y televisi\u00f3n comunitarias.<br \/>\n&#8211; Cumplimiento de la RESERVA del 33% para las sin fines de lucro y elaboraci\u00f3n del Plan T\u00e9cnico.<\/p>\n<p>MI\u00c9RCOLES 26 de Octubre &#8211; 16 hs &#8211; TODOS Y TODAS AL ENACOM &#8211; Per\u00fa 106 (CABA)<\/p>\n<div class='share-to-whatsapp-wrapper'><div class='share-on-whsp'>Share on: <\/div><div class='clear '><\/div><\/div>","protected":false},"excerpt":{"rendered":"<p>Pasaron m\u00e1s de nueve meses y el Ente Nacional de Comunicaciones (ENACOM) contin\u00faa sin saldar la deuda millonaria que mantiene con nuestros medios; sin abrir las anunciadas l\u00edneas 2016 del Fondo de Fomento Concursable (FOMECA), incumpliendo as\u00ed con lo previsto en la Ley Nacional de Presupuesto del a\u00f1o en curso; sin entregar la habilitaci\u00f3n definitiva [&hellip;]<\/p>\n","protected":false},"author":2,"featured_media":1684,"comment_status":"open","ping_status":"open","sticky":false,"template":"","format":"standard","meta":{"footnotes":""},"categories":[18,3],"tags":[],"class_list":["post-1681","post","type-post","status-publish","format-standard","has-post-thumbnail","hentry","category-elm","category-rnma"],"_links":{"self":[{"href":"https:\/\/zumbalaturba.com.ar\/index.php?rest_route=\/wp\/v2\/posts\/1681","targetHints":{"allow":["GET"]}}],"collection":[{"href":"https:\/\/zumbalaturba.com.ar\/index.php?rest_route=\/wp\/v2\/posts"}],"about":[{"href":"https:\/\/zumbalaturba.com.ar\/index.php?rest_route=\/wp\/v2\/types\/post"}],"author":[{"embeddable":true,"href":"https:\/\/zumbalaturba.com.ar\/index.php?rest_route=\/wp\/v2\/users\/2"}],"replies":[{"embeddable":true,"href":"https:\/\/zumbalaturba.com.ar\/index.php?rest_route=%2Fwp%2Fv2%2Fcomments&post=1681"}],"version-history":[{"count":0,"href":"https:\/\/zumbalaturba.com.ar\/index.php?rest_route=\/wp\/v2\/posts\/1681\/revisions"}],"wp:featuredmedia":[{"embeddable":true,"href":"https:\/\/zumbalaturba.com.ar\/index.php?rest_route=\/wp\/v2\/media\/1684"}],"wp:attachment":[{"href":"https:\/\/zumbalaturba.com.ar\/index.php?rest_route=%2Fwp%2Fv2%2Fmedia&parent=1681"}],"wp:term":[{"taxonomy":"category","embeddable":true,"href":"https:\/\/zumbalaturba.com.ar\/index.php?rest_route=%2Fwp%2Fv2%2Fcategories&post=1681"},{"taxonomy":"post_tag","embeddable":true,"href":"https:\/\/zumbalaturba.com.ar\/index.php?rest_route=%2Fwp%2Fv2%2Ftags&post=1681"}],"curies":[{"name":"wp","href":"https:\/\/api.w.org\/{rel}","templated":true}]}}