{"id":1730,"date":"2016-11-04T20:20:52","date_gmt":"2016-11-04T20:20:52","guid":{"rendered":"http:\/\/zumbalaturba.com.ar\/?p=1730"},"modified":"2016-11-04T20:37:06","modified_gmt":"2016-11-04T20:37:06","slug":"mujeres-de-kurdistan-nuestra-esperanza-es-crear-un-frente-de-solidaridad-en-america-latina","status":"publish","type":"post","link":"https:\/\/zumbalaturba.com.ar\/?p=1730","title":{"rendered":"Mujeres de Kurdist\u00e1n: &#8220;ninguna lucha puede ganarse sin solidaridad internacional&#8221;"},"content":{"rendered":"<p><img fetchpriority=\"high\" decoding=\"async\" class=\"size-medium wp-image-1731 alignright\" src=\"https:\/\/zumbalaturba.com.ar\/wp-content\/uploads\/2016\/11\/Melike-300x169.jpg\" alt=\"melike\" width=\"300\" height=\"169\" srcset=\"https:\/\/zumbalaturba.com.ar\/wp-content\/uploads\/2016\/11\/Melike-300x169.jpg 300w, https:\/\/zumbalaturba.com.ar\/wp-content\/uploads\/2016\/11\/Melike-768x432.jpg 768w, https:\/\/zumbalaturba.com.ar\/wp-content\/uploads\/2016\/11\/Melike-1024x576.jpg 1024w, https:\/\/zumbalaturba.com.ar\/wp-content\/uploads\/2016\/11\/Melike.jpg 1280w\" sizes=\"(max-width: 300px) 100vw, 300px\" \/>D\u00edas atr\u00e1s convers\u00e1bamos en el programa <b>Espejos Todav\u00eda <\/b>con<b> Melike Yasar, representante del Movimiento de Mujeres del Kurdist\u00e1n, <\/b>en relaci\u00f3n a la preocupante situaci\u00f3n que est\u00e1 atravesando el pueblo kurdo por la persecuci\u00f3n del estado turco y el llamado que est\u00e1n realizando a la solidaridad internacional, especialmente de las mujeres. La conversaci\u00f3n tuvo lugar en el marco de las actividades por la Jornada Mundial por Kobane, que recuerda cuando la ciudad kurda del norte de Siria fue liberada de manos del Estado Isl\u00e1mico por parte de las milicias YPG\/YPJ, luego de varios meses de combate.<\/p>\n<p><iframe src=\"http:\/\/ar.ivoox.com\/es\/player_ej_13618325_2_1.html?data=kpijk52Xdpahhpywj5WcaZS1lZ6ah5yncZOhhpywj5WRaZi3jpWah5ynca7py8rfx9iPqMafrNrfxs7XuIa3lIquk9OJd6Kfhpef0M7Sq9biwpDZ18jMpYzk1srRx5DLpc_V09jSjdjNso6ZmKiatMbIrdCfu9raxMaPsMKftdrfxMaRaZi3jpk.&amp;\" width=\"100%\" height=\"200\" frameborder=\"0\" scrolling=\"no\" allowfullscreen=\"allowfullscreen\"><\/iframe><\/p>\n<p>En primer lugar, Melike compart\u00eda el significado que tiene el 1\u00b0 de noviembre, D\u00eda Mundial de Kobane. Al respecto, explicaba que &#8220;es un d\u00eda internacional, hoy no s\u00f3lo celebran mujeres kurdas, tambi\u00e9n podemos decir que casi en todo el mundo donde hay una solidaridad con el pueblo kurdo (&#8230;) en Kurdist\u00e1n, en Europa, en Am\u00e9rica Latina tambi\u00e9n en muchos pa\u00edses del mundo est\u00e1n celebrando este d\u00eda. Este d\u00eda para nosotras, mujeres kurdas, para el pueblo kurdo no es una jornada o fiesta de los kurdos. Es una fiesta internacional, porque la victoria en Kobane tuvo que ver con una solidaridad internacional y nosotros definimos la lucha en Kobane como el signo de la lucha contra el imperialismo&#8221;.<\/p>\n<p>La resistencia en Kobane, explica, fue una resistencia que tuvo como protagonista al pueblo kurdo pero especialmente a las mujeres: &#8220;podr\u00edamos decir, y las mujeres dijeron siempre, que la defensa de las mujeres era para defender el sistema que crearon las mujeres ah\u00ed. El sistema es el confederalismo democr\u00e1tico, que abri\u00f3 puertas para que las mujeres pudieran organizarse, la primera vez en un continente como Medio Oriente, especialmente tambi\u00e9n en Kurdist\u00e1n donde las mujeres tuvieron la posibilidad de organizarse y crear su vida, que antes no pod\u00edan vivir como quer\u00edan&#8221;. Esta construcci\u00f3n despert\u00f3 la reacci\u00f3n del Estado Isl\u00e1mico y tambi\u00e9n fuerzas internacionales que quer\u00edan romper este sistema y las mujeres kurdas hicieron una llamada internacional para defender el sistema en Kobane. &#8220;Por eso, contin\u00faa la representante del Movimiento de Mujeres, para nosotras tiene un significado muy muy importante (&#8230;) especialmente por el s\u00edmbolo de Arin Mirkan, la compa\u00f1era que ten\u00eda 33 a\u00f1os y cuya acci\u00f3n contra el coraz\u00f3n del estado (&#8230;) se gana el lugar en Kobane&#8221;.<\/p>\n<p>La situaci\u00f3n represiva actual bajo el gobierno de Recep Tayyip Erdogan es de extrema gravedad, y ante la reciente detenci\u00f3n de dos dirigentes pol\u00edticas kurdas, Gultan Kisanak (Co-Alcaldesa de la ciudad de Diyarbakir) y Ayla Akat Ata (portavoz del Congreso de Mujeres Libres de Kurdist\u00e1n), el \u00a0Congreso de Mujeres Libres hizo un llamado urgente a la solidaridad internacional. \u00a0&#8220;Nosotros en Kurdist\u00e1n ahora vivimos la misma situaci\u00f3n que en 2014 en Kobane. Hoy en la zona del norte de Siria, oeste de Kurdist\u00e1n, hay ataques del Estado Isl\u00e1mico y del Estado Turco. (&#8230;) Especialmente despu\u00e9s del intento de golpe en Turqu\u00eda, con el estado de emergencia, todas las oposiciones, todos los grupos que est\u00e1n contra el gobierno, contra el sistema del gobierno, que est\u00e1 en un nivel podr\u00edamos decir dictatorial&#8221;, sufren la persecuci\u00f3n. &#8220;El estado de Turqu\u00eda sac\u00f3 primero la inmunidad de las funcionarias pol\u00edticas y por \u00faltimo han encarcelado a la vocera del Movimiento de Mujeres del Kurdist\u00e1n en Turqu\u00eda y a Gultan Kisanak, que es la copresidenta de la gran ciudad de Diyarbakir, una ciudad donde viven millones de kurdos, y el Estado manda sus funcionarios a las alcaid\u00edas, a las ciudades&#8221;. Es por eso que desde el Movimiento de Mujeres del Kurdist\u00e1n se gener\u00f3 una llamada internacional para solidarizarse con el Movimiento, porque \u201cestas diputadas -explica Melike-, esas mujeres que est\u00e1n en las estructuras pol\u00edticas son tambi\u00e9n parte del Movimiento de Mujeres del Kurdist\u00e1n&#8221;.<\/p>\n<p>Otro de los embates sufridos en los \u00faltimos d\u00edas fue el cierre de la Agencia JINHA, decisi\u00f3n tomada &#8220;por el Estado Turco, porque dice que es una agencia que hace propaganda por un movimiento terrorista. Esta agencia publica la situaci\u00f3n de las mujeres en Kurdist\u00e1n, en Turqu\u00eda, noticias de Am\u00e9rica Latina, de la situaci\u00f3n del movimiento de mujeres en Am\u00e9rica Latina. La \u00faltima vez hicieron tambi\u00e9n un dossier muy profundo sobre el Encuentro Nacional de Mujeres&#8221;.<\/p>\n<p>&#8220;Nuestra llamada -finaliza la representante kurda-, es a juntar m\u00e1s solidaridad (&#8230;) Nuestra esperanza es crear un frente de solidaridad en Am\u00e9rica Latina con las mujeres en Kurdist\u00e1n. El internacionalismo en este momento es muy importante. Nosotros tenemos experiencias, tambi\u00e9n Am\u00e9rica Latina, ninguna lucha puede ganarse sin solidaridad internacional&#8221;.<\/p>\n<div class='share-to-whatsapp-wrapper'><div class='share-on-whsp'>Share on: <\/div><div class='clear '><\/div><\/div>","protected":false},"excerpt":{"rendered":"<p>D\u00edas atr\u00e1s convers\u00e1bamos en el programa Espejos Todav\u00eda con Melike Yasar, representante del Movimiento de Mujeres del Kurdist\u00e1n, en relaci\u00f3n a la preocupante situaci\u00f3n que est\u00e1 atravesando el pueblo kurdo por la persecuci\u00f3n del estado turco y el llamado que est\u00e1n realizando a la solidaridad internacional, especialmente de las mujeres. La conversaci\u00f3n tuvo lugar en [&hellip;]<\/p>\n","protected":false},"author":6,"featured_media":1731,"comment_status":"open","ping_status":"open","sticky":false,"template":"","format":"standard","meta":{"footnotes":""},"categories":[235],"tags":[400,394,436,437],"class_list":["post-1730","post","type-post","status-publish","format-standard","has-post-thumbnail","hentry","category-espejos-todavia","tag-feminismo","tag-genero","tag-kurdistan","tag-medio-oriente"],"_links":{"self":[{"href":"https:\/\/zumbalaturba.com.ar\/index.php?rest_route=\/wp\/v2\/posts\/1730","targetHints":{"allow":["GET"]}}],"collection":[{"href":"https:\/\/zumbalaturba.com.ar\/index.php?rest_route=\/wp\/v2\/posts"}],"about":[{"href":"https:\/\/zumbalaturba.com.ar\/index.php?rest_route=\/wp\/v2\/types\/post"}],"author":[{"embeddable":true,"href":"https:\/\/zumbalaturba.com.ar\/index.php?rest_route=\/wp\/v2\/users\/6"}],"replies":[{"embeddable":true,"href":"https:\/\/zumbalaturba.com.ar\/index.php?rest_route=%2Fwp%2Fv2%2Fcomments&post=1730"}],"version-history":[{"count":0,"href":"https:\/\/zumbalaturba.com.ar\/index.php?rest_route=\/wp\/v2\/posts\/1730\/revisions"}],"wp:featuredmedia":[{"embeddable":true,"href":"https:\/\/zumbalaturba.com.ar\/index.php?rest_route=\/wp\/v2\/media\/1731"}],"wp:attachment":[{"href":"https:\/\/zumbalaturba.com.ar\/index.php?rest_route=%2Fwp%2Fv2%2Fmedia&parent=1730"}],"wp:term":[{"taxonomy":"category","embeddable":true,"href":"https:\/\/zumbalaturba.com.ar\/index.php?rest_route=%2Fwp%2Fv2%2Fcategories&post=1730"},{"taxonomy":"post_tag","embeddable":true,"href":"https:\/\/zumbalaturba.com.ar\/index.php?rest_route=%2Fwp%2Fv2%2Ftags&post=1730"}],"curies":[{"name":"wp","href":"https:\/\/api.w.org\/{rel}","templated":true}]}}