{"id":177,"date":"2015-04-30T15:00:00","date_gmt":"2015-04-30T15:00:00","guid":{"rendered":"http:\/\/zumbalaturba.com.ar\/2015\/04\/30\/violencia-de-genero-el-bache-de-nuestra-sociedad\/"},"modified":"2015-04-30T15:00:00","modified_gmt":"2015-04-30T15:00:00","slug":"violencia-de-genero-el-bache-de-nuestra-sociedad","status":"publish","type":"post","link":"https:\/\/zumbalaturba.com.ar\/?p=177","title":{"rendered":"Violencia de g\u00e9nero, el bache de nuestra sociedad"},"content":{"rendered":"<div style=\"clear: both; text-align: center;\"><a href=\"http:\/\/2.bp.blogspot.com\/-YpW4SOxQk0E\/VUJDc0iEQYI\/AAAAAAAABNo\/1OJtaVFUVxo\/s1600\/timthumb.php.jpeg\" style=\"margin-left: 1em; margin-right: 1em;\"><img fetchpriority=\"high\" decoding=\"async\" border=\"0\" src=\"http:\/\/2.bp.blogspot.com\/-YpW4SOxQk0E\/VUJDc0iEQYI\/AAAAAAAABNo\/1OJtaVFUVxo\/s1600\/timthumb.php.jpeg\" height=\"204\" width=\"320\" \/><\/a><\/div>\n<p>Por Redacci\u00f3n 351: <\/p>\n<p>Reflexi\u00f3n sobre una problem\u00e1tica social que nos ata\u00f1e a todos. Desde Redacci\u00f3n 351 invitamos a todos a replantearnos la cuesti\u00f3n de g\u00e9nero.<\/p>\n<p>Las mataron porque las creyeron de su propiedad. Para sus asesinos,  ellas no ten\u00edan derecho a decidir. A decir no. Ellos, los asesinos,  vivieron y viven en una sociedad que sigue fomentando ideas arcaicas,  formas de convivir que determinan el lugar de la mujer. Una sociedad que  afirma respetar la igualdad, pero sin embargo\u2026<br \/> \u201cYo entiendo que cada una puede vestirse como quiera, pero\u2026\u201d \u201cEl tipo  fue un hijo de p***, pero la mina\u2026\u201d \u201cNo ten\u00edan por qu\u00e9 matarla, pero\u2026\u201d  Es ese \u201cpero\u201d el que revela, el que desenmascara, el que sigue vivo a la  sombra de lo injustificable.<br \/>Cada vez que alguien emite alguna de esas frases, demuestra cu\u00e1n  perdidos estamos. Expresa que no hemos aprendido. Que por nuestros d\u00edas,  cualquier violaci\u00f3n es posible, esperable, inevitable.<br \/> Cuando los medios estudian el comportamiento de la v\u00edctima, y no del  victimario, cuando explican c\u00f3mo una mujer tiene que actuar para evitar  ser asesinada, legitiman el \u201cpero\u201d. Nos est\u00e1n diciendo \u201cellas tienen  derecho a vivir, pero tienen que comportarse de tal o cual manera para  evitar morir\u201d.<br \/> Cuesta pensar en la vigencia de lo que connotan esas cuatro letritas.  Como nunca resulta necesario afirmar que no hay peros que valgan. Que  los culpables son los asesinos. Personas que sinti\u00e9ndose frustradas ante  una negativa, descargaron todo el odio sobre sus v\u00edctimas. Mujeres  violadas y asesinadas y ni\u00f1os muertos son el saldo de la violencia de  g\u00e9nero.<br \/> Esto pasa en una comunidad que todav\u00eda justifica la agresi\u00f3n a trav\u00e9s  de relatos que legitiman relaciones de posesi\u00f3n. Los discursos que  vemos en la tele y en la calle presuponen la idea de que las mujeres son  locas, exageradas. A la vez, plantean que los varones son seres de  instintos peligrosos. El mandato de \u201ccuidarse\u201d reafirma el peligro.<br \/> Ning\u00fan bot\u00f3n antip\u00e1nico ser\u00e1 tan efectivo como desterrar conceptos  que a\u00fan llevamos dentro. Ning\u00fan castigo ser\u00e1 suficiente, si la ra\u00edz de  estos cr\u00edmenes sigue firme. Mientras, nos seguir\u00e1n diciendo en la cara  \u201csomos una sociedad que aboga la igualdad, pero\u2026no tanto\u201d<\/p>\n<div class='share-to-whatsapp-wrapper'><div class='share-on-whsp'>Share on: <\/div><div class='clear '><\/div><\/div>","protected":false},"excerpt":{"rendered":"<p>Por Redacci\u00f3n 351: Reflexi\u00f3n sobre una problem\u00e1tica social que nos ata\u00f1e a todos. Desde Redacci\u00f3n 351 invitamos a todos a replantearnos la cuesti\u00f3n de g\u00e9nero. Las mataron porque las creyeron de su propiedad. Para sus asesinos, ellas no ten\u00edan derecho a decidir. A decir no. Ellos, los asesinos, vivieron y viven en una sociedad que [&hellip;]<\/p>\n","protected":false},"author":2,"featured_media":0,"comment_status":"open","ping_status":"open","sticky":false,"template":"","format":"standard","meta":{"footnotes":""},"categories":[5],"tags":[],"class_list":["post-177","post","type-post","status-publish","format-standard","hentry","category-transfeminismos"],"_links":{"self":[{"href":"https:\/\/zumbalaturba.com.ar\/index.php?rest_route=\/wp\/v2\/posts\/177","targetHints":{"allow":["GET"]}}],"collection":[{"href":"https:\/\/zumbalaturba.com.ar\/index.php?rest_route=\/wp\/v2\/posts"}],"about":[{"href":"https:\/\/zumbalaturba.com.ar\/index.php?rest_route=\/wp\/v2\/types\/post"}],"author":[{"embeddable":true,"href":"https:\/\/zumbalaturba.com.ar\/index.php?rest_route=\/wp\/v2\/users\/2"}],"replies":[{"embeddable":true,"href":"https:\/\/zumbalaturba.com.ar\/index.php?rest_route=%2Fwp%2Fv2%2Fcomments&post=177"}],"version-history":[{"count":0,"href":"https:\/\/zumbalaturba.com.ar\/index.php?rest_route=\/wp\/v2\/posts\/177\/revisions"}],"wp:attachment":[{"href":"https:\/\/zumbalaturba.com.ar\/index.php?rest_route=%2Fwp%2Fv2%2Fmedia&parent=177"}],"wp:term":[{"taxonomy":"category","embeddable":true,"href":"https:\/\/zumbalaturba.com.ar\/index.php?rest_route=%2Fwp%2Fv2%2Fcategories&post=177"},{"taxonomy":"post_tag","embeddable":true,"href":"https:\/\/zumbalaturba.com.ar\/index.php?rest_route=%2Fwp%2Fv2%2Ftags&post=177"}],"curies":[{"name":"wp","href":"https:\/\/api.w.org\/{rel}","templated":true}]}}