{"id":1772,"date":"2016-11-11T05:33:58","date_gmt":"2016-11-11T05:33:58","guid":{"rendered":"http:\/\/zumbalaturba.com.ar\/?p=1772"},"modified":"2016-11-11T05:33:58","modified_gmt":"2016-11-11T05:33:58","slug":"violencia-sobre-violencia-el-doble-castigo-de-dayana-gorosito","status":"publish","type":"post","link":"https:\/\/zumbalaturba.com.ar\/?p=1772","title":{"rendered":"Violencia sobre violencia, el doble castigo de Dayana Gorosito"},"content":{"rendered":"<p><strong><img decoding=\"async\" class=\"size-medium wp-image-1773 alignleft\" src=\"https:\/\/zumbalaturba.com.ar\/wp-content\/uploads\/2016\/11\/justicia-patriarcal-300x132.jpg\" alt=\"justicia-patriarcal\" width=\"300\" height=\"132\" srcset=\"https:\/\/zumbalaturba.com.ar\/wp-content\/uploads\/2016\/11\/justicia-patriarcal-300x132.jpg 300w, https:\/\/zumbalaturba.com.ar\/wp-content\/uploads\/2016\/11\/justicia-patriarcal-768x339.jpg 768w, https:\/\/zumbalaturba.com.ar\/wp-content\/uploads\/2016\/11\/justicia-patriarcal.jpg 798w\" sizes=\"(max-width: 300px) 100vw, 300px\" \/>Dayana Gorosito se encuentra detenida en Bouwer desde hace m\u00e1s de 140 d\u00edas. La joven, de tan solo veinte a\u00f1os, enfrenta serios cargos por la muerte de su beba reci\u00e9n nacida el 20 de mayo pasado. Dayana fue obligada a parir en un descampado bajo las amenazas de su pareja, Luis Oron\u00e1, y arrastra desde hace a\u00f1os una situaci\u00f3n de extrema vulnerabilidad.<\/strong><\/p>\n<p>Hace unos d\u00edas la fiscal Mercedes Balestrini imput\u00f3 por homicidio agravado por el v\u00ednculo a la pareja y elev\u00f3 la causa a juicio, ante lo cual la defensa de Dayana pidi\u00f3 contemplar su contexto de vulnerabilidad. Sin embargo, el juzgado de Control 6 confirm\u00f3 la elevaci\u00f3n. La defensa de Dayana ha presentado una apelaci\u00f3n y se encuentra a la espera de la nueva resoluci\u00f3n, ahora a cargo de la C\u00e1mara de Acusaci\u00f3n.<\/p>\n<p>Dayana viv\u00eda en la vivienda de su pareja Luis Oron\u00e1 desde los quince a\u00f1os en la localidad cordobesa de Unquillo, donde lleg\u00f3 huyendo de una situaci\u00f3n insostenible en su casa de origen en el interior provincial. Dos a\u00f1os m\u00e1s tarde tuvo a su primer hijo. El 20 de mayo pasado, con su segundo embarazo a t\u00e9rmino, empez\u00f3 con el trabajo de parto y le pidi\u00f3 a Oron\u00e1 que la llevara al hospital, sin lograrlo.<\/p>\n<p>La negativa continu\u00f3 hasta que a las 7 de la ma\u00f1ana decidi\u00f3 salir caminando sola en direcci\u00f3n al dispensario. Oron\u00e1 la sigui\u00f3 con el auto y la hizo subir. En lugar de dirigirse al hospital, par\u00f3 en un descampado y la oblig\u00f3 a descender.<\/p>\n<p>Dayana pari\u00f3 all\u00ed, a la intemperie, en una fr\u00eda ma\u00f1ana de mayo. Bajo las amenazas de su pareja, tuvo a su beba, la limpi\u00f3 como pudo y la abrig\u00f3. Luis Oron\u00e1 la arranc\u00f3 de sus brazos, aleg\u00f3 dudas sobre su paternidad, y se la llev\u00f3. Durante d\u00edas, Dayana esper\u00f3 volver a ver a su hija.<\/p>\n<p>La situaci\u00f3n fue torn\u00e1ndose m\u00e1s compleja aun cuando Oron\u00e1 y su familia le plantearon a Dayana que deb\u00eda decir que hab\u00eda tenido a su beba en el hospital de Unquillo, que hab\u00eda nacido muerta y que no le hab\u00edan entregado el cuerpo. Esta acusaci\u00f3n la sostuvieron hasta que finalmente apareci\u00f3 el cuerpo de la beba en la misma casa de la familia, tres semanas despu\u00e9s, cuando ya se encontraban detenidxs tanto Dayana como Luis Oron\u00e1, por homicidio.<\/p>\n<p>Hoy est\u00e1 en la c\u00e1rcel de Bouwer, lleva ya m\u00e1s de 140 d\u00edas detenida y la justicia le impide ver a su hijo.<\/p>\n<p><strong>Desde Zumba la Turba nos comunicamos con la abogada Melina Camesini, integrante del espacio jur\u00eddico Deodoro Roca,<\/strong> el equipo de abogados que asumi\u00f3 la defensa de la joven.<\/p>\n<p><iframe src=\"http:\/\/ar.ivoox.com\/es\/player_ej_13705920_2_1.html?data=kpikkpqddpGhhpywj5WbaZS1kZuah5yncZOhhpywj5WRaZi3jpWah5yncabi1dfS2M7XuMKfwpC6x9HNssKfpMbbx9jNssqZk6iYw8fTq8LYwsnSjanFvcLiwpC00dfTt8ro0JKSmaiRlsLYytSYvNrRpsKfzcaYttrWpsKhhpywj5k.&amp;\" width=\"100%\" height=\"200\" frameborder=\"0\" scrolling=\"no\" allowfullscreen=\"allowfullscreen\"><\/iframe><\/p>\n<p>El primer pedido del equipo, apenas asumida su defensa, fue -explica la abogada- \u201c<em>que se siga el proceso con ella en libertad, nos fue negado ese pedido<\/em>\u201d. Posteriormente, la fiscal\u00eda elev\u00f3 la causa a juicio. \u201c<em>Nosotros nos opusimos a esa elevaci\u00f3n a juicio, nos rechazaron la oposici\u00f3n y en este momento presentamos una apelaci\u00f3n. Estamos a la espera de que eso se resuelva. De negarse esto, la causa se elevar\u00eda a juicio con ella aun detenida y la situaci\u00f3n es que ella est\u00e1 imputada por homicidio calificado por el v\u00ednculo, la car\u00e1tula es por omisi\u00f3n, es decir por haber omitido, en teor\u00eda deliberadamente, no salvar a su hija. La pena de ese delito es de prisi\u00f3n perpetua, as\u00ed que la situaci\u00f3n de Dayana es bastante compleja en este sentido, nos apremian los tiempos y la necesidad de poder tenerla a ella en libertad<\/em>\u201d.<\/p>\n<p>En los \u00faltimos a\u00f1os, el desarrollo de una perspectiva de g\u00e9nero en el \u00e1mbito del derecho y el trabajo de denuncia de abogadas feministas ha dejado en evidencia los rasgos patriarcales de esta instituci\u00f3n, que se expresan en todos los niveles del sistema. La situaci\u00f3n de Dayana se enmarca inevitablemente en esos \u201ccasos\u201d paradigm\u00e1ticos que desnudan esta violencia hacia las mujeres que se expresa a nivel interpersonal, pero tambi\u00e9n institucional. La invisibilizaci\u00f3n de la violencia machista a la que se encontraba expuesta, la no consideraci\u00f3n de su estado puerperal y la demonizaci\u00f3n de la joven por no \u201chaber defendido a su hija\u201d son los ingredientes para alimentar una sentencia que parece anunciada.<\/p>\n<p>Al respecto, Canesini afirma que \u201c<em>nosotros tomamos la causa justamente entendiendo esto. Lo complejo de la causa radica justamente en la situaci\u00f3n de vulnerabilidad en la que ella se encuentra desde su infancia, esa relaci\u00f3n en la que tuvo su primer hijo, la violencia de g\u00e9nero que ella sufr\u00eda en su v\u00ednculo interpersonal y familiar. [Todo eso] desencaden\u00f3 en el homicidio de la beba<\/em>\u201d.<\/p>\n<p>\u201c<em>Ella<\/em> -contin\u00faa- <em>tiene a su hija en condiciones inhumanas, que la fiscal\u00eda no contempla, no lo tiene en cuenta, y espera un accionar heroico de una madre que est\u00e1 en estado puerperal, que es v\u00edctima de violencia y que no sab\u00eda qu\u00e9 iba a hacer su pareja con esa beba que en definitiva termina muriendo no por una acci\u00f3n concreta, sino por hipotermia, cuando el padre se la lleva. Entonces, para nosotros la fiscal\u00eda, al imputarla por un homicidio calificado por omisi\u00f3n, entendemos que lo que est\u00e1 haciendo es someterla a ella a una violencia que es la institucional, sin tener en cuenta sus condiciones personales, las condiciones en las que dio a luz<\/em>\u201d.<\/p>\n<p>Ante el accionar de la justicia, se hace urgente que otros actores sociales tomen la causa de Dayana y visibilicen el abuso judicial, denunciando el car\u00e1cter patriarcal y mis\u00f3gino y exigiendo una acci\u00f3n reparadora a la justicia. La abogada refiere tambi\u00e9n al papel que jugaron los medios de comunicaci\u00f3n durante las primeras semanas. \u201c<em>Cuando la causa se hizo conocida no se habl\u00f3 del padre que tambi\u00e9n se encuentra detenido en Bouwer y por la misma causa. Los medios hicieron eco de la situaci\u00f3n de Dayana como madre y de lo que ella deber\u00eda o no haber hecho, cuando tambi\u00e9n hay un padre que est\u00e1 preso y que es en definitiva el que llev\u00f3 a cabo una acci\u00f3n que fue en su momento quitarle la beba, obligarle a parir en el campo&#8230; Entonces creo que en ese sentido la justicia tiene que hacerse eco de este reclamo, las organizaciones deber\u00edan replicar el llamado y exigir a la justicia que tenga una perspectiva de g\u00e9nero a la hora de abordar causa<\/em>\u201d.<\/p>\n<p>La acci\u00f3n es urgente, explica Canesini, y hay que \u201c<em>tratar de romper este discurso que tiene la fiscal\u00eda acerca del rol de mujer-madre, cuestionar los roles y los estereotipos de g\u00e9nero asignados a la mujer y hacerse eco y visibilizar la causa de Dayana creo que es un compromiso de todas las agrupaciones que tengan una perspectiva de g\u00e9nero, en la medida en que no podemos hacer la vista gorda a un caso que realmente es complejo, que no es el primer caso de este tipo y que de alguna manera es el extremo de la violencia machista y del derecho patriarcal y mis\u00f3gino que seguimos reproduciendo<\/em>\u201d.<\/p>\n<div class='share-to-whatsapp-wrapper'><div class='share-on-whsp'>Share on: <\/div><div class='clear '><\/div><\/div>","protected":false},"excerpt":{"rendered":"<p>Dayana Gorosito se encuentra detenida en Bouwer desde hace m\u00e1s de 140 d\u00edas. La joven, de tan solo veinte a\u00f1os, enfrenta serios cargos por la muerte de su beba reci\u00e9n nacida el 20 de mayo pasado. Dayana fue obligada a parir en un descampado bajo las amenazas de su pareja, Luis Oron\u00e1, y arrastra desde [&hellip;]<\/p>\n","protected":false},"author":6,"featured_media":1773,"comment_status":"open","ping_status":"open","sticky":false,"template":"","format":"standard","meta":{"footnotes":""},"categories":[18,5],"tags":[7,335,94],"class_list":["post-1772","post","type-post","status-publish","format-standard","has-post-thumbnail","hentry","category-elm","category-transfeminismos","tag-feminismos","tag-generos","tag-violencia"],"_links":{"self":[{"href":"https:\/\/zumbalaturba.com.ar\/index.php?rest_route=\/wp\/v2\/posts\/1772","targetHints":{"allow":["GET"]}}],"collection":[{"href":"https:\/\/zumbalaturba.com.ar\/index.php?rest_route=\/wp\/v2\/posts"}],"about":[{"href":"https:\/\/zumbalaturba.com.ar\/index.php?rest_route=\/wp\/v2\/types\/post"}],"author":[{"embeddable":true,"href":"https:\/\/zumbalaturba.com.ar\/index.php?rest_route=\/wp\/v2\/users\/6"}],"replies":[{"embeddable":true,"href":"https:\/\/zumbalaturba.com.ar\/index.php?rest_route=%2Fwp%2Fv2%2Fcomments&post=1772"}],"version-history":[{"count":0,"href":"https:\/\/zumbalaturba.com.ar\/index.php?rest_route=\/wp\/v2\/posts\/1772\/revisions"}],"wp:featuredmedia":[{"embeddable":true,"href":"https:\/\/zumbalaturba.com.ar\/index.php?rest_route=\/wp\/v2\/media\/1773"}],"wp:attachment":[{"href":"https:\/\/zumbalaturba.com.ar\/index.php?rest_route=%2Fwp%2Fv2%2Fmedia&parent=1772"}],"wp:term":[{"taxonomy":"category","embeddable":true,"href":"https:\/\/zumbalaturba.com.ar\/index.php?rest_route=%2Fwp%2Fv2%2Fcategories&post=1772"},{"taxonomy":"post_tag","embeddable":true,"href":"https:\/\/zumbalaturba.com.ar\/index.php?rest_route=%2Fwp%2Fv2%2Ftags&post=1772"}],"curies":[{"name":"wp","href":"https:\/\/api.w.org\/{rel}","templated":true}]}}