{"id":1802,"date":"2016-11-13T23:01:19","date_gmt":"2016-11-13T23:01:19","guid":{"rendered":"http:\/\/zumbalaturba.com.ar\/?p=1802"},"modified":"2016-11-13T23:01:19","modified_gmt":"2016-11-13T23:01:19","slug":"blues-elecciones-festivales-de-jazz-billy-hart-el-cine-de-mariano-llinas-y-mucho-mas-en-la-nota-azul","status":"publish","type":"post","link":"https:\/\/zumbalaturba.com.ar\/?p=1802","title":{"rendered":"Blues, elecciones, festivales de jazz, Billy Hart, el cine de Mariano Llin\u00e1s y mucho m\u00e1s en La Nota Azul"},"content":{"rendered":"<p style=\"padding-left: 60px;\"><em><strong>Nunca volver\u00e9 a Alabama, definitivamente no es un lugar para m\u00ed. Tiene a mi gente detr\u00e1s de una cerca de alambre de p\u00faas, y ahora trata de quitarme la libertad. Nunca amar\u00e9 Alabama\u2026<\/strong><\/em><\/p>\n<p>As\u00ed empezaba esta edici\u00f3n n\u00famero 81 de <a href=\"https:\/\/www.facebook.com\/lanotaazulradio\/\" target=\"_blank\"><strong>La Nota Azul<\/strong><\/a>, el programa de jazz y blues de <a href=\"https:\/\/www.facebook.com\/zumba.laturba\/?fref=ts\" target=\"_blank\"><strong>Zumba La Turba<\/strong><\/a>, correspondiente al s\u00e1bado 12 de noviembre de 2016. El blues pol\u00edtico de J B Lenoir funcionaba como nuestra columna sobre las elecciones de Estados Unidos. M\u00fasica, claro.<\/p>\n<p>Siguiendo a los m\u00fasicos que participar\u00e1n en la 8va Edici\u00f3n del Festival Internacional de Jazz de <img decoding=\"async\" class=\"alignright  wp-image-1806\" src=\"https:\/\/zumbalaturba.com.ar\/wp-content\/uploads\/2016\/11\/box1-300x263.jpg\" alt=\"box1\" width=\"172\" height=\"151\" srcset=\"https:\/\/zumbalaturba.com.ar\/wp-content\/uploads\/2016\/11\/box1-300x263.jpg 300w, https:\/\/zumbalaturba.com.ar\/wp-content\/uploads\/2016\/11\/box1-768x673.jpg 768w, https:\/\/zumbalaturba.com.ar\/wp-content\/uploads\/2016\/11\/box1-1024x897.jpg 1024w, https:\/\/zumbalaturba.com.ar\/wp-content\/uploads\/2016\/11\/box1.jpg 1666w\" sizes=\"(max-width: 172px) 100vw, 172px\" \/>C\u00f3rdoba, escuchamos al baterista Billy Hart con su cuarteto, Mark Turner en el saxo tenor, Ethan Iverson en el piano y Ben Street en el contrabajo . El disco: One Is The Other, del sello ECM. a\u00f1o 2014.<\/p>\n<p><img decoding=\"async\" class=\"alignleft  wp-image-1809\" src=\"https:\/\/zumbalaturba.com.ar\/wp-content\/uploads\/2016\/11\/jason-moran-ten-300x300.jpg\" alt=\"jason-moran-ten\" width=\"154\" height=\"154\" srcset=\"https:\/\/zumbalaturba.com.ar\/wp-content\/uploads\/2016\/11\/jason-moran-ten-300x300.jpg 300w, https:\/\/zumbalaturba.com.ar\/wp-content\/uploads\/2016\/11\/jason-moran-ten-768x768.jpg 768w, https:\/\/zumbalaturba.com.ar\/wp-content\/uploads\/2016\/11\/jason-moran-ten-1024x1024.jpg 1024w, https:\/\/zumbalaturba.com.ar\/wp-content\/uploads\/2016\/11\/jason-moran-ten.jpg 1280w\" sizes=\"(max-width: 154px) 100vw, 154px\" \/>Luego suena el disco <em>Ten<\/em> de <strong>Jason Moran Trio<\/strong>, con <strong>Tarus Mateen<\/strong> en contrabajo y <strong>Nasheet Waits<\/strong> en bater\u00eda. Con este \u00e1lbum de la Blue Note, del a\u00f1o 2010, celebr\u00f3 Moran los diez a\u00f1os con su tr\u00edo.<\/p>\n<p>&nbsp;<\/p>\n<p>La m\u00fasica de <strong>Ramiro Flores<\/strong> llega con dos discos: <em>Son dos<\/em>, del a\u00f1o 2012, Lapacho Records, y su \u00faltimo trabajo, de este a\u00f1o 2016, <em>El Jard\u00edn de Ord\u00f3\u00f1ez<\/em>, una producci\u00f3n conjunta de La Croqueta Records y El Club del Disco.<\/p>\n<div id='gallery-1' class='gallery galleryid-1802 gallery-columns-2 gallery-size-thumbnail'><figure class='gallery-item'>\n\t\t\t<div class='gallery-icon landscape'>\n\t\t\t\t<a href='https:\/\/zumbalaturba.com.ar\/?attachment_id=1811'><img decoding=\"async\" width=\"90\" height=\"68\" src=\"https:\/\/zumbalaturba.com.ar\/wp-content\/uploads\/2016\/11\/Ramiro-Flores-Son-Dos-90x68.jpg\" class=\"attachment-thumbnail size-thumbnail\" alt=\"\" \/><\/a>\n\t\t\t<\/div><\/figure><figure class='gallery-item'>\n\t\t\t<div class='gallery-icon landscape'>\n\t\t\t\t<a href='https:\/\/zumbalaturba.com.ar\/?attachment_id=1742'><img loading=\"lazy\" decoding=\"async\" width=\"90\" height=\"68\" src=\"https:\/\/zumbalaturba.com.ar\/wp-content\/uploads\/2016\/11\/El-Jard\u00edn-de-Ord\u00f3\u00f1ez-90x68.jpg\" class=\"attachment-thumbnail size-thumbnail\" alt=\"\" \/><\/a>\n\t\t\t<\/div><\/figure>\n\t\t<\/div>\n\n<p>El <strong><em>Jazz Federal Club<\/em><\/strong> trae desde Mendoza a la agrupaci\u00f3n <strong>Jinete Azul<\/strong>: <strong>Edgardo Povez<\/strong> en guitarra, <strong>Jorge Alcojor<\/strong> en bajo y <strong>Rodrigo P\u00e9rez Moralejo<\/strong> en bater\u00eda.<\/p>\n<p>En el bloque de <em><strong>Jazz En La Tele<\/strong><\/em> presentamos la pel\u00edcula <em>La Flor<\/em>, de <strong>Mariano Llin\u00e1s<\/strong>, producci\u00f3n de El Pampero Cine.<\/p>\n<p><img loading=\"lazy\" decoding=\"async\" class=\"alignright  wp-image-1807\" src=\"https:\/\/zumbalaturba.com.ar\/wp-content\/uploads\/2016\/11\/cvr_lowblow-300x270.jpg\" alt=\"cvr_lowblow\" width=\"148\" height=\"133\" srcset=\"https:\/\/zumbalaturba.com.ar\/wp-content\/uploads\/2016\/11\/cvr_lowblow-300x270.jpg 300w, https:\/\/zumbalaturba.com.ar\/wp-content\/uploads\/2016\/11\/cvr_lowblow-768x691.jpg 768w, https:\/\/zumbalaturba.com.ar\/wp-content\/uploads\/2016\/11\/cvr_lowblow-1024x922.jpg 1024w, https:\/\/zumbalaturba.com.ar\/wp-content\/uploads\/2016\/11\/cvr_lowblow.jpg 1280w\" sizes=\"(max-width: 148px) 100vw, 148px\" \/>Tambi\u00e9n bailamos con la cumbia de <strong>El Sonido Real<\/strong>, y nos vamos recordando con su m\u00fasica a <strong>V\u00edctor Bailey<\/strong>.<\/p>\n<p>Todo eso y mucho m\u00e1s en dos horas de jazz, m\u00fasica y radio. <a href=\"http:\/\/ar.ivoox.com\/es\/nota-azul-n-81-12-11-2016-audios-mp3_rf_13738210_1.html\" target=\"_blank\"><strong>AUDIO<\/strong> del programa, <strong>aqu\u00ed<\/strong><\/a>:<iframe id=\"audio_13738210\" style=\"border: 1px solid #EEE; box-sizing: border-box; width: 100%;\" src=\"https:\/\/ar.ivoox.com\/es\/player_ej_13738210_4_1.html?c1=ff6600\" width=\"300\" height=\"200\" frameborder=\"0\" scrolling=\"no\" allowfullscreen=\"allowfullscreen\"><\/iframe><\/p>\n<div class='share-to-whatsapp-wrapper'><div class='share-on-whsp'>Share on: <\/div><div class='clear '><\/div><\/div>","protected":false},"excerpt":{"rendered":"<p>Nunca volver\u00e9 a Alabama, definitivamente no es un lugar para m\u00ed. Tiene a mi gente detr\u00e1s de una cerca de alambre de p\u00faas, y ahora trata de quitarme la libertad. Nunca amar\u00e9 Alabama\u2026 As\u00ed empezaba esta edici\u00f3n n\u00famero 81 de La Nota Azul, el programa de jazz y blues de Zumba La Turba, correspondiente al [&hellip;]<\/p>\n","protected":false},"author":14,"featured_media":1804,"comment_status":"open","ping_status":"open","sticky":false,"template":"","format":"standard","meta":{"footnotes":""},"categories":[261],"tags":[81,334,52,439,293,305,296,166],"class_list":["post-1802","post","type-post","status-publish","format-standard","has-post-thumbnail","hentry","category-la-nota-azul","tag-agenda-cultural","tag-blues","tag-cultura","tag-festival-de-jazz-de-cordoba","tag-jazz","tag-jazz-federal-club","tag-la-nota-azul","tag-musica"],"_links":{"self":[{"href":"https:\/\/zumbalaturba.com.ar\/index.php?rest_route=\/wp\/v2\/posts\/1802","targetHints":{"allow":["GET"]}}],"collection":[{"href":"https:\/\/zumbalaturba.com.ar\/index.php?rest_route=\/wp\/v2\/posts"}],"about":[{"href":"https:\/\/zumbalaturba.com.ar\/index.php?rest_route=\/wp\/v2\/types\/post"}],"author":[{"embeddable":true,"href":"https:\/\/zumbalaturba.com.ar\/index.php?rest_route=\/wp\/v2\/users\/14"}],"replies":[{"embeddable":true,"href":"https:\/\/zumbalaturba.com.ar\/index.php?rest_route=%2Fwp%2Fv2%2Fcomments&post=1802"}],"version-history":[{"count":0,"href":"https:\/\/zumbalaturba.com.ar\/index.php?rest_route=\/wp\/v2\/posts\/1802\/revisions"}],"wp:featuredmedia":[{"embeddable":true,"href":"https:\/\/zumbalaturba.com.ar\/index.php?rest_route=\/wp\/v2\/media\/1804"}],"wp:attachment":[{"href":"https:\/\/zumbalaturba.com.ar\/index.php?rest_route=%2Fwp%2Fv2%2Fmedia&parent=1802"}],"wp:term":[{"taxonomy":"category","embeddable":true,"href":"https:\/\/zumbalaturba.com.ar\/index.php?rest_route=%2Fwp%2Fv2%2Fcategories&post=1802"},{"taxonomy":"post_tag","embeddable":true,"href":"https:\/\/zumbalaturba.com.ar\/index.php?rest_route=%2Fwp%2Fv2%2Ftags&post=1802"}],"curies":[{"name":"wp","href":"https:\/\/api.w.org\/{rel}","templated":true}]}}