{"id":1895,"date":"2016-11-18T11:25:43","date_gmt":"2016-11-18T11:25:43","guid":{"rendered":"http:\/\/zumbalaturba.com.ar\/?p=1895"},"modified":"2016-11-18T13:02:08","modified_gmt":"2016-11-18T13:02:08","slug":"femicidio-de-rocio-rodriguez-una-sentencia-insuficiente","status":"publish","type":"post","link":"https:\/\/zumbalaturba.com.ar\/?p=1895","title":{"rendered":"Femicidio de Roc\u00edo Rodr\u00edguez: una sentencia insuficiente"},"content":{"rendered":"<p><img fetchpriority=\"high\" decoding=\"async\" class=\"size-medium wp-image-1896 alignleft\" src=\"https:\/\/zumbalaturba.com.ar\/wp-content\/uploads\/2016\/11\/Rocio1_1-300x168.jpg\" alt=\"rocio1_1\" width=\"300\" height=\"168\" srcset=\"https:\/\/zumbalaturba.com.ar\/wp-content\/uploads\/2016\/11\/Rocio1_1-300x168.jpg 300w, https:\/\/zumbalaturba.com.ar\/wp-content\/uploads\/2016\/11\/Rocio1_1-768x431.jpg 768w, https:\/\/zumbalaturba.com.ar\/wp-content\/uploads\/2016\/11\/Rocio1_1-800x445.jpg 800w, https:\/\/zumbalaturba.com.ar\/wp-content\/uploads\/2016\/11\/Rocio1_1.jpg 1008w\" sizes=\"(max-width: 300px) 100vw, 300px\" \/>El martes 15 de noviembre se conoci\u00f3 la sentencia por el\u00a0<b>femicidio de Roc\u00edo Rodr\u00edguez<\/b>. Santiago Bonelli, su asesino, fue condenado a 16 a\u00f1os de prisi\u00f3n por homicidio simple agravado por el uso de arma de fuego. El jurado popular le otorg\u00f3 cuatro a\u00f1os m\u00e1s de los doce que hab\u00eda pedido el fiscal de la\u00a0 C\u00e1mara Quinta del Crimen, Fernando Amoedo. Seg\u00fan la justicia cordobesa, no hubo femicidio ni relaci\u00f3n de pareja entre Roc\u00edo y Bonelli.<br \/>\nEscuchamos en el <strong><i>Enredando las Ma\u00f1anas<\/i> del Mi\u00e9rcoles 16 de noviembre<\/strong> las voces de <b>M\u00f3nica Palavecino, madre de Roc\u00edo<\/b>, y de <b>Maru Acosta, hermana de Paola<\/b>, v\u00edctima de femicidio en septiembre de 2014.<\/p>\n<p><iframe src=\"http:\/\/ar.ivoox.com\/es\/player_ej_13775174_2_1.html?data=kpikmZqVe5Whhpywj5WdaZS1kpeah5yncZOhhpywj5WRaZi3jpWah5yncaLpxc7c1ZDXqc_oxtPQy8aPltDXytSYtNTItsrb1srnj4qbh47GwsnW0ZC-uc7WwpDZw5C4udPWwpKSmaiReA..&amp;\" width=\"100%\" height=\"200\" frameborder=\"0\" scrolling=\"no\" allowfullscreen=\"allowfullscreen\"><\/iframe><\/p>\n<p style=\"text-align: right;\"><span style=\"font-size: small;\"><em>M\u00fasica: &#8220;Nos matan por ser mujeres&#8221;, Karla Lara<\/em><\/span><\/p>\n<p>En medio del dolor, apenas conocida la sentencia, M\u00f3nica Palavecino declar\u00f3 a los medios de comunicaci\u00f3n: &#8220;<em>iremos a la C\u00e1mara por la perpetua, estoy disconforme, a m\u00ed nadie me va a devolver a mi hija, vamos por la perpetua<\/em>&#8220;. De todos modos, reconoci\u00f3 que, ante los 12 a\u00f1os que solicitara el fiscal al finalizar el alegato de la acusaci\u00f3n, &#8220;<em>al menos el jurado se port\u00f3 mejor (&#8230;) Creo que es muy importante que haya jurados populares en todas partes, que no solamente se escuche una sola cosa, jueces y fiscales, sino que es la participaci\u00f3n del pueblo, tiene que haber m\u00e1s tribunales populares. Eso hace que Roc\u00edo hoy tenga a \u00e9l preso al menos, aunque sea por 16 a\u00f1os. Pero no me conformo con eso, quiero m\u00e1s, porque ella no est\u00e1 m\u00e1s, porque me la llevaron en un caj\u00f3n y no la vi nunca m\u00e1s, porque [ella] se lo merece, se lo merece por su juventud, por su vida, por lo que le falt\u00f3 vivir, por su alegr\u00eda, por sus proyectos y sus ganas, sus ganas que ten\u00eda de vivir&#8221;<\/em>.<\/p>\n<p>Aunque insuficiente para la familia y la comunidad de Las Varillas, el fallo de alguna manera empieza a cerrar una herida al establecer, contrario a lo que sosten\u00eda la defensa de Bonelli, que Roc\u00edo no se hab\u00eda quitado la vida y que el responsable de su muerte es el acusado. Con esto empieza a finalizar lo que M\u00f3nica no duda en llamar &#8220;<em>una agon\u00eda de tres a\u00f1os, pasando por tres abogados, tres juzgados de control, tres juzgados de garant\u00edas, y estamos aqu\u00ed hoy con esta sentencia que nos deja bastante m\u00e1s tranquilos&#8221;<\/em>.<\/p>\n<p>Sin embargo, el fallo es profundamente pol\u00e9mico. Una vez m\u00e1s, la justicia cordobesa deja fuera el agravante del femicidio para una causa en la que una mujer muere de manera violenta a manos de su pareja, dejando ver el entramado profundamente machista del sistema judicial. La omisi\u00f3n lleg\u00f3 al punto de excluir en la presentaci\u00f3n final de la acusaci\u00f3n la relaci\u00f3n de tres a\u00f1os que sosten\u00eda Roc\u00edo con su agresor, argumento por el que no se incorpor\u00f3 ni siquiera el agravante del v\u00ednculo y la correspondiente condena a prisi\u00f3n perpetua. A pesar de que los testimonios de todxs lxs testigxs hicieron referencia a su relaci\u00f3n. A pesar de que, al escuchar las descripciones, unx no puede dejar de reconocer la matriz de una relaci\u00f3n atravesada por la violencia de g\u00e9nero. Al respecto, Palavecino es clara: Si no es un femicidio, <em>&#8220;\u00bfpor qu\u00e9 la mata? Si la ten\u00eda como una cosa. Es un femicidio, s\u00ed se\u00f1ores. Sus amigas declararon, hac\u00eda una un a\u00f1o, otra diez meses que no la ve\u00eda, sus primas tres meses, yo ven\u00eda a C\u00f3rdoba y no ten\u00eda que hablar cuando ella hablaba con \u00e9l con el celular, la fue apartando de todos (&#8230;) Era su auto, su casa, su propiedad, era una cosa mi hija para \u00e9l. Desgraciadamente, mi hija lo amaba. En eso se equivoc\u00f3 mi hija&#8221;.<\/em><\/p>\n<p>Mientras transcurr\u00eda a sala llena la audiencia final, en el exterior se concentraron diversas organizaciones sociales y un colectivo lleno de vecinos y vecinas, amigxs y familiares de Roc\u00edo de la localidad de Las Varillas.<\/p>\n<p>Entre ellas se encontraba Maru Acosta, la hermana de Paola, quien fuera asesinada por el padre de su hija, Gonzalo Lizarralde, en septiembre de 2014. Maru lleva desde entonces una lucha constante por visibilizar y erradicar la violencia hacia las mujeres y denuncia el machismo a\u00fan persistente en el sistema judicial. &#8220;<em>Con una justicia machista -sostiene- no hay un Ni Una Menos posible, no existe esa posibilidad. Que hoy hayamos logrado arrancarle una pena de 16 a\u00f1os ante los doce que ped\u00eda el fiscal es un logro de la familia por toda la presi\u00f3n que ejerci\u00f3 y las organizaciones sociales, pero sigue siendo insuficiente dentro de este claustro, donde la perspectiva de g\u00e9nero no se incorpora y no se quiere incorporar y de esa manera benefician a los femicidas. \u00bfQu\u00e9 mensaje es el que enviamos a la sociedad cuando se condena a tipos como Bonelli a 16 a\u00f1os, que de ac\u00e1 a un par de a\u00f1os m\u00e1s queda en libertad, cuando asesin\u00f3 a sangre fr\u00eda a su novia de un escopetazo con un arma de fuego?&#8221;. Y contin\u00faa, &#8220;tenemos las leyes con las penas, tenemos las distintas leyes con los protocolos, ley de protecci\u00f3n, tratados internacionales, pero si no se aplican dentro de estos claustros, \u00bfqu\u00e9 pasa? \u00bfQu\u00e9 est\u00e1 haciendo el Ministro Angulo, el ministro de Justicia, para que se incorpore la perspectiva de g\u00e9nero dentro del proceso judicial? Hace falta seguir trabajando, el 25 de noviembre nos vamos a seguir movilizando por el Ni Una Menos&#8221;.<\/em><\/p>\n<div class='share-to-whatsapp-wrapper'><div class='share-on-whsp'>Share on: <\/div><div class='clear '><\/div><\/div>","protected":false},"excerpt":{"rendered":"<p>El martes 15 de noviembre se conoci\u00f3 la sentencia por el\u00a0femicidio de Roc\u00edo Rodr\u00edguez. Santiago Bonelli, su asesino, fue condenado a 16 a\u00f1os de prisi\u00f3n por homicidio simple agravado por el uso de arma de fuego. El jurado popular le otorg\u00f3 cuatro a\u00f1os m\u00e1s de los doce que hab\u00eda pedido el fiscal de la\u00a0 C\u00e1mara [&hellip;]<\/p>\n","protected":false},"author":6,"featured_media":1896,"comment_status":"open","ping_status":"open","sticky":false,"template":"","format":"standard","meta":{"footnotes":""},"categories":[18,5],"tags":[399,335,458],"class_list":["post-1895","post","type-post","status-publish","format-standard","has-post-thumbnail","hentry","category-elm","category-transfeminismos","tag-femicidio","tag-generos","tag-rocio-rodriguez"],"_links":{"self":[{"href":"https:\/\/zumbalaturba.com.ar\/index.php?rest_route=\/wp\/v2\/posts\/1895","targetHints":{"allow":["GET"]}}],"collection":[{"href":"https:\/\/zumbalaturba.com.ar\/index.php?rest_route=\/wp\/v2\/posts"}],"about":[{"href":"https:\/\/zumbalaturba.com.ar\/index.php?rest_route=\/wp\/v2\/types\/post"}],"author":[{"embeddable":true,"href":"https:\/\/zumbalaturba.com.ar\/index.php?rest_route=\/wp\/v2\/users\/6"}],"replies":[{"embeddable":true,"href":"https:\/\/zumbalaturba.com.ar\/index.php?rest_route=%2Fwp%2Fv2%2Fcomments&post=1895"}],"version-history":[{"count":0,"href":"https:\/\/zumbalaturba.com.ar\/index.php?rest_route=\/wp\/v2\/posts\/1895\/revisions"}],"wp:featuredmedia":[{"embeddable":true,"href":"https:\/\/zumbalaturba.com.ar\/index.php?rest_route=\/wp\/v2\/media\/1896"}],"wp:attachment":[{"href":"https:\/\/zumbalaturba.com.ar\/index.php?rest_route=%2Fwp%2Fv2%2Fmedia&parent=1895"}],"wp:term":[{"taxonomy":"category","embeddable":true,"href":"https:\/\/zumbalaturba.com.ar\/index.php?rest_route=%2Fwp%2Fv2%2Fcategories&post=1895"},{"taxonomy":"post_tag","embeddable":true,"href":"https:\/\/zumbalaturba.com.ar\/index.php?rest_route=%2Fwp%2Fv2%2Ftags&post=1895"}],"curies":[{"name":"wp","href":"https:\/\/api.w.org\/{rel}","templated":true}]}}