{"id":1919,"date":"2016-11-20T23:12:10","date_gmt":"2016-11-20T23:12:10","guid":{"rendered":"http:\/\/zumbalaturba.com.ar\/?p=1919"},"modified":"2016-11-20T23:12:10","modified_gmt":"2016-11-20T23:12:10","slug":"adelantamos-el-festival-de-jazz-de-cordoba-y-mucho-mas-en-la-nota-azul","status":"publish","type":"post","link":"https:\/\/zumbalaturba.com.ar\/?p=1919","title":{"rendered":"Adelantamos el Festival de Jazz de C\u00f3rdoba y mucho m\u00e1s en La Nota Azul"},"content":{"rendered":"<p style=\"padding-left: 60px;\">\u201c<em>La experiencia cuenta, especialmente en el jazz. Cuanto m\u00e1s tiempo pasan los m\u00fasicos tocando juntos, m\u00e1s articulaci\u00f3n entre ellos puede esperar la audiencia<\/em>\u201d\u2026 De esa forma se comienzan a presentar ellos mismos. Ellos son <strong>The Cookers<\/strong>, un grupo de estrellas que trae a la actualidad todo el sonido post-bop de mediados de los 60. <strong>The Cookers<\/strong> van a estar en C\u00f3rdoba en el marco de la 8va Edici\u00f3n del <strong>Festival Internacional de Jazz<\/strong>. Suena su disco de 2014, <em>Time and Time Again<\/em>, <strong>The Cookers<\/strong>, para abrir <a href=\"https:\/\/www.facebook.com\/lanotaazulradio\/\" target=\"_blank\"><strong>La Nota Azul<\/strong><\/a> de hoy<\/p>\n<p>En esta edici\u00f3n\u00a0N\u00b0 82 de <strong>La Nota Azul<\/strong>, el\u00a0programa de jazz y blues de <strong>Z<img decoding=\"async\" class=\"alignright  wp-image-1921\" src=\"https:\/\/zumbalaturba.com.ar\/wp-content\/uploads\/2016\/11\/cookers-300x169.jpg\" alt=\"cookers\" width=\"224\" height=\"126\" srcset=\"https:\/\/zumbalaturba.com.ar\/wp-content\/uploads\/2016\/11\/cookers-300x169.jpg 300w, https:\/\/zumbalaturba.com.ar\/wp-content\/uploads\/2016\/11\/cookers-768x432.jpg 768w, https:\/\/zumbalaturba.com.ar\/wp-content\/uploads\/2016\/11\/cookers-1024x576.jpg 1024w, https:\/\/zumbalaturba.com.ar\/wp-content\/uploads\/2016\/11\/cookers-800x445.jpg 800w, https:\/\/zumbalaturba.com.ar\/wp-content\/uploads\/2016\/11\/cookers.jpg 1920w\" sizes=\"(max-width: 224px) 100vw, 224px\" \/>umba La Turba<\/strong>,<br \/>\ncorrespondiente al s\u00e1bado 19 de noviembre de 2016, vamos siguiendo algo de lo que habr\u00e1 en el <a href=\"http:\/\/cordobajazzfestival.com.ar\/2016\/\" target=\"_blank\"><strong>Festival Internacional de Jazz de C\u00f3rdoba<\/strong><\/a>. Largamos con <strong>The Cookers<\/strong>, que ser\u00e1n una participaci\u00f3n destacada en el Festival. Escuchamos su disco <em>Time and Time Again<\/em>, del a\u00f1o 2014.<\/p>\n<p>Tambi\u00e9n aprovechamos para compartir algunos discos que consideramos por dem\u00e1s dignos del tiempo de su escucha. Suena <strong>Joe Lovano<\/strong>, su \u00e1lbum <em>Cross Culture<\/em>, a\u00f1o 2013. Adem\u00e1s, una joya: <strong>Matthew Shipp<\/strong> llega con su disco <em>I&#8217;ve Been To Many Places<\/em>, piano solo, a\u00f1o 2014. Tremendo.<\/p>\n<div id='gallery-1' class='gallery galleryid-1919 gallery-columns-2 gallery-size-thumbnail'><figure class='gallery-item'>\n\t\t\t<div class='gallery-icon landscape'>\n\t\t\t\t<a href='https:\/\/zumbalaturba.com.ar\/?attachment_id=1923'><img decoding=\"async\" width=\"90\" height=\"68\" src=\"https:\/\/zumbalaturba.com.ar\/wp-content\/uploads\/2016\/11\/joe-lovano-90x68.jpg\" class=\"attachment-thumbnail size-thumbnail\" alt=\"\" aria-describedby=\"gallery-1-1923\" \/><\/a>\n\t\t\t<\/div>\n\t\t\t\t<figcaption class='wp-caption-text gallery-caption' id='gallery-1-1923'>\n\t\t\t\tJoe Lovano\n\t\t\t\t<\/figcaption><\/figure><figure class='gallery-item'>\n\t\t\t<div class='gallery-icon landscape'>\n\t\t\t\t<a href='https:\/\/zumbalaturba.com.ar\/?attachment_id=1926'><img decoding=\"async\" width=\"90\" height=\"68\" src=\"https:\/\/zumbalaturba.com.ar\/wp-content\/uploads\/2016\/11\/news-14-08-matthew-shipp-90x68.jpg\" class=\"attachment-thumbnail size-thumbnail\" alt=\"\" aria-describedby=\"gallery-1-1926\" \/><\/a>\n\t\t\t<\/div>\n\t\t\t\t<figcaption class='wp-caption-text gallery-caption' id='gallery-1-1926'>\n\t\t\t\tMattew Shipp\n\t\t\t\t<\/figcaption><\/figure>\n\t\t<\/div>\n\n<p>Para volver con el recorrido del <a href=\"https:\/\/www.facebook.com\/cordobajazzfestival\/?fref=ts\" target=\"_blank\"><strong>Festival de Jazz de C\u00f3rdoba<\/strong><\/a>, escuchamos el disco <em>I Knew It<\/em>, de <strong>Mariano Loi\u00e1cono<\/strong>, que estar\u00e1 tocando en la apertura formal del Festival en esta, su octava edici\u00f3n, el d\u00eda mi\u00e9rcoles 23\/11 con la <strong>Banda Sinf\u00f3nica de la Provincia de C\u00f3rdoba<\/strong>.<\/p>\n<p><img loading=\"lazy\" decoding=\"async\" class=\"aligncenter size-medium wp-image-1924\" src=\"https:\/\/zumbalaturba.com.ar\/wp-content\/uploads\/2016\/11\/loiacono-300x169.jpg\" alt=\"loiacono\" width=\"300\" height=\"169\" srcset=\"https:\/\/zumbalaturba.com.ar\/wp-content\/uploads\/2016\/11\/loiacono-300x169.jpg 300w, https:\/\/zumbalaturba.com.ar\/wp-content\/uploads\/2016\/11\/loiacono-768x432.jpg 768w, https:\/\/zumbalaturba.com.ar\/wp-content\/uploads\/2016\/11\/loiacono-1024x576.jpg 1024w, https:\/\/zumbalaturba.com.ar\/wp-content\/uploads\/2016\/11\/loiacono.jpg 1920w\" sizes=\"(max-width: 300px) 100vw, 300px\" \/><\/p>\n<p>Tambi\u00e9n suena <strong>Mariano S\u00edvori<\/strong> y su \u00e1lbum <em>No Dogma<\/em> editado originalmente en 2010 y ahora vuelto a lanzar por <strong>BAU Records<\/strong>.<\/p>\n<p>El bloque de <strong>Jazz En La Tele<\/strong> trae el documental <em>Maestro<\/em>, sobre los or\u00edgenes de la m\u00fasica electr\u00f3nica.<\/p>\n<p>Y para el cierre: <strong>Human Feel<\/strong> y su disco <em>Welcome To Malpesta<\/em>, a\u00f1o 1994.<\/p>\n<div id='gallery-2' class='gallery galleryid-1919 gallery-columns-3 gallery-size-thumbnail'><figure class='gallery-item'>\n\t\t\t<div class='gallery-icon landscape'>\n\t\t\t\t<a href='https:\/\/zumbalaturba.com.ar\/?attachment_id=1925'><img loading=\"lazy\" decoding=\"async\" width=\"90\" height=\"68\" src=\"https:\/\/zumbalaturba.com.ar\/wp-content\/uploads\/2016\/11\/mariano-loiacono-i-knew-it-90x68.jpg\" class=\"attachment-thumbnail size-thumbnail\" alt=\"\" aria-describedby=\"gallery-2-1925\" srcset=\"https:\/\/zumbalaturba.com.ar\/wp-content\/uploads\/2016\/11\/mariano-loiacono-i-knew-it-90x68.jpg 90w, https:\/\/zumbalaturba.com.ar\/wp-content\/uploads\/2016\/11\/mariano-loiacono-i-knew-it-600x445.jpg 600w\" sizes=\"(max-width: 90px) 100vw, 90px\" \/><\/a>\n\t\t\t<\/div>\n\t\t\t\t<figcaption class='wp-caption-text gallery-caption' id='gallery-2-1925'>\n\t\t\t\tMariano Loi\u00e1cono: I Knew It\n\t\t\t\t<\/figcaption><\/figure><figure class='gallery-item'>\n\t\t\t<div class='gallery-icon landscape'>\n\t\t\t\t<a href='https:\/\/zumbalaturba.com.ar\/?attachment_id=1927'><img loading=\"lazy\" decoding=\"async\" width=\"90\" height=\"68\" src=\"https:\/\/zumbalaturba.com.ar\/wp-content\/uploads\/2016\/11\/sivori-no-dogma-90x68.jpg\" class=\"attachment-thumbnail size-thumbnail\" alt=\"\" aria-describedby=\"gallery-2-1927\" \/><\/a>\n\t\t\t<\/div>\n\t\t\t\t<figcaption class='wp-caption-text gallery-caption' id='gallery-2-1927'>\n\t\t\t\tMariano S\u00edvori: No Dogma\n\t\t\t\t<\/figcaption><\/figure><figure class='gallery-item'>\n\t\t\t<div class='gallery-icon landscape'>\n\t\t\t\t<a href='https:\/\/zumbalaturba.com.ar\/?attachment_id=1922'><img loading=\"lazy\" decoding=\"async\" width=\"90\" height=\"68\" src=\"https:\/\/zumbalaturba.com.ar\/wp-content\/uploads\/2016\/11\/human-feel-90x68.jpg\" class=\"attachment-thumbnail size-thumbnail\" alt=\"\" aria-describedby=\"gallery-2-1922\" \/><\/a>\n\t\t\t<\/div>\n\t\t\t\t<figcaption class='wp-caption-text gallery-caption' id='gallery-2-1922'>\n\t\t\t\tHuman Feel: Welcome To Malpesta\n\t\t\t\t<\/figcaption><\/figure>\n\t\t<\/div>\n\n<p>Todo eso y mucho m\u00e1s en dos horas de jazz, m\u00fasica y radio. Ac\u00e1 el <a href=\"http:\/\/ar.ivoox.com\/es\/nota-azul-n-82-19-11-2016-audios-mp3_rf_13838066_1.html\" target=\"_blank\"><em><strong>Audio del Programa<\/strong><\/em><\/a>:<\/p>\n<p><iframe id=\"audio_13838066\" style=\"border: 1px solid #EEE; box-sizing: border-box; width: 100%;\" src=\"https:\/\/ar.ivoox.com\/es\/player_ej_13838066_4_1.html?c1=ff6600\" width=\"300\" height=\"200\" frameborder=\"0\" scrolling=\"no\" allowfullscreen=\"allowfullscreen\"><\/iframe><\/p>\n<div class='share-to-whatsapp-wrapper'><div class='share-on-whsp'>Share on: <\/div><div class='clear '><\/div><\/div>","protected":false},"excerpt":{"rendered":"<p>\u201cLa experiencia cuenta, especialmente en el jazz. Cuanto m\u00e1s tiempo pasan los m\u00fasicos tocando juntos, m\u00e1s articulaci\u00f3n entre ellos puede esperar la audiencia\u201d\u2026 De esa forma se comienzan a presentar ellos mismos. Ellos son The Cookers, un grupo de estrellas que trae a la actualidad todo el sonido post-bop de mediados de los 60. The [&hellip;]<\/p>\n","protected":false},"author":14,"featured_media":1920,"comment_status":"open","ping_status":"open","sticky":false,"template":"","format":"standard","meta":{"footnotes":""},"categories":[261],"tags":[81,459,52,439,293,305,296,460,166],"class_list":["post-1919","post","type-post","status-publish","format-standard","has-post-thumbnail","hentry","category-la-nota-azul","tag-agenda-cultural","tag-cba-jazz-festival","tag-cultura","tag-festival-de-jazz-de-cordoba","tag-jazz","tag-jazz-federal-club","tag-la-nota-azul","tag-matthew-shipp","tag-musica"],"_links":{"self":[{"href":"https:\/\/zumbalaturba.com.ar\/index.php?rest_route=\/wp\/v2\/posts\/1919","targetHints":{"allow":["GET"]}}],"collection":[{"href":"https:\/\/zumbalaturba.com.ar\/index.php?rest_route=\/wp\/v2\/posts"}],"about":[{"href":"https:\/\/zumbalaturba.com.ar\/index.php?rest_route=\/wp\/v2\/types\/post"}],"author":[{"embeddable":true,"href":"https:\/\/zumbalaturba.com.ar\/index.php?rest_route=\/wp\/v2\/users\/14"}],"replies":[{"embeddable":true,"href":"https:\/\/zumbalaturba.com.ar\/index.php?rest_route=%2Fwp%2Fv2%2Fcomments&post=1919"}],"version-history":[{"count":0,"href":"https:\/\/zumbalaturba.com.ar\/index.php?rest_route=\/wp\/v2\/posts\/1919\/revisions"}],"wp:featuredmedia":[{"embeddable":true,"href":"https:\/\/zumbalaturba.com.ar\/index.php?rest_route=\/wp\/v2\/media\/1920"}],"wp:attachment":[{"href":"https:\/\/zumbalaturba.com.ar\/index.php?rest_route=%2Fwp%2Fv2%2Fmedia&parent=1919"}],"wp:term":[{"taxonomy":"category","embeddable":true,"href":"https:\/\/zumbalaturba.com.ar\/index.php?rest_route=%2Fwp%2Fv2%2Fcategories&post=1919"},{"taxonomy":"post_tag","embeddable":true,"href":"https:\/\/zumbalaturba.com.ar\/index.php?rest_route=%2Fwp%2Fv2%2Ftags&post=1919"}],"curies":[{"name":"wp","href":"https:\/\/api.w.org\/{rel}","templated":true}]}}