{"id":1978,"date":"2016-11-26T00:57:04","date_gmt":"2016-11-26T00:57:04","guid":{"rendered":"http:\/\/zumbalaturba.com.ar\/?p=1978"},"modified":"2016-11-26T15:31:54","modified_gmt":"2016-11-26T15:31:54","slug":"la-muerte-de-estrella-belen-que-nadie-sea-indiferente","status":"publish","type":"post","link":"https:\/\/zumbalaturba.com.ar\/?p=1978","title":{"rendered":"La muerte de Estrella Bel\u00e9n: que nadie sea indiferente"},"content":{"rendered":"<p><img fetchpriority=\"high\" decoding=\"async\" class=\"size-medium wp-image-1979 alignleft\" src=\"https:\/\/zumbalaturba.com.ar\/wp-content\/uploads\/2016\/11\/estrella-300x217.jpeg\" alt=\"estrella\" width=\"300\" height=\"217\" srcset=\"https:\/\/zumbalaturba.com.ar\/wp-content\/uploads\/2016\/11\/estrella-300x217.jpeg 300w, https:\/\/zumbalaturba.com.ar\/wp-content\/uploads\/2016\/11\/estrella-768x555.jpeg 768w, https:\/\/zumbalaturba.com.ar\/wp-content\/uploads\/2016\/11\/estrella.jpeg 800w\" sizes=\"(max-width: 300px) 100vw, 300px\" \/>En el <strong>Enredando las Ma\u00f1anas del mi\u00e9rcoles 23 de noviembre <\/strong>hablamos con <strong>Ivanna Aguilera, vicepresidenta de Devenir Diverse<\/strong> acerca del travesticidio de la joven Estrella Bel\u00e9n S\u00e1nchez la semana pasada en la ciudad de C\u00f3rdoba, . Todo indica que muri\u00f3 luego de ser atacada violentamente por m\u00e1s de un autor.<\/p>\n<p>&nbsp;<\/p>\n<p><em>Flash 1- <\/em><strong>15 de noviembre &#8211; 6:30 hs <\/strong><\/p>\n<p>&#8220;Estrella Bel\u00e9n el d\u00eda 15 hab\u00eda hablado con un auto, un determinado veh\u00edculo camioneta 4&#215;4 en el cual andaban dos individuos. Otra compa\u00f1era hab\u00eda hablado con ellos y no lleg\u00f3 a un acuerdo y quien se va con estos dos se\u00f1ores es Estrella Bel\u00e9n&#8221;.<\/p>\n<p><em>Flash 2 &#8211; <\/em><strong>15 de noviembre &#8211; 7:30 hs<\/strong><\/p>\n<p>&#8220;Nosotros sabemos perfectamente que ella sufri\u00f3 una agresi\u00f3n por parte de estos dos se\u00f1ores en un hotel alojamiento de la zona que ya tenemos identificado, porque una pareja de novios que estaban pernoctando en el hotel nos cuenta que a las 7:30 de la ma\u00f1ana de ese d\u00eda ellos sienten los gritos de auxilio de una mujer pidiendo auxilio, que llamen a la polic\u00eda por favor y dem\u00e1s y la voz de dos hombres diferentes que dec\u00edan &#8216;callate, callate&#8217; y se sent\u00edan golpes. A lo cual ellos se asustaron, pensaron que estaban asaltando el hotel y salieron semidesnudos y a las dos cuadras llamaron a la polic\u00eda. Vuelven al hotel con la polic\u00eda y el encargado o due\u00f1o del hotel les dice que no, que se quedaran tranquilos, que se vayan no m\u00e1s. Les permiti\u00f3 la entrada a ellos para retirar sus cosas y a la polic\u00eda le dijo que el tema hab\u00eda sido una pelea entre &#8216;un&#8217; travesti y un cliente, a los cuales \u00e9l ya hab\u00eda echado del lugar&#8221;.<\/p>\n<p><em>Flash 3 &#8211; <\/em><strong>15 de noviembre &#8211;<\/strong> <strong>8:00 hs<\/strong><\/p>\n<p>&#8220;La compa\u00f1era andaba pululando, pidiendo auxiliio y socorro a la gente, a los transe\u00fantes y \u00a0no quer\u00eda ser socorrida por la polic\u00eda que se encontraba en ese momento. En la zona hab\u00eda personal policial, y los testigos nos refieren que Estrella Bel\u00e9n corr\u00eda entre los autos y hab\u00eda dos m\u00f3viles policiales y personal policial con guantes de goma puestos y que Estrella Bel\u00e9n no quer\u00eda que la socorrieran los efectivos policiales, pero s\u00ed ped\u00eda socorro y auxilio a las personas, a los autos, a los transe\u00fantes, incluso a un colectivo que pasaba por ah\u00ed de la l\u00ednea 21, que no le abri\u00f3 la puerta ni nada por el estilo. Si bien los testigos refieren que Estrella Bel\u00e9n se encontraba con algunos raspones, una de los testigos dijo que ten\u00eda sangre en la frente y en su pecho (&#8230;) no la vio en un estado de golpes o nada por el estilo&#8221;.<\/p>\n<p><em>Flash 4<\/em> &#8211; <strong>15 de noviembre &#8211; durante la ma\u00f1ana<\/strong><\/p>\n<p>&#8220;Nos encontramos (\u2026) con la noticia de una compa\u00f1era que estaba internada en el Hospital de Urgencias con m\u00faltiples heridas&#8221;<\/p>\n<p><em>Flash 5<\/em> &#8211; <strong>16 de noviembre &#8211; madrugada<\/strong><br \/>\n<em>Estrella Bel\u00e9n Sanchez falleci\u00f3 en el Hospital de Urgencias de un paro como consecuencia de sus heridas.<\/em><\/p>\n<p>&nbsp;<\/p>\n<p>Este relato recorre lo que fueron las \u00faltimas horas de Estrella Bel\u00e9n S\u00e1nchez, la joven trans de 25 a\u00f1os fallecida el pasado 16 de noviembre en el Hospital de Urgencias de la ciudad de C\u00f3rdoba, de acuerdo a lo que ha podido registrar y compartir con el <strong>Enredando las Ma\u00f1anas Ivanna Aguilera, vice presidenta de Devenir Diverse. <\/strong><\/p>\n<p><iframe src=\"http:\/\/ar.ivoox.com\/es\/player_ej_14031664_2_1.html?data=kpmdlZaaepWhhpywj5WaaZS1lpyah5yncZOhhpywj5WRaZi3jpWah5ynca3VjNLix9fYqYzYxpCy1dnWqc3gwpCvx9GJh5SZop7bh5ilb9LpxpDbw8nNqYznxsaYy9PIrcfZ08rb1sqRaZi3jrfOxs7Tb7vpzsfOjdHFb7Xp08fOj4qbh46o&amp;\" width=\"100%\" height=\"200\" frameborder=\"0\" scrolling=\"no\" allowfullscreen=\"allowfullscreen\"><\/iframe><\/p>\n<p>Esta informaci\u00f3n fue reconstruida a partir de los testimonios de diversos testigxs, algunxs de ellxs ante la fiscal Jorgelina Gutiez en la Unidad Judicial N\u00b0 18 a cargo de la instrucci\u00f3n, aun caratulada como &#8220;muerte de etiolog\u00eda dudosa&#8221;. Otros datos fueron confiados a Ivanna con un expreso pedido de confidencialidad, por el miedo a las represalias.<\/p>\n<p>Es que el sufrimiento atravesado por Estrella Bel\u00e9n durante esas horas est\u00e1 lleno de preguntas. \u00bfQu\u00e9 pas\u00f3 entre las 8 de la ma\u00f1ana, cuando Estrella ped\u00eda ayuda de manera desesperada en la calle rodeada de personal policial y su ingreso al Hospital de Urgencias en una ambulancia del 107, agonizante?<\/p>\n<p>Ivanna explica: &#8220;<em>se nos hab\u00eda informado que aparentemente hab\u00eda sido un accidente por el cual la compa\u00f1era hab\u00eda sido trasladada por el 107 al Hospital, donde despu\u00e9s de unas intervenciones, la compa\u00f1era fallece. Ese fue el primer reporte que tuvimos de la compa\u00f1era que apareci\u00f3 en las inmediaciones de la Av. La Voz del Interior y Av. Jap\u00f3n. Nos encontramos despu\u00e9s, ese mismo d\u00eda, con informaci\u00f3n de compa\u00f1eras que dec\u00edan que no, que Estrella no hab\u00eda sido arrollada por ning\u00fan auto ni por ning\u00fan veh\u00edculo, sino que la compa\u00f1era hab\u00eda sufrido una agresi\u00f3n<\/em>&#8220;.<\/p>\n<p>As\u00ed empez\u00f3 a desentra\u00f1arse la macabra secuencia que se inicia en las primeras horas de la ma\u00f1ana del martes 15 cuando Estrella subi\u00f3 a una camioneta 4&#215;4 en el centro de la ciudad y la ubica apenas unas horas despu\u00e9s en el Hospital de Urgencias. &#8220;<em>Tenemos dos versiones. La primera versi\u00f3n period\u00edstica y policial es que Estrella Bel\u00e9n fue encontrada en inmediaciones de este lugar, aparentemente habiendo sufrido un accidente y que los vecinos hab\u00edan llamado al 107 que la traslad\u00f3. Despu\u00e9s nos enteramos que en ning\u00fan momento la encontraron los vecinos ni nada por el estilo (&#8230;) Empezamos a ver que la informaci\u00f3n oficial que ten\u00edamos no era la correcta y nos encontramos con un mont\u00f3n de cosas por las que sabemos que Estrella Bel\u00e9n no sufri\u00f3 un accidente, sino que simplemente fue v\u00edctima de un crimen de odio<\/em>&#8220;.<\/p>\n<p>Los vac\u00edos entre los distintos momentos de esa ma\u00f1ana y las contradicciones entre las versiones policial, period\u00edstica y la de lxs testigxs son un mal presagio de lo que podr\u00eda ser el futuro de la investigaci\u00f3n, por lo que se hace urgente la denuncia y visibilizaci\u00f3n para exigir el esclarecimiento, juicio y castigo a lxs responsables de la muerte de Estrella.<\/p>\n<p>Ivanna contin\u00faa \u201c<em>Nosotros estamos en permanente contacto con la familia de Estrella, ellxs son los que se presentan como querellantes obviamente, nosotros con nuestra organizaci\u00f3n y otras acompa\u00f1amos el reclamos de verdad y justicia por el esclarecimiento del asesinato de la compa\u00f1era Estrella Bel\u00e9n y despu\u00e9s las dem\u00e1s acciones a seguir van a ser seguir moviliz\u00e1ndonos y dem\u00e1s (\u2026) para que no quede en nada, porque generalmente cuando nadie hace nada, no se visibiliza ni dem\u00e1s, estos casos son archivados como ya tenemos casos de much\u00edsimas compa\u00f1eras que quedaron en la nada<\/em>\u201d.<\/p>\n<p><strong>Una vulnerabilidad estructural<\/strong><br \/>\n<iframe src=\"http:\/\/ar.ivoox.com\/es\/player_ej_14031727_2_1.html?data=kpmdlZabdpihhpywj5WWaZS1kpeah5yncZOhhpywj5WRaZi3jpWah5ynca3VjNLix9fYqYzYxpCy1dnWqc3gwpCvx9GJh5SZop7bh5ilb9LpxpDbw8nNqYznxsaYy9PIrcfZ08rb1sqRaZi3jrfOxs7Tb7vpzsfOjdHFb7Xp08fOj4qbh46o&amp;\" width=\"100%\" height=\"200\" frameborder=\"0\" scrolling=\"no\" allowfullscreen=\"allowfullscreen\"><\/iframe><\/p>\n<p>La activista trans no duda en relacionar la muerte de Estrella con las condiciones de vida de las mujeres trans y travestis, quienes desde muy j\u00f3venes se enfrentan a diversos tipos y contextos de violencia y exclusi\u00f3n. Exclusi\u00f3n que se expresa tambi\u00e9n en las posibilidades de acceso al trabajo. Al respecto, comparte que \u201c<em>la primera vulnerabilidad que sufrimos las mujeres trans es andar por la calle ejerciendo la prostituci\u00f3n como \u00fanico medio de vida (\u2026) Esto lleva a exponerte a la violencia que sufrimos primero que nada, por parte de la polic\u00eda, y segundo, por parte de los clientes. Esto nos lleva a que estemos en un total estado de abandono, de indefensi\u00f3n y dem\u00e1s, en el cual se encontraba la compa\u00f1era, m\u00e1s all\u00e1 de que ella ten\u00eda una contenci\u00f3n familiar (\u2026) nosotras queremos ganarnos nuestro dinero, no queremos ser la carga de nuestra familia o de un compa\u00f1ero. Y \u00a0lamentablemente el \u00fanico acceso que tenemos para poder ganar un peso es el ejercicio de la prostituci\u00f3n, porque no tenemos acceso a un trabajo formal, no hay inclusi\u00f3n laboral por parte del estado, no hay pol\u00edtica de inclusi\u00f3n laboral para las compa\u00f1eras por parte del estado nacional, provincial ni municipal<\/em>\u201d.<\/p>\n<p>\u201c<em>Creo personalmente<\/em> -finaliza- <em>que si la compa\u00f1era hubiese tenido un trabajo registrado, otro tipo de vida como tienen todos los ciudadanos y ciudadanas de este pa\u00eds, la compa\u00f1era hoy estar\u00eda viva<\/em>\u201d.<\/p>\n<div class='share-to-whatsapp-wrapper'><div class='share-on-whsp'>Share on: <\/div><div class='clear '><\/div><\/div>","protected":false},"excerpt":{"rendered":"<p>En el Enredando las Ma\u00f1anas del mi\u00e9rcoles 23 de noviembre hablamos con Ivanna Aguilera, vicepresidenta de Devenir Diverse acerca del travesticidio de la joven Estrella Bel\u00e9n S\u00e1nchez la semana pasada en la ciudad de C\u00f3rdoba, . Todo indica que muri\u00f3 luego de ser atacada violentamente por m\u00e1s de un autor. &nbsp; Flash 1- 15 de [&hellip;]<\/p>\n","protected":false},"author":6,"featured_media":1979,"comment_status":"open","ping_status":"open","sticky":false,"template":"","format":"standard","meta":{"footnotes":""},"categories":[18,5],"tags":[],"class_list":["post-1978","post","type-post","status-publish","format-standard","has-post-thumbnail","hentry","category-elm","category-transfeminismos"],"_links":{"self":[{"href":"https:\/\/zumbalaturba.com.ar\/index.php?rest_route=\/wp\/v2\/posts\/1978","targetHints":{"allow":["GET"]}}],"collection":[{"href":"https:\/\/zumbalaturba.com.ar\/index.php?rest_route=\/wp\/v2\/posts"}],"about":[{"href":"https:\/\/zumbalaturba.com.ar\/index.php?rest_route=\/wp\/v2\/types\/post"}],"author":[{"embeddable":true,"href":"https:\/\/zumbalaturba.com.ar\/index.php?rest_route=\/wp\/v2\/users\/6"}],"replies":[{"embeddable":true,"href":"https:\/\/zumbalaturba.com.ar\/index.php?rest_route=%2Fwp%2Fv2%2Fcomments&post=1978"}],"version-history":[{"count":0,"href":"https:\/\/zumbalaturba.com.ar\/index.php?rest_route=\/wp\/v2\/posts\/1978\/revisions"}],"wp:featuredmedia":[{"embeddable":true,"href":"https:\/\/zumbalaturba.com.ar\/index.php?rest_route=\/wp\/v2\/media\/1979"}],"wp:attachment":[{"href":"https:\/\/zumbalaturba.com.ar\/index.php?rest_route=%2Fwp%2Fv2%2Fmedia&parent=1978"}],"wp:term":[{"taxonomy":"category","embeddable":true,"href":"https:\/\/zumbalaturba.com.ar\/index.php?rest_route=%2Fwp%2Fv2%2Fcategories&post=1978"},{"taxonomy":"post_tag","embeddable":true,"href":"https:\/\/zumbalaturba.com.ar\/index.php?rest_route=%2Fwp%2Fv2%2Ftags&post=1978"}],"curies":[{"name":"wp","href":"https:\/\/api.w.org\/{rel}","templated":true}]}}