{"id":199,"date":"2015-03-23T14:55:00","date_gmt":"2015-03-23T14:55:00","guid":{"rendered":"http:\/\/zumbalaturba.com.ar\/2015\/03\/23\/femicidio-es-tremenda-la-desidia-con-la-que-se-manejan-desde-las-instituciones-del-estado\/"},"modified":"2015-03-23T14:55:00","modified_gmt":"2015-03-23T14:55:00","slug":"femicidio-es-tremenda-la-desidia-con-la-que-se-manejan-desde-las-instituciones-del-estado","status":"publish","type":"post","link":"https:\/\/zumbalaturba.com.ar\/?p=199","title":{"rendered":"Femicidio: \u201ces tremenda la desidia con la que se manejan desde las instituciones del estado\u201d"},"content":{"rendered":"<p><\/p>\n<div style=\"clear: both; text-align: center;\"><a href=\"http:\/\/2.bp.blogspot.com\/-vWSTQwmsZ28\/VRApr2lP38I\/AAAAAAAABGQ\/dt9xy3lBkGk\/s1600\/femicidios.jpg\" style=\"clear: right; float: right; margin-bottom: 1em; margin-left: 1em;\"><img decoding=\"async\" border=\"0\" src=\"http:\/\/2.bp.blogspot.com\/-vWSTQwmsZ28\/VRApr2lP38I\/AAAAAAAABGQ\/dt9xy3lBkGk\/s1600\/femicidios.jpg\" \/><\/a><\/div>\n<p>En el <b>Enredando las Ma\u00f1anas<\/b> del mi\u00e9rcoles 18 de marzo, mantuvimos con <b>Marina Acosta<\/b>, hermana de <b>Paola<\/b>, una joven v\u00edctima de femicidio, una extensa comunicaci\u00f3n telef\u00f3nica para reflexionar en torno a los femicidios de <b>Daiana Garc\u00eda<\/b> en<b> Buenos Aires<\/b> y <b>Andrea Castana<\/b> en <b>Carlos Paz<\/b> (CBA), la desidia estatal y policial, y el cambio cultural necesario para erradicar la violencia de g\u00e9nero. <\/p>\n<p>Audio <a href=\"https:\/\/archive.org\/download\/150318ELM_201503\/15%2003%2018%20corte5%20femicidio.mp3\" target=\"_blank\">descargar<\/a><\/p>\n<p>En septiembre de 2014 fue hallado en una alcantarilla en la ciudad de  C\u00f3rdoba el cuerpo sin vida de Paola Acosta, una joven de 36 a\u00f1os. Junto  a ella estaba Martina, su peque\u00f1a hija de menos de dos a\u00f1os, con un  serio cuadro de deshidrataci\u00f3n. Hab\u00eda pasado 36 horas junto al cad\u00e1ver  de su madre. Por su femicidio est\u00e1 detenido y procesado Gast\u00f3n  Lizarralde, padre de Martina, quien ese d\u00eda deb\u00eda llevar por primera vez  la cuota alimentaria de la ni\u00f1a.<br \/>Durante los tres d\u00edas que demoraron en encontrarlas, su familia, sus  amigxs, y especialmente su hermana Marina Acosta con el respaldo de la  organizaci\u00f3n pol\u00edtica a la que pertenece (MST), hab\u00edan denunciado  p\u00fablicamente su desaparici\u00f3n y la inacci\u00f3n de la polic\u00eda y del sistema  judicial. Es muy posible que, de no haber sido por su r\u00e1pida reacci\u00f3n,  el destino de Martina hubiera sido aun m\u00e1s terrible.<br \/>Partiendo de su inmenso dolor, Maru ha logrado recomponerse, tomando  las banderas no s\u00f3lo de la justicia para Paola y Martina, sino las de la  lucha contra la violencia hacia las mujeres, y el reclamo de &#8220;Ni una  m\u00e1s&#8221;.<\/p>\n<p><b>La desidia del Estado<\/b><\/p>\n<p><b>Maru Acosta:<\/b> Gracias por comunicarse conmigo despu\u00e9s  de todo esto tan terrible que est\u00e1 sucediendo en la localidad de Carlos  Paz. Es un pueblo que no dio para m\u00e1s de ver c\u00f3mo se reacciona en estos  casos. Cada vez lo naturalizamos m\u00e1s, hasta que explota en la propia  cara y no queda otra que salir a reclamarles a los mismos que vienen  d\u00e1ndonos vuelta la cara y mirando para otro lado, que se muevan, que  accionen y que cambien las cosas. Porque la verdad es que no es ni  justo, ni valedero, ni necesario que se nos vayan las vidas de tantas  mujeres a ra\u00edz, no s\u00f3lo de la violencia machista y patriarcal que  tenemos instalada en nuestra cultura, sino tambi\u00e9n de cosas evitables,  como sucedi\u00f3 con Andrea, con Eugenia Villafa\u00f1e y mi hermana, esta  naturalizaci\u00f3n misma de la violencia que se hace y que termina en casos  tan terribles que nos llenan de cuestionamientos, de dudas y de ganas de  cambiar todo.<br \/><b>Enredando las ma\u00f1anas: La desidia estatal y de la justicia  fue palpable ante la desaparici\u00f3n de Paola. Cuando sucedi\u00f3, siempre lo  hemos dicho y problematizado, si no hubiera habido una organizaci\u00f3n y  gente que escrach\u00f3 la comisar\u00eda, por ejemplo, los resultados hubieran  podido ser a\u00fan peor por la demora de la justicia. En relaci\u00f3n a Eugenia  Villafa\u00f1e -por cuyo femicidio est\u00e1 detenido Walter Aragallo, exconcejal  de su pueblo, Canals-, se dio una situaci\u00f3n similar: el tiempo que  demoraron en tomarle la denuncia a la familia, la presunci\u00f3n de que se  habr\u00edan ido por sus propios medios, \u00bfqu\u00e9 pens\u00e1s que motiva esta demora  en responder?<\/b><br \/><b>M.A.:<\/b> S\u00ed, y en el caso de Andrea, que no vaya a  buscar a sus dos hijos al colegio. Es tremenda la desidia con la que nos  tratan y se manejan desde las instituciones del estado, como son la  polic\u00eda, en el caso puntual de Andrea o en el de Mar\u00eda Eugenia, donde no  le quer\u00edan tomar la denuncia porque al ser un pueblo y conocerse todos,  el razonamiento es &#8220;mejor le voy a preguntar directamente en lugar de  tomar la denuncia a vos que est\u00e1s ac\u00e1 desesperado&#8221;. Esa es un poco la  mala l\u00f3gica con la que se maneja hoy la polic\u00eda, y la justicia ni  hablar. Si cuando desaparecieron Paola y Martina nosotros no \u00edbamos,  llev\u00e1bamos c\u00e1maras, fuimos, golpeamos puertas, si no hac\u00edamos eso, creo  que todav\u00eda est\u00e1 durmiendo en los laureles y quiz\u00e1s hasta podr\u00edamos no  haberlas encontrado. Yo, cada noche cuando me acuesto, miro para el  costado y pienso que tengo suerte de tener a Martina conmigo, porque  dormimos juntas. La verdad es que siento que tengo suerte, porque si  hubiera sido de otra manera&#8230; El hecho de por s\u00ed fue horrible,  aberrante, lo que nos pas\u00f3 a nosotros con Paola y con Martina, la  desesperaci\u00f3n en s\u00ed de no saber ad\u00f3nde estaban, no encontrar respuestas  en ning\u00fan lado, tener que salir a hacer un esc\u00e1ndalo en la calle cuando  en realidad tendr\u00edamos que haber colaborado de otra forma, y el mismo  estado darnos las respuestas que correspond\u00edan en una crisis as\u00ed. Pero,  sin embargo, tuvimos que hacer pr\u00e1cticamente todo por nuestra cuenta. Y  luego, el caso de Mar\u00eda Eugenia Villafa\u00f1e, de Andrea, nos recordaba eso.<br \/>Cuando nosotros est\u00e1bamos en casa, viendo en la televisi\u00f3n lo que  estaba pasando en Carlos Paz, se nos ca\u00edan las l\u00e1grimas, porque  entend\u00edamos lo que estaba pasando la familia. Era lo mismo que pasamos  nosotros en su momento, tener que ponerse la b\u00fasqueda al hombro y salir  vos a hacer las cosas, porque ves que del otro lado no hay ning\u00fan tipo  de respuesta.<br \/>A m\u00ed particularmente me hizo sentir bastante mal, en el sentido de  que a seis meses casi de todo lo que sucedi\u00f3 con Paola y con Martina,  algo m\u00ednimamente se podr\u00eda haber cambiado, por ejemplo salir r\u00e1pidamente  a buscarlas, y no fue as\u00ed. Porque de las dos de la tarde hasta las  siete, que vos sal\u00eds a buscar a una persona, pas\u00f3 todo lo que pas\u00f3. A  Andrea la encontraron desnuda, tapada con piedras. Eso requiere tiempo, y  ese tiempo lo estaba dejando libre la misma polic\u00eda y la justicia  cuando salieron tarde a buscarla.<br \/>En cuanto a los protocolos de b\u00fasqueda, que ya no existen desde el  2006, que recalcan tanto que no reclamemos eso porque de verdad no se  aplican, es mentira, porque de hecho es lo que pasa. Cuando uno sale a  la calle, tiene que terminar fij\u00e1ndose qu\u00e9 denunciar y cu\u00e1ndo, cuando en  realidad no tendr\u00eda que ser responsabilidad nuestra, tendr\u00eda que haber  un estado que responda ante estos casos. Y no sucede as\u00ed.<br \/>Ni hablar en el caso de Eugenia, donde fueron y les dijeron: &#8220;no,  seguro que ya va a volver. Ah\u00ed le voy a preguntar&#8221; y se fueron a  preguntarle al tipo que hoy est\u00e1 imputado por su femicidio. Hasta  despu\u00e9s envolvernos en los mismos cuestionamientos que naturalizan esta  acciones por parte de la justicia y la polic\u00eda,&nbsp; esto de escuchar en la  misma sociedad y en las redes sociales, &#8220;Ah, \u00bfpero Daiana fue as\u00ed  vestida a una entrevista de trabajo? Ella se lo estaba buscando&#8221;.  Di\u00e1logos terribles y aberrantes en los que parece que fuera justo que  una chica que sale a buscar trabajo aparezca muerta, cuando en realidad  lo que est\u00e1 sucediendo es que se est\u00e1 evidenciando que este sistema, as\u00ed  como est\u00e1, no funciona m\u00e1s y que lo tenemos que cambiar de pies a  cabeza. Porque parece que es m\u00e1s peligroso hoy ser una mujer, que ser un  narco.<br \/>La verdad es que a m\u00ed me da pena, me da bronca, y me dan ganas de  salir a patear todas las puertas que hay para que podamos empezar a  cambiar las cosas.<\/p>\n<p><b>Cuerpo de mujer, peligro de muerte<\/b><\/p>\n<p><b>E.L.M.: Hoy podemos percibir la sensaci\u00f3n de una inseguridad  propia de nuestra condici\u00f3n de g\u00e9nero. Como mujer, nos replanteamos  salir a la noche a bailar y cuando volvemos, est\u00e1 la pregunta \u00bfme animo  realmente a caminar por la calle sola, tengo que pedir compa\u00f1\u00eda?<\/b><br \/><b>M.A.:<\/b> El prevenir se nos hizo carne a nosotros, por  todo esto que est\u00e1 sucediendo, y en realidad, a nivel social, a nivel de  los responsables, nuestros representantes, el poder judicial, la misma  polic\u00eda, no veo el mismo accionar en ese sentido.<br \/>Hace solo unos d\u00edas hemos conmemorado el d\u00eda de la mujer, y todo el  mundo habla de los derechos de las mujeres, pero para mandarte un feliz  d\u00eda, no para otorgarte posibilidades de c\u00f3mo prevenir, de c\u00f3mo ayudar,  de ver qu\u00e9 se necesita. Es muy lindo celebrar el d\u00eda de la mujer si lo  ves desde el lado que todos tuvi\u00e9ramos las mismas posibilidades.<br \/>Nosotros intentamos hacer una marcha en el d\u00eda de la mujer para poner  en evidencia todo eso, y la verdad es que no se not\u00f3 eso, la  preocupaci\u00f3n de todo el mundo, deber\u00edan haber estado all\u00ed todas las  corrientes pol\u00edticas. Yo creo que el tema de la mujer deber\u00eda ser  problema de todos, deber\u00eda ser eje de todos, y no s\u00f3lo de la izquierda  pol\u00edtica. Eso ser\u00eda importante ahora que todos empiezan con la campa\u00f1a  electoral y dem\u00e1s, que presionen fuerte para que podamos conseguir los  cambios que hacen falta.<br \/>Pensaba hace un momento, que esto de salir y avisar, estar como  perseguida por el hecho de ser mujer, tiene que cambiar. Hace unos d\u00edas,  nosotros junto a familiares de otras v\u00edctimas de femicidio, presentamos  p\u00fablicamente frente a la legislatura provincial un proyecto de ley para  que se declare la emergencia, y podamos empezar a hacer m\u00e1s campa\u00f1as de  concientizaci\u00f3n, tener el presupuesto que hace falta para que el  Consejo de la Mujer que est\u00e1 ah\u00ed muy lindo funcione de verdad, y darnos  herramientas a nosotros en s\u00ed para ir a las escuelas, a la calle, a  todos los lugares que haga falta y poner en evidencia que no est\u00e1 todo  bien, que estos casos que salen a la luz, como el caso de Paola, el de  Eugenia Villafa\u00f1e, el de Andrea Castana, no son casos aislados. Que por  cada uno de los casos que a nosotras nos estremece y nos duelen, que  vemos en la tele, escuchamos en la radio, leemos en los diarios, en los  distintos portales, por cada uno de esos casos hay un mont\u00f3n por detr\u00e1s  que no salen a la luz. Que son miles de familias las que est\u00e1n sufriendo  la misma desidia, la misma inacci\u00f3n, y las mismas mujeres que est\u00e1n  sufriendo la violencia en carne propia y hasta a veces la pagan con la  vida.<\/p>\n<p><b>Romper el c\u00edrculo: reconocer la violencia en el noviazgo<\/b><\/p>\n<p><b>E.L.M.: \u00bfQu\u00e9 recursos pod\u00e9s recomendar a aquellas mujeres v\u00edctimas de violencia?<\/b><br \/><b>M.A.:<\/b> En realidad por mi experiencia yo siempre  recomiendo, para los casos de las personas que tienen alguna duda legal,  alguna situaci\u00f3n problem\u00e1tica relacionada con la violencia hacia las  mujeres y dem\u00e1s, siempre recomiendo el 144 [l\u00ednea nacional de  contenci\u00f3n, informaci\u00f3n y asesoramiento en materia de violencia de  g\u00e9nero], por el hecho de que atienden a toda hora y se puede llamar  desde un celular, desde un fijo y dem\u00e1s, y he recibido buena atenci\u00f3n  desde ah\u00ed cuando llam\u00e9 para hacer consultas por otra persona.<br \/>Puntualmente, portales de informaci\u00f3n sobre leyes, sobre formas de  prevenir y dem\u00e1s, me est\u00e1 costando encontrar, ahora que estamos armando  con mis compa\u00f1eras materiales para ir a presentar en colegios sobre la  violencia en el noviazgo.<br \/>Yo creo que una herramienta importante para poder prevenir es empezar  lo antes posible, para que este cambio cultural de verdad se d\u00e9. Creo  que la violencia de g\u00e9nero tambi\u00e9n se da desde el mismo noviazgo y desde  que somos chiquitos, uno va interiorizando los estereotipos y dem\u00e1s, se  los va tragando y los empieza a reproducir de una forma u otra, ya sea  alimentado por los medios, las mismas redes sociales. Entonces est\u00e1  bueno darles a los chicos y a las chicas, herramientas distintas para  que se den cuenta cu\u00e1l es el l\u00edmite. Y eso es lo que estamos armando  para presentar en las escuelas y ver si nos dejan ir a dar charlas y  dem\u00e1s.<\/p>\n<p><b>Comprometerse<\/b><\/p>\n<p><b>M.A.:<\/b> Despu\u00e9s de lo que pas\u00f3 con Paola y dem\u00e1s, que  fue un hecho muy doloroso, nosotros desde el dolor unimos las fuerzas y  salimos para adelante para ayudar, para que no vuelva a pasar. A las  mujeres, a los hombres que est\u00e9n escuchando del otro lado, a las  j\u00f3venes, a las m\u00e1s grandes y dem\u00e1s, que se sumen, que se organicen, que  averig\u00fcen, que cerca de su casa seguramente estamos o hay alguna  organizaci\u00f3n que est\u00e1 trabajando en el tema, y que comiencen a activar y  a ayudarnos para que entre todos lo podamos resolver.<\/p>\n<div class='share-to-whatsapp-wrapper'><div class='share-on-whsp'>Share on: <\/div><div class='clear '><\/div><\/div>","protected":false},"excerpt":{"rendered":"<p>En el Enredando las Ma\u00f1anas del mi\u00e9rcoles 18 de marzo, mantuvimos con Marina Acosta, hermana de Paola, una joven v\u00edctima de femicidio, una extensa comunicaci\u00f3n telef\u00f3nica para reflexionar en torno a los femicidios de Daiana Garc\u00eda en Buenos Aires y Andrea Castana en Carlos Paz (CBA), la desidia estatal y policial, y el cambio cultural [&hellip;]<\/p>\n","protected":false},"author":2,"featured_media":0,"comment_status":"open","ping_status":"open","sticky":false,"template":"","format":"standard","meta":{"footnotes":""},"categories":[5],"tags":[26],"class_list":["post-199","post","type-post","status-publish","format-standard","hentry","category-transfeminismos","tag-feminicidio"],"_links":{"self":[{"href":"https:\/\/zumbalaturba.com.ar\/index.php?rest_route=\/wp\/v2\/posts\/199","targetHints":{"allow":["GET"]}}],"collection":[{"href":"https:\/\/zumbalaturba.com.ar\/index.php?rest_route=\/wp\/v2\/posts"}],"about":[{"href":"https:\/\/zumbalaturba.com.ar\/index.php?rest_route=\/wp\/v2\/types\/post"}],"author":[{"embeddable":true,"href":"https:\/\/zumbalaturba.com.ar\/index.php?rest_route=\/wp\/v2\/users\/2"}],"replies":[{"embeddable":true,"href":"https:\/\/zumbalaturba.com.ar\/index.php?rest_route=%2Fwp%2Fv2%2Fcomments&post=199"}],"version-history":[{"count":0,"href":"https:\/\/zumbalaturba.com.ar\/index.php?rest_route=\/wp\/v2\/posts\/199\/revisions"}],"wp:attachment":[{"href":"https:\/\/zumbalaturba.com.ar\/index.php?rest_route=%2Fwp%2Fv2%2Fmedia&parent=199"}],"wp:term":[{"taxonomy":"category","embeddable":true,"href":"https:\/\/zumbalaturba.com.ar\/index.php?rest_route=%2Fwp%2Fv2%2Fcategories&post=199"},{"taxonomy":"post_tag","embeddable":true,"href":"https:\/\/zumbalaturba.com.ar\/index.php?rest_route=%2Fwp%2Fv2%2Ftags&post=199"}],"curies":[{"name":"wp","href":"https:\/\/api.w.org\/{rel}","templated":true}]}}