{"id":1990,"date":"2016-11-27T04:16:42","date_gmt":"2016-11-27T04:16:42","guid":{"rendered":"http:\/\/zumbalaturba.com.ar\/?p=1990"},"modified":"2016-11-27T15:20:02","modified_gmt":"2016-11-27T15:20:02","slug":"cordoba-marcho-por-el-dia-internacional-de-lucha-contra-la-violencia-contra-las-mujeres","status":"publish","type":"post","link":"https:\/\/zumbalaturba.com.ar\/?p=1990","title":{"rendered":"25 Nov: miles de mariposas, miles de razones para luchar"},"content":{"rendered":"<p>C\u00f3rdoba march\u00f3 por el D\u00eda Internacional de Lucha contra la Violencia contra las Mujeres<\/p>\n<p><img fetchpriority=\"high\" decoding=\"async\" class=\"size-medium wp-image-1997 aligncenter\" src=\"https:\/\/zumbalaturba.com.ar\/wp-content\/uploads\/2016\/11\/15193409_1118133794966637_2558778022475084047_n-300x225.jpg\" alt=\"15193409_1118133794966637_2558778022475084047_n\" width=\"300\" height=\"225\" srcset=\"https:\/\/zumbalaturba.com.ar\/wp-content\/uploads\/2016\/11\/15193409_1118133794966637_2558778022475084047_n-300x225.jpg 300w, https:\/\/zumbalaturba.com.ar\/wp-content\/uploads\/2016\/11\/15193409_1118133794966637_2558778022475084047_n-90x68.jpg 90w, https:\/\/zumbalaturba.com.ar\/wp-content\/uploads\/2016\/11\/15193409_1118133794966637_2558778022475084047_n-768x576.jpg 768w, https:\/\/zumbalaturba.com.ar\/wp-content\/uploads\/2016\/11\/15193409_1118133794966637_2558778022475084047_n.jpg 960w\" sizes=\"(max-width: 300px) 100vw, 300px\" \/>25 de noviembre de 1960. Una fecha que en s\u00ed encierra cientos de contradicciones, la muerte y la vida, la lucha y la represi\u00f3n, la memoria y la proyecci\u00f3n. Una fecha que, recordando la muerte de las tres hermanas mariposas, Mar\u00eda Teresa, Patria y Minerva Mirabal a manos de esbirros del dictador Trujillo, fue recuperada, resignificada, apropiada por el movimiento feminista y de mujeres para convertirlo en d\u00eda de lucha.<\/p>\n<div>\n<p>Una fecha que convirti\u00f3 la muerte en bandera de vida. As\u00ed, cada 25 de noviembre, cientos, miles, decenas de miles de <img decoding=\"async\" class=\"alignright size-medium wp-image-2000\" src=\"https:\/\/zumbalaturba.com.ar\/wp-content\/uploads\/2016\/11\/15230758_1118134024966614_278730381180597262_n-300x225.jpg\" alt=\"15230758_1118134024966614_278730381180597262_n\" width=\"300\" height=\"225\" srcset=\"https:\/\/zumbalaturba.com.ar\/wp-content\/uploads\/2016\/11\/15230758_1118134024966614_278730381180597262_n-300x225.jpg 300w, https:\/\/zumbalaturba.com.ar\/wp-content\/uploads\/2016\/11\/15230758_1118134024966614_278730381180597262_n-90x68.jpg 90w, https:\/\/zumbalaturba.com.ar\/wp-content\/uploads\/2016\/11\/15230758_1118134024966614_278730381180597262_n-768x576.jpg 768w, https:\/\/zumbalaturba.com.ar\/wp-content\/uploads\/2016\/11\/15230758_1118134024966614_278730381180597262_n.jpg 960w\" sizes=\"(max-width: 300px) 100vw, 300px\" \/>mujeres en todo el mundo toman las calles con sus historias, voces, reclamos y cuerpos diversos, reconoci\u00e9ndose a s\u00ed mismas en la lucha de las hermanas Mirabal, echando a volar -una vez m\u00e1s- las mariposas en sus cantos y carteles. Haciendo lo personal, pol\u00edtico. Haciendo lo pol\u00edtico, raz\u00f3n de vida, personal.<\/p>\n<p>56 a\u00f1os despu\u00e9s, las contradicciones siguen cavando hondo en nuestros pueblos y en la vida de mujeres, lesbianas y trans, y las razones para seguir luchando se repiten y <img decoding=\"async\" class=\"size-medium wp-image-1999 alignleft\" src=\"https:\/\/zumbalaturba.com.ar\/wp-content\/uploads\/2016\/11\/15230734_1118133811633302_722721942899206598_n-300x225.jpg\" alt=\"15230734_1118133811633302_722721942899206598_n\" width=\"300\" height=\"225\" srcset=\"https:\/\/zumbalaturba.com.ar\/wp-content\/uploads\/2016\/11\/15230734_1118133811633302_722721942899206598_n-300x225.jpg 300w, https:\/\/zumbalaturba.com.ar\/wp-content\/uploads\/2016\/11\/15230734_1118133811633302_722721942899206598_n-90x68.jpg 90w, https:\/\/zumbalaturba.com.ar\/wp-content\/uploads\/2016\/11\/15230734_1118133811633302_722721942899206598_n-768x576.jpg 768w, https:\/\/zumbalaturba.com.ar\/wp-content\/uploads\/2016\/11\/15230734_1118133811633302_722721942899206598_n.jpg 960w\" sizes=\"(max-width: 300px) 100vw, 300px\" \/>multiplican.<\/p>\n<p>As\u00ed, este 25 de noviembre de 2016, a pesar de que ha sido un a\u00f1o en el que el movimiento de mujeres, lesbianas y trans ha crecido en organizaci\u00f3n y en visibilizar la violencia machista y patriarcal, nos encontr\u00f3 en las calles llenas de rabia y dolor.<\/p>\n<p>La ciudad de C\u00f3rdoba tambi\u00e9n march\u00f3 en el marco del D\u00eda Internacional de Lucha contra la Violencia hacia las Mujeres, sum\u00e1ndose a las miles de mujeres de todo el mundo que a\u00f1o a a\u00f1o marchamos para denunciar la violencia machista, pero tambi\u00e9n para encontrarnos y seguir construyendo herramientas de lucha contra la opresi\u00f3n machista y <img loading=\"lazy\" decoding=\"async\" class=\"size-medium wp-image-1994 alignright\" src=\"https:\/\/zumbalaturba.com.ar\/wp-content\/uploads\/2016\/11\/15171245_1118133818299968_6546564979517521229_n-300x225.jpg\" alt=\"15171245_1118133818299968_6546564979517521229_n\" width=\"300\" height=\"225\" srcset=\"https:\/\/zumbalaturba.com.ar\/wp-content\/uploads\/2016\/11\/15171245_1118133818299968_6546564979517521229_n-300x225.jpg 300w, https:\/\/zumbalaturba.com.ar\/wp-content\/uploads\/2016\/11\/15171245_1118133818299968_6546564979517521229_n-90x68.jpg 90w, https:\/\/zumbalaturba.com.ar\/wp-content\/uploads\/2016\/11\/15171245_1118133818299968_6546564979517521229_n-768x576.jpg 768w, https:\/\/zumbalaturba.com.ar\/wp-content\/uploads\/2016\/11\/15171245_1118133818299968_6546564979517521229_n.jpg 960w\" sizes=\"(max-width: 300px) 100vw, 300px\" \/>patriarcal contra mujeres, lesbianas y trans.<\/p>\n<div>\n<p>Herramientas que nos sigan fortaleciendo para enfrentar la realidad que en este noviembre, en nuestra provincia, nos encontr\u00f3 denunciando una sentencia insuficiente por el femicidio de Roc\u00edo Rodr\u00edguez, el asesinato de Estrella Bel\u00e9n y organiz\u00e1ndonos para que Dayana Gorosito, vulnerada e injustamente acusada, obtenga su libertad.<\/p>\n<\/div>\n<\/div>\n<p style=\"text-align: left;\"><img loading=\"lazy\" decoding=\"async\" class=\"alignnone size-medium wp-image-2024\" src=\"https:\/\/zumbalaturba.com.ar\/wp-content\/uploads\/2016\/11\/FB_IMG_1480257602061-300x225.jpg\" alt=\"fb_img_1480257602061\" width=\"300\" height=\"225\" srcset=\"https:\/\/zumbalaturba.com.ar\/wp-content\/uploads\/2016\/11\/FB_IMG_1480257602061-300x225.jpg 300w, https:\/\/zumbalaturba.com.ar\/wp-content\/uploads\/2016\/11\/FB_IMG_1480257602061-90x68.jpg 90w, https:\/\/zumbalaturba.com.ar\/wp-content\/uploads\/2016\/11\/FB_IMG_1480257602061.jpg 720w\" sizes=\"(max-width: 300px) 100vw, 300px\" \/><\/p>\n<p>Aqu\u00ed podes escuchar el documento \u00fanico de al finalizar la movilizaci\u00f3n<\/p>\n<p><iframe id=\"audio_14095887\" style=\"border: 1px solid #EEE; box-sizing: border-box; width: 100%;\" src=\"https:\/\/ar.ivoox.com\/es\/player_ej_14095887_4_1.html?c1=ff6600\" width=\"300\" height=\"200\" frameborder=\"0\" scrolling=\"no\" allowfullscreen=\"allowfullscreen\"><\/iframe><\/p>\n<div class='share-to-whatsapp-wrapper'><div class='share-on-whsp'>Share on: <\/div><div class='clear '><\/div><\/div>","protected":false},"excerpt":{"rendered":"<p>C\u00f3rdoba march\u00f3 por el D\u00eda Internacional de Lucha contra la Violencia contra las Mujeres 25 de noviembre de 1960. Una fecha que en s\u00ed encierra cientos de contradicciones, la muerte y la vida, la lucha y la represi\u00f3n, la memoria y la proyecci\u00f3n. Una fecha que, recordando la muerte de las tres hermanas mariposas, Mar\u00eda [&hellip;]<\/p>\n","protected":false},"author":2,"featured_media":2002,"comment_status":"open","ping_status":"open","sticky":false,"template":"","format":"standard","meta":{"footnotes":""},"categories":[38,5],"tags":[473,412,472],"class_list":["post-1990","post","type-post","status-publish","format-standard","has-post-thumbnail","hentry","category-anticarcelario-antrepresivo","category-transfeminismos","tag-dia-internacional-de-lucha-contra-la-violencia-contra-las-mujeres","tag-marcha","tag-ni-una-menos"],"_links":{"self":[{"href":"https:\/\/zumbalaturba.com.ar\/index.php?rest_route=\/wp\/v2\/posts\/1990","targetHints":{"allow":["GET"]}}],"collection":[{"href":"https:\/\/zumbalaturba.com.ar\/index.php?rest_route=\/wp\/v2\/posts"}],"about":[{"href":"https:\/\/zumbalaturba.com.ar\/index.php?rest_route=\/wp\/v2\/types\/post"}],"author":[{"embeddable":true,"href":"https:\/\/zumbalaturba.com.ar\/index.php?rest_route=\/wp\/v2\/users\/2"}],"replies":[{"embeddable":true,"href":"https:\/\/zumbalaturba.com.ar\/index.php?rest_route=%2Fwp%2Fv2%2Fcomments&post=1990"}],"version-history":[{"count":0,"href":"https:\/\/zumbalaturba.com.ar\/index.php?rest_route=\/wp\/v2\/posts\/1990\/revisions"}],"wp:featuredmedia":[{"embeddable":true,"href":"https:\/\/zumbalaturba.com.ar\/index.php?rest_route=\/wp\/v2\/media\/2002"}],"wp:attachment":[{"href":"https:\/\/zumbalaturba.com.ar\/index.php?rest_route=%2Fwp%2Fv2%2Fmedia&parent=1990"}],"wp:term":[{"taxonomy":"category","embeddable":true,"href":"https:\/\/zumbalaturba.com.ar\/index.php?rest_route=%2Fwp%2Fv2%2Fcategories&post=1990"},{"taxonomy":"post_tag","embeddable":true,"href":"https:\/\/zumbalaturba.com.ar\/index.php?rest_route=%2Fwp%2Fv2%2Ftags&post=1990"}],"curies":[{"name":"wp","href":"https:\/\/api.w.org\/{rel}","templated":true}]}}