{"id":2041,"date":"2016-11-28T19:47:05","date_gmt":"2016-11-28T19:47:05","guid":{"rendered":"http:\/\/zumbalaturba.com.ar\/?p=2041"},"modified":"2016-11-28T19:47:05","modified_gmt":"2016-11-28T19:47:05","slug":"recorriendo-el-festival-de-jazz-con-la-nota-azul","status":"publish","type":"post","link":"https:\/\/zumbalaturba.com.ar\/?p=2041","title":{"rendered":"Recorriendo el Festival de Jazz con La Nota Azul"},"content":{"rendered":"<p style=\"padding-left: 60px;\"><em>Tradici\u00f3n y vanguardia; ra\u00edces, pasado, renovaci\u00f3n y riesgo; creaci\u00f3n colectiva, expresi\u00f3n individual. Todo eso es parte del amasijo del jazz. Sin una parte de todo eso, el jazz no ser\u00eda lo que es: esa m\u00fasica desafiante que en lugar de marcar el camino, s\u00f3lo indica el origen y libera las posibilidades de la llegada\u2026 As\u00ed, la m\u00fasica de <\/em><strong>Donald Harrison<\/strong><em>, figura destacada en la 8va Edici\u00f3n del <\/em><strong>Festival Internacional de Jazz de C\u00f3rdoba<\/strong><em>, suena para abrir <\/em><a href=\"https:\/\/www.facebook.com\/lanotaazulradio\/\" target=\"_blank\"><strong>La Nota Azul<\/strong><\/a><em>&#8230;<\/em><\/p>\n<p>En esta emisi\u00f3n n\u00famero 83 de <strong>La Nota Azul<\/strong>, el programa de jazz y blues de Radio <a href=\"https:\/\/www.facebook.com\/zumba.laturba\/?fref=ts\" target=\"_blank\"><strong>Zumba La Turba<\/strong><\/a>, <img decoding=\"async\" class=\"alignright size-thumbnail wp-image-2048\" src=\"https:\/\/zumbalaturba.com.ar\/wp-content\/uploads\/2016\/11\/tHE-cHOSEN-90x68.jpg\" alt=\"the-chosen\" width=\"90\" height=\"68\" srcset=\"https:\/\/zumbalaturba.com.ar\/wp-content\/uploads\/2016\/11\/tHE-cHOSEN-90x68.jpg 90w, https:\/\/zumbalaturba.com.ar\/wp-content\/uploads\/2016\/11\/tHE-cHOSEN-355x272.jpg 355w\" sizes=\"(max-width: 90px) 100vw, 90px\" \/>correspondiente al s\u00e1bado 26 de noviembre de 2016, recorremos algo del Festival Internacional de Jazz de C\u00f3rdoba que est\u00e1 desarroll\u00e1ndose en su 0ctava edici\u00f3n este a\u00f1o.<\/p>\n<p><img decoding=\"async\" class=\"alignleft  wp-image-2046\" src=\"https:\/\/zumbalaturba.com.ar\/wp-content\/uploads\/2016\/11\/tony-malaby-tamarindo-front2-300x263.jpg\" alt=\"tony-malaby-tamarindo-front2\" width=\"100\" height=\"87\" srcset=\"https:\/\/zumbalaturba.com.ar\/wp-content\/uploads\/2016\/11\/tony-malaby-tamarindo-front2-300x263.jpg 300w, https:\/\/zumbalaturba.com.ar\/wp-content\/uploads\/2016\/11\/tony-malaby-tamarindo-front2-768x672.jpg 768w, https:\/\/zumbalaturba.com.ar\/wp-content\/uploads\/2016\/11\/tony-malaby-tamarindo-front2-1024x896.jpg 1024w, https:\/\/zumbalaturba.com.ar\/wp-content\/uploads\/2016\/11\/tony-malaby-tamarindo-front2.jpg 1600w\" sizes=\"(max-width: 100px) 100vw, 100px\" \/>Largamos con <strong>Donald Harrison<\/strong>, su disco <strong><em>The Chosen<\/em><\/strong>, del a\u00f1o\u00a02009. Luego seguimos con <strong>Tony Malaby<\/strong>, y algo de su tr\u00edo <strong><em>Tamarindo.<\/em><\/strong> Continuamos con la saxofonista chilena <strong>Melissa Aldana<\/strong> y su proyecto con <strong>Crash Trio<\/strong>. Todas visitas internacionales destacadas en el Festival de Jazz.<img decoding=\"async\" class=\"alignright  wp-image-2045\" src=\"https:\/\/zumbalaturba.com.ar\/wp-content\/uploads\/2016\/11\/MACrashTrioAlbumCover-300x300.jpg\" alt=\"macrashtrioalbumcover\" width=\"114\" height=\"114\" srcset=\"https:\/\/zumbalaturba.com.ar\/wp-content\/uploads\/2016\/11\/MACrashTrioAlbumCover-300x300.jpg 300w, https:\/\/zumbalaturba.com.ar\/wp-content\/uploads\/2016\/11\/MACrashTrioAlbumCover-768x768.jpg 768w, https:\/\/zumbalaturba.com.ar\/wp-content\/uploads\/2016\/11\/MACrashTrioAlbumCover-1024x1024.jpg 1024w, https:\/\/zumbalaturba.com.ar\/wp-content\/uploads\/2016\/11\/MACrashTrioAlbumCover.jpg 1500w\" sizes=\"(max-width: 114px) 100vw, 114px\" \/><\/p>\n<p>Luego compartimos\u00a0parte de la entrevista con\u00a0la cantante portuguesa <strong>Maria Jo\u00e3o<\/strong> y el guitarrista brasile\u00f1o <strong>Guinga<\/strong>, en la previa de su concierto en el Teatro Real. Escuchamos tambi\u00e9n algo del proyecto <strong>OGRE<\/strong> de m\u00fasica electr\u00f3nica de Maria Jo\u00e3o.<\/p>\n<p>Seguimos con el pianista italiano <strong>Dado Moroni<\/strong> que estuvo tocando en vivo en plan de trio en el Festival.<\/p>\n<p>Tambi\u00e9n tenemos la m\u00fasica de <strong>Turu S\u00e1ez<\/strong>, adelantando su fecha en C\u00f3rdoba, para presentar su nuevo \u00e1lbum <em><strong>Canciones<\/strong><\/em>.<\/p>\n<p><img loading=\"lazy\" decoding=\"async\" class=\"aligncenter  wp-image-2047\" src=\"https:\/\/zumbalaturba.com.ar\/wp-content\/uploads\/2016\/11\/turu-300x154.jpg\" alt=\"turu\" width=\"228\" height=\"117\" srcset=\"https:\/\/zumbalaturba.com.ar\/wp-content\/uploads\/2016\/11\/turu-300x154.jpg 300w, https:\/\/zumbalaturba.com.ar\/wp-content\/uploads\/2016\/11\/turu.jpg 314w\" sizes=\"(max-width: 228px) 100vw, 228px\" \/><\/p>\n<p>Terminamos con la m\u00fasica de <strong>4 Korners<\/strong>, siguiendo al sello <strong>Ropeadope<\/strong>.<\/p>\n<p>Todo eso y mucho m\u00e1s en dos horas de jazz, m\u00fasica y radio&#8230; Aqu\u00ed <a href=\"http:\/\/ar.ivoox.com\/es\/nota-azul-n-83-26-11-2016-audios-mp3_rf_14118301_1.html\" target=\"_blank\">el <strong>AUDIO<\/strong> del programa<\/a>:<\/p>\n<p><iframe id=\"audio_14118301\" style=\"border: 1px solid #EEE; box-sizing: border-box; width: 100%;\" src=\"https:\/\/ar.ivoox.com\/es\/player_ej_14118301_4_1.html?c1=ff6600\" width=\"300\" height=\"200\" frameborder=\"0\" scrolling=\"no\" allowfullscreen=\"allowfullscreen\"><\/iframe><\/p>\n<figure id=\"attachment_2044\" aria-describedby=\"caption-attachment-2044\" style=\"width: 337px\" class=\"wp-caption aligncenter\"><img loading=\"lazy\" decoding=\"async\" class=\" wp-image-2044\" src=\"https:\/\/zumbalaturba.com.ar\/wp-content\/uploads\/2016\/11\/Entrevista-Mar\u00eda-Joao-300x201.jpeg\" alt=\"Charlando con Maria Jo\u00e3o y Guinga\" width=\"337\" height=\"226\" srcset=\"https:\/\/zumbalaturba.com.ar\/wp-content\/uploads\/2016\/11\/Entrevista-Mar\u00eda-Joao-300x201.jpeg 300w, https:\/\/zumbalaturba.com.ar\/wp-content\/uploads\/2016\/11\/Entrevista-Mar\u00eda-Joao-768x514.jpeg 768w, https:\/\/zumbalaturba.com.ar\/wp-content\/uploads\/2016\/11\/Entrevista-Mar\u00eda-Joao-1024x685.jpeg 1024w, https:\/\/zumbalaturba.com.ar\/wp-content\/uploads\/2016\/11\/Entrevista-Mar\u00eda-Joao.jpeg 1280w\" sizes=\"(max-width: 337px) 100vw, 337px\" \/><figcaption id=\"caption-attachment-2044\" class=\"wp-caption-text\">Charlando con Maria Jo\u00e3o y Guinga<\/figcaption><\/figure>\n<div class='share-to-whatsapp-wrapper'><div class='share-on-whsp'>Share on: <\/div><div class='clear '><\/div><\/div>","protected":false},"excerpt":{"rendered":"<p>Tradici\u00f3n y vanguardia; ra\u00edces, pasado, renovaci\u00f3n y riesgo; creaci\u00f3n colectiva, expresi\u00f3n individual. Todo eso es parte del amasijo del jazz. Sin una parte de todo eso, el jazz no ser\u00eda lo que es: esa m\u00fasica desafiante que en lugar de marcar el camino, s\u00f3lo indica el origen y libera las posibilidades de la llegada\u2026 As\u00ed, [&hellip;]<\/p>\n","protected":false},"author":14,"featured_media":2043,"comment_status":"open","ping_status":"open","sticky":false,"template":"","format":"standard","meta":{"footnotes":""},"categories":[261],"tags":[81,459,52,293,305,296,166],"class_list":["post-2041","post","type-post","status-publish","format-standard","has-post-thumbnail","hentry","category-la-nota-azul","tag-agenda-cultural","tag-cba-jazz-festival","tag-cultura","tag-jazz","tag-jazz-federal-club","tag-la-nota-azul","tag-musica"],"_links":{"self":[{"href":"https:\/\/zumbalaturba.com.ar\/index.php?rest_route=\/wp\/v2\/posts\/2041","targetHints":{"allow":["GET"]}}],"collection":[{"href":"https:\/\/zumbalaturba.com.ar\/index.php?rest_route=\/wp\/v2\/posts"}],"about":[{"href":"https:\/\/zumbalaturba.com.ar\/index.php?rest_route=\/wp\/v2\/types\/post"}],"author":[{"embeddable":true,"href":"https:\/\/zumbalaturba.com.ar\/index.php?rest_route=\/wp\/v2\/users\/14"}],"replies":[{"embeddable":true,"href":"https:\/\/zumbalaturba.com.ar\/index.php?rest_route=%2Fwp%2Fv2%2Fcomments&post=2041"}],"version-history":[{"count":0,"href":"https:\/\/zumbalaturba.com.ar\/index.php?rest_route=\/wp\/v2\/posts\/2041\/revisions"}],"wp:featuredmedia":[{"embeddable":true,"href":"https:\/\/zumbalaturba.com.ar\/index.php?rest_route=\/wp\/v2\/media\/2043"}],"wp:attachment":[{"href":"https:\/\/zumbalaturba.com.ar\/index.php?rest_route=%2Fwp%2Fv2%2Fmedia&parent=2041"}],"wp:term":[{"taxonomy":"category","embeddable":true,"href":"https:\/\/zumbalaturba.com.ar\/index.php?rest_route=%2Fwp%2Fv2%2Fcategories&post=2041"},{"taxonomy":"post_tag","embeddable":true,"href":"https:\/\/zumbalaturba.com.ar\/index.php?rest_route=%2Fwp%2Fv2%2Ftags&post=2041"}],"curies":[{"name":"wp","href":"https:\/\/api.w.org\/{rel}","templated":true}]}}