{"id":2053,"date":"2016-11-30T20:54:50","date_gmt":"2016-11-30T20:54:50","guid":{"rendered":"http:\/\/zumbalaturba.com.ar\/?p=2053"},"modified":"2016-12-02T15:43:22","modified_gmt":"2016-12-02T15:43:22","slug":"voces-en-la-ciudad-contra-el-abuso-sexual-infantil","status":"publish","type":"post","link":"https:\/\/zumbalaturba.com.ar\/?p=2053","title":{"rendered":"Voces en la ciudad contra el Abuso Sexual Infantil"},"content":{"rendered":"<p><img fetchpriority=\"high\" decoding=\"async\" class=\" wp-image-2079 aligncenter\" src=\"https:\/\/zumbalaturba.com.ar\/wp-content\/uploads\/2016\/11\/niunniniomas2-300x169.jpg\" alt=\"niunniniomas2\" width=\"697\" height=\"393\" srcset=\"https:\/\/zumbalaturba.com.ar\/wp-content\/uploads\/2016\/11\/niunniniomas2-300x169.jpg 300w, https:\/\/zumbalaturba.com.ar\/wp-content\/uploads\/2016\/11\/niunniniomas2-768x432.jpg 768w, https:\/\/zumbalaturba.com.ar\/wp-content\/uploads\/2016\/11\/niunniniomas2.jpg 960w\" sizes=\"(max-width: 697px) 100vw, 697px\" \/><\/p>\n<p>El 19 de noviembre pasado, en el marco del <strong>D\u00eda Mundial de Prevenci\u00f3n del Abuso Sexual Infantil<\/strong>, el <a href=\"https:\/\/www.facebook.com\/ColectivoNacionaldevisibilizaciondelASI\/?ref=page_internal\" data-cke-saved-href=\"https:\/\/www.facebook.com\/ColectivoNacionaldevisibilizaciondelASI\/?ref=page_internal\">Colectivo nacional de visibilizaci\u00f3n del abuso sexual infantil &#8211; C\u00f3rdoba<\/a> organiz\u00f3 una radio abierta en la Plazoleta del Fundador para difundir la problem\u00e1tica, que fue apoyada y transmitida en vivo por radio Zumba la Turba.<\/p>\n<p>La misma fue impulsada por este espacio que re\u00fane a un grupo de personas f\u00edsicas y organizaciones con el objetivo de visibilizar el Abuso Sexual Infantil en C\u00f3rdoba y Argentina y surgi\u00f3 en el Encuentro Nacional de Mujeres de este a\u00f1o.<\/p>\n<p>Se estima que<strong> 1 de cada 4 ni\u00f1as menores de 16 a\u00f1os y 1 de cada 6 ni\u00f1os de la misma edad son v\u00edctimas de ASI.<\/strong> Sin embargo, esta problem\u00e1tica es sistem\u00e1ticamente silenciada. Al problema, que la mayor parte de las veces se da en \u00e1mbitos intrafamiliares o cercanos, se suma la revictimizaci\u00f3n por parte de la justicia machista y patriarcal hacia lxs ni\u00f1xs y sus madres o familias cuidadoras.<\/p>\n<p>La actividad ocup\u00f3 este espacio c\u00e9ntrico durante el transcurso de la ma\u00f1ana y cont\u00f3 con adhesiones de numerosas organizaciones, adem\u00e1s de la participaci\u00f3n al aire de la abogada Marysel Segovia, integrantes del Colectivo Ni Un Ni\u00f1@ M\u00e1s, la diputada Gabriela Estevez y lxs artistas Rimandas Flores del Desierto y Eliana y Maximiliano.<\/p>\n<p>Fue un paso m\u00e1s para romper el silencio que rodea al abuso y para empezar a instalarlo en la sociedad como un problema que necesita una respuesta urgente.<\/p>\n<p>Compartimos los cortes de la radio, incluyendo las entrevistas y actuaciones solidarias de lxs artistas.<\/p>\n<p><img decoding=\"async\" class=\"wp-image-2054 alignleft\" src=\"https:\/\/zumbalaturba.com.ar\/wp-content\/uploads\/2016\/11\/marysel-300x169.jpg\" alt=\"marysel\" width=\"309\" height=\"174\" srcset=\"https:\/\/zumbalaturba.com.ar\/wp-content\/uploads\/2016\/11\/marysel-300x169.jpg 300w, https:\/\/zumbalaturba.com.ar\/wp-content\/uploads\/2016\/11\/marysel-768x432.jpg 768w, https:\/\/zumbalaturba.com.ar\/wp-content\/uploads\/2016\/11\/marysel.jpg 960w\" sizes=\"(max-width: 309px) 100vw, 309px\" \/><\/p>\n<p>La <strong>abogada Marysel Segovia<\/strong> comparti\u00f3 la definici\u00f3n del abuso sexual infantil, as\u00ed como los derechos de ni\u00f1os y ni\u00f1as vulnerados en estas situaciones y las responsabilidades del Estado. Tambi\u00e9n conversamos con ella acerca de cu\u00e1les deber\u00edan ser los pasos a seguir ante la detecci\u00f3n de una situaci\u00f3n de abuso y la importancia de la educaci\u00f3n sexual integral en las escuelas.<\/p>\n<p><iframe width=\"238\" height=\"48\" frameborder=\"0\" allowfullscreen=\"\" scrolling=\"no\" src=\"http:\/\/ar.ivoox.com\/es\/player_ek_14324461_2_1.html?data=kpmglJmYepKhhpywj5WUaZS1kZWah5yncZGhhpywj5WRaZi3jpWah5yncbPVxc7cjcbGrcbm1caYo7itaZS1jMrb1tfJusrn1caYw5CxpdPt1MrZjbjJq9Dqysaah5yncbPVxc7cjb_ZscPVjNHOjbnZtsPVjoqkpZKU&#038;\"><\/iframe><\/p>\n<p>&nbsp;<\/p>\n<p><img decoding=\"async\" class=\"size-medium wp-image-2061 alignright\" src=\"https:\/\/zumbalaturba.com.ar\/wp-content\/uploads\/2016\/11\/rimandas-300x169.jpg\" alt=\"rimandas\" width=\"300\" height=\"169\" srcset=\"https:\/\/zumbalaturba.com.ar\/wp-content\/uploads\/2016\/11\/rimandas-300x169.jpg 300w, https:\/\/zumbalaturba.com.ar\/wp-content\/uploads\/2016\/11\/rimandas-768x432.jpg 768w, https:\/\/zumbalaturba.com.ar\/wp-content\/uploads\/2016\/11\/rimandas.jpg 960w\" sizes=\"(max-width: 300px) 100vw, 300px\" \/>Importante fue la presencia en la radio abierta de las j\u00f3venes voces y mensajes de las <strong>Rimandas Flores del Desierto<\/strong>, que acercaron su arte y su trabajo en relaci\u00f3n a la violencia de g\u00e9nero a la plazoleta, atrayendo la atenci\u00f3n de las personas que circulaban.<br \/>\nEntrevista:<br \/>\n<iframe width=\"238\" height=\"48\" frameborder=\"0\" allowfullscreen=\"\" scrolling=\"no\" src=\"http:\/\/ar.ivoox.com\/es\/player_ek_14324514_2_1.html?data=kpmglJmZdZWhhpywj5WUaZS1kZWah5yncZGhhpywj5WRaZi3jpWah5yncbPVxc7cjcbGrcbm1caYo7itaZS1jMrb1tfJusrn1caYw5C2rc7Vz8nO1ZCqsNDmxtiYxsrQb6XZ1JKSmaiRlsLYytSYvNrRpsKfzcaYttrWpsKhhpywj5U.&#038;\"><\/iframe><\/p>\n<p>M\u00fasica!<br \/>\n<iframe width=\"238\" height=\"48\" frameborder=\"0\" allowfullscreen=\"\" scrolling=\"no\" src=\"http:\/\/ar.ivoox.com\/es\/player_ek_14324533_2_1.html?data=kpmglJmZd5Shhpywj5WUaZS1kZWah5yncZGhhpywj5WRaZi3jpWah5yncbPVxc7cjcbGrcbm1caYo7itaZS1jLfWz8bSqMLnjKvZ0dfJt4zYxtGYpsrXrcbm1dSYxcbSuMLixZKSmaiRlsLYytSYvNrRpsKfzcaYttrWpsKhhpywj5U.&#038;\"><\/iframe><\/p>\n<p>&nbsp;<\/p>\n<p><img loading=\"lazy\" decoding=\"async\" class=\"size-medium wp-image-2056 alignleft\" src=\"https:\/\/zumbalaturba.com.ar\/wp-content\/uploads\/2016\/11\/niunniniomas-300x169.jpg\" alt=\"niunniniomas\" width=\"300\" height=\"169\" srcset=\"https:\/\/zumbalaturba.com.ar\/wp-content\/uploads\/2016\/11\/niunniniomas-300x169.jpg 300w, https:\/\/zumbalaturba.com.ar\/wp-content\/uploads\/2016\/11\/niunniniomas-768x432.jpg 768w, https:\/\/zumbalaturba.com.ar\/wp-content\/uploads\/2016\/11\/niunniniomas.jpg 960w\" sizes=\"(max-width: 300px) 100vw, 300px\" \/>Las integrantes del <strong>Colectivo Ni un ni\u00f1@ m\u00e1s<\/strong> compartieron el recorrido que hicieron desde que detectaron que sus hijxs hab\u00edan sido v\u00edctimas de abuso en una escuela c\u00e9ntrica de la ciudad de C\u00f3rdoba. Las dificultades y las respuestas recibidas, en el primer momento, de la propia escuela, y luego de la justicia provincial.<\/p>\n<p>&nbsp;<\/p>\n<p>&nbsp;<\/p>\n<p><iframe width=\"238\" height=\"48\" frameborder=\"0\" allowfullscreen=\"\" scrolling=\"no\" src=\"http:\/\/ar.ivoox.com\/es\/player_ek_14324625_2_1.html?data=kpmglJmadpahhpywj5WUaZS1kZWah5yncZGhhpywj5WRaZi3jpWah5yncbPVxc7cjcbGrcbm1caYo7itaZS1jMrb1tfJusrn1caYw5DHs83ZxNnW2NSPksqfttOYsM6Jh5SZo5aSlpWPkY6ZmKiatMbIrdCfu9raxMaPsMKftdrfxMaRaZi3jpU.&#038;\"><\/iframe><\/p>\n<p><img loading=\"lazy\" decoding=\"async\" class=\"size-medium wp-image-2076 alignright\" src=\"https:\/\/zumbalaturba.com.ar\/wp-content\/uploads\/2016\/11\/eliana-y-maxi-300x219.jpg\" alt=\"eliana-y-maxi\" width=\"300\" height=\"219\" srcset=\"https:\/\/zumbalaturba.com.ar\/wp-content\/uploads\/2016\/11\/eliana-y-maxi-300x219.jpg 300w, https:\/\/zumbalaturba.com.ar\/wp-content\/uploads\/2016\/11\/eliana-y-maxi.jpg 719w\" sizes=\"(max-width: 300px) 100vw, 300px\" \/><\/p>\n<p>Eliana Crespo y Maxi Bressanini tambi\u00e9n se acercaron para aportar su m\u00fasica contra el abuso sexual infantil y para sostener un compromiso social desde su arte.<br \/>\n<iframe width=\"238\" height=\"48\" frameborder=\"0\" allowfullscreen=\"\" scrolling=\"no\" src=\"http:\/\/ar.ivoox.com\/es\/player_ek_14324692_2_1.html?data=kpmglJmafZOhhpywj5WUaZS1kZWah5yncZGhhpywj5WRaZi3jpWah5yncbPVxc7cjcbGrcbm1caYo7itaZS1jKrZy8bSpYztjLLO2s6Pp8Li1cbbxtSRaZi3jrfOxs7Tb7vpzsfOjdHFb7Xp08fOj4qbh46k&#038;\"><\/iframe><\/p>\n<p>&nbsp;<\/p>\n<p>&nbsp;<\/p>\n<p><img loading=\"lazy\" decoding=\"async\" class=\"size-medium wp-image-2077 alignleft\" src=\"https:\/\/zumbalaturba.com.ar\/wp-content\/uploads\/2016\/11\/Estevez-180x300.jpg\" alt=\"estevez\" width=\"180\" height=\"300\" srcset=\"https:\/\/zumbalaturba.com.ar\/wp-content\/uploads\/2016\/11\/Estevez-180x300.jpg 180w, https:\/\/zumbalaturba.com.ar\/wp-content\/uploads\/2016\/11\/Estevez.jpg 480w\" sizes=\"(max-width: 180px) 100vw, 180px\" \/><\/p>\n<p>Finalmente, se acerc\u00f3 a nuestro particular estudio la diputada del FPV Gabriela Estevez, para interiorizarnos acerca del proyecto de ley que vienen impulsando partiendo del contacto con familiares de v\u00edctimas de abuso sexual infantil.<\/p>\n<p><iframe width=\"238\" height=\"48\" frameborder=\"0\" allowfullscreen=\"\" scrolling=\"no\" src=\"http:\/\/ar.ivoox.com\/es\/player_ek_14324837_2_1.html?data=kpmglJmcd5ihhpywj5WUaZS1kZWah5yncZGhhpywj5WRaZi3jpWah5yncbPVxc7cjcbGrcbm1caYo7itaZS1jMrb1tfJusrn1caYw5DIrdHp1cbRw5CrpcPmysrZw5Cpt9XZ15KSmaiRlsLYytSYvNrRpsKfzcaYttrWpsKhhpywj5U.&#038;\"><\/iframe><\/p>\n<p>Cerramos la actividad compartiendo las numerosas adhesiones recibidas con anterioridad y durante la radio abierta, y sabiendo que el primer paso para responder ante esta problem\u00e1tica es sacarla de las silenciadas instancias del \u00e1mbito &#8220;privado&#8221; y familiar, para instalarlas como una cuesti\u00f3n que debemos tomar en nuestras manos como sociedad. Desde Zumba la Turba, reiteramos nuestro compromiso y la convicci\u00f3n de que el ASI es otra expresi\u00f3n de la violencia del sistema patriarcal.<\/p>\n<p><iframe width=\"238\" height=\"48\" frameborder=\"0\" allowfullscreen=\"\" scrolling=\"no\" src=\"http:\/\/ar.ivoox.com\/es\/player_ek_14324852_2_1.html?data=kpmglJmceZOhhpywj5WUaZS1kZWah5yncZGhhpywj5WRaZi3jpWah5yncbPVxc7cjcbGrcbm1caYo7itaZS1jMbRysrXrdDixtiY25DHrcbm08qah5yncbPVxc7cjb_ZscPVjNHOjbnZtsPVjoqkpZKU&#038;\"><\/iframe><\/p>\n<div class='share-to-whatsapp-wrapper'><div class='share-on-whsp'>Share on: <\/div><div class='clear '><\/div><\/div>","protected":false},"excerpt":{"rendered":"<p>El 19 de noviembre pasado, en el marco del D\u00eda Mundial de Prevenci\u00f3n del Abuso Sexual Infantil, el Colectivo nacional de visibilizaci\u00f3n del abuso sexual infantil &#8211; C\u00f3rdoba organiz\u00f3 una radio abierta en la Plazoleta del Fundador para difundir la problem\u00e1tica, que fue apoyada y transmitida en vivo por radio Zumba la Turba. La misma [&hellip;]<\/p>\n","protected":false},"author":6,"featured_media":2056,"comment_status":"open","ping_status":"open","sticky":false,"template":"","format":"standard","meta":{"footnotes":""},"categories":[5],"tags":[477,7,335,478,34],"class_list":["post-2053","post","type-post","status-publish","format-standard","has-post-thumbnail","hentry","category-transfeminismos","tag-asi","tag-feminismos","tag-generos","tag-infancia","tag-ninez"],"_links":{"self":[{"href":"https:\/\/zumbalaturba.com.ar\/index.php?rest_route=\/wp\/v2\/posts\/2053","targetHints":{"allow":["GET"]}}],"collection":[{"href":"https:\/\/zumbalaturba.com.ar\/index.php?rest_route=\/wp\/v2\/posts"}],"about":[{"href":"https:\/\/zumbalaturba.com.ar\/index.php?rest_route=\/wp\/v2\/types\/post"}],"author":[{"embeddable":true,"href":"https:\/\/zumbalaturba.com.ar\/index.php?rest_route=\/wp\/v2\/users\/6"}],"replies":[{"embeddable":true,"href":"https:\/\/zumbalaturba.com.ar\/index.php?rest_route=%2Fwp%2Fv2%2Fcomments&post=2053"}],"version-history":[{"count":0,"href":"https:\/\/zumbalaturba.com.ar\/index.php?rest_route=\/wp\/v2\/posts\/2053\/revisions"}],"wp:featuredmedia":[{"embeddable":true,"href":"https:\/\/zumbalaturba.com.ar\/index.php?rest_route=\/wp\/v2\/media\/2056"}],"wp:attachment":[{"href":"https:\/\/zumbalaturba.com.ar\/index.php?rest_route=%2Fwp%2Fv2%2Fmedia&parent=2053"}],"wp:term":[{"taxonomy":"category","embeddable":true,"href":"https:\/\/zumbalaturba.com.ar\/index.php?rest_route=%2Fwp%2Fv2%2Fcategories&post=2053"},{"taxonomy":"post_tag","embeddable":true,"href":"https:\/\/zumbalaturba.com.ar\/index.php?rest_route=%2Fwp%2Fv2%2Ftags&post=2053"}],"curies":[{"name":"wp","href":"https:\/\/api.w.org\/{rel}","templated":true}]}}