{"id":2105,"date":"2016-12-04T10:11:42","date_gmt":"2016-12-04T10:11:42","guid":{"rendered":"http:\/\/zumbalaturba.com.ar\/?p=2105"},"modified":"2016-12-11T17:12:25","modified_gmt":"2016-12-11T17:12:25","slug":"adelantamos-el-festival-de-jazz-de-traslasierra-y-mucho-mas-en-la-nota-azul","status":"publish","type":"post","link":"https:\/\/zumbalaturba.com.ar\/?p=2105","title":{"rendered":"Adelantamos el Festival de Jazz de Traslasierra y mucho m\u00e1s en La Nota Azul&#8230;"},"content":{"rendered":"<p style=\"padding-left: 60px;\"><em>En <\/em><strong>La Nota Azul<\/strong><em> recogemos algo de lo que dej\u00f3 el <strong>Festival Internacional de Jazz de C\u00f3rdoba<\/strong> en su reciente 8va edici\u00f3n; nos visita <\/em><strong>Turu S\u00e1ez<\/strong><em>, presenta sus nuevos proyectos y adelanta lo que ser\u00e1 el tercer <strong>Festival de Jazz de Traslasierra<\/strong> que tendr\u00e1 lugar en febrero de 2017. Adem\u00e1s presentamos el disco <\/em><strong>Fuera de l\u00ednea<\/strong><em> de <\/em>Sebasti\u00e1n de Urquiza<em> y mucho, mucho m\u00e1s&#8230;<\/em><\/p>\n<p>En esta emisi\u00f3n n\u00famero 84 de <a href=\"https:\/\/www.facebook.com\/lanotaazulradio\/\" target=\"_blank\"><strong>La Nota Azul<\/strong><\/a>, el programa de jazz y blues de Radio <a href=\"https:\/\/www.facebook.com\/zumba.laturba\/?fref=ts\" target=\"_blank\"><strong>Zumba La Turba<\/strong><\/a>,<img fetchpriority=\"high\" decoding=\"async\" class=\"alignright wp-image-2109\" src=\"https:\/\/zumbalaturba.com.ar\/wp-content\/uploads\/2016\/12\/tony-malaby-300x295.jpg\" alt=\"tony-malaby\" width=\"255\" height=\"250\" srcset=\"https:\/\/zumbalaturba.com.ar\/wp-content\/uploads\/2016\/12\/tony-malaby-300x295.jpg 300w, https:\/\/zumbalaturba.com.ar\/wp-content\/uploads\/2016\/12\/tony-malaby-768x756.jpg 768w, https:\/\/zumbalaturba.com.ar\/wp-content\/uploads\/2016\/12\/tony-malaby-1024x1008.jpg 1024w, https:\/\/zumbalaturba.com.ar\/wp-content\/uploads\/2016\/12\/tony-malaby.jpg 1569w\" sizes=\"(max-width: 255px) 100vw, 255px\" \/> correspondiente al S\u00e1bado 03 de diciembre de 2016, recorremos algo de lo que dej\u00f3 la 8va Edici\u00f3n del <strong>Festival Internacional de Jazz de C\u00f3rdoba<\/strong>, algunos conciertos, alguna m\u00fasica, algunas perspectivas. Largamos con el contrabajista <strong>Riccardo Fioravanti<\/strong> y su \u00e1lbum <em>Note Basse<\/em> del a\u00f1o 2007, junto a su cuarteto. Seguimos con <strong>Tony Malaby<\/strong> y la m\u00fasica de su tr\u00edo <strong>Tamarindo<\/strong> junto a <strong>William Parker<\/strong> y <strong>Nasheet Waits<\/strong>. En C\u00f3rdoba Tony Malaby Tamarindo se estuvo presentando con <strong>J T Bates<\/strong> en la bater\u00eda.<\/p>\n<p>Recibimos la visita de <strong>Turu S\u00e1ez<\/strong> que viene a C\u00f3rdoba a presentar un espect\u00e1culo basado en sus discos y en canciones con amigos. Turu S\u00e1ez adelanta tambi\u00e9n algo de lo que ser\u00e1 el <strong>Festival de Jazz de Traslasierra<\/strong> los d\u00edas 17, 18 y 19 de febrero de 2017.<\/p>\n<p>Adem\u00e1s tenemos algunas novedades discogr\u00e1ficas editadas este a\u00f1o 2016. Una de ellas, el disco <em>Cactus,<\/em> una m\u00fasica totalmente improvisada a cargo del baterista <strong>Bobby Kapp<\/strong> y el pianista <strong>Matthew Shipp<\/strong>.<\/p>\n<p>Tambi\u00e9n presentamos el gran \u00e1lbum debut de <strong>Sebasti\u00e1n de Urquiza<\/strong> como l\u00edder, titulado <em>Fuera de l\u00ednea<\/em> y lanzado recientemente por el <strong>Club del Disco<\/strong>. Un lanzamiento para prestarle a atenci\u00f3n.<\/p>\n<div id='gallery-1' class='gallery galleryid-2105 gallery-columns-2 gallery-size-medium'><figure class='gallery-item'>\n\t\t\t<div class='gallery-icon landscape'>\n\t\t\t\t<a href='https:\/\/zumbalaturba.com.ar\/?attachment_id=2106'><img decoding=\"async\" width=\"300\" height=\"300\" src=\"https:\/\/zumbalaturba.com.ar\/wp-content\/uploads\/2016\/12\/bobby-kapp-matthew-shipp-300x300.jpg\" class=\"attachment-medium size-medium\" alt=\"\" aria-describedby=\"gallery-1-2106\" srcset=\"https:\/\/zumbalaturba.com.ar\/wp-content\/uploads\/2016\/12\/bobby-kapp-matthew-shipp-300x300.jpg 300w, https:\/\/zumbalaturba.com.ar\/wp-content\/uploads\/2016\/12\/bobby-kapp-matthew-shipp-768x768.jpg 768w, https:\/\/zumbalaturba.com.ar\/wp-content\/uploads\/2016\/12\/bobby-kapp-matthew-shipp-1024x1024.jpg 1024w, https:\/\/zumbalaturba.com.ar\/wp-content\/uploads\/2016\/12\/bobby-kapp-matthew-shipp.jpg 1200w\" sizes=\"(max-width: 300px) 100vw, 300px\" \/><\/a>\n\t\t\t<\/div>\n\t\t\t\t<figcaption class='wp-caption-text gallery-caption' id='gallery-1-2106'>\n\t\t\t\tBobby Kapp y Matthew Shipp: Cactus (2016)\n\t\t\t\t<\/figcaption><\/figure><figure class='gallery-item'>\n\t\t\t<div class='gallery-icon landscape'>\n\t\t\t\t<a href='https:\/\/zumbalaturba.com.ar\/?attachment_id=2108'><img decoding=\"async\" width=\"300\" height=\"268\" src=\"https:\/\/zumbalaturba.com.ar\/wp-content\/uploads\/2016\/12\/Sebasti\u00e1n-de-Urquiza-300x268.jpg\" class=\"attachment-medium size-medium\" alt=\"\" aria-describedby=\"gallery-1-2108\" srcset=\"https:\/\/zumbalaturba.com.ar\/wp-content\/uploads\/2016\/12\/Sebasti\u00e1n-de-Urquiza-300x268.jpg 300w, https:\/\/zumbalaturba.com.ar\/wp-content\/uploads\/2016\/12\/Sebasti\u00e1n-de-Urquiza-768x687.jpg 768w, https:\/\/zumbalaturba.com.ar\/wp-content\/uploads\/2016\/12\/Sebasti\u00e1n-de-Urquiza-1024x916.jpg 1024w, https:\/\/zumbalaturba.com.ar\/wp-content\/uploads\/2016\/12\/Sebasti\u00e1n-de-Urquiza.jpg 1200w\" sizes=\"(max-width: 300px) 100vw, 300px\" \/><\/a>\n\t\t\t<\/div>\n\t\t\t\t<figcaption class='wp-caption-text gallery-caption' id='gallery-1-2108'>\n\t\t\t\tSebasti\u00e1n de Urquiza: Fuera de L\u00ednea (2016)\n\t\t\t\t<\/figcaption><\/figure>\n\t\t<\/div>\n\n<p>Cerramos el programa con la m\u00fasica del trompetista <strong>Avishai Cohen<\/strong>, en una performance en vivo imperdible.<\/p>\n<p>Todo eso y mucho m\u00e1s en dos horas de jazz, m\u00fasica y radio. Aqu\u00ed el <strong><a href=\"http:\/\/ar.ivoox.com\/es\/nota-azul-n-84-03-12-2016-audios-mp3_rf_14580269_1.html\" target=\"_blank\">Audio del programa<\/a><\/strong>:<\/p>\n<p><iframe id=\"audio_14580269\" style=\"border: 1px solid #EEE; box-sizing: border-box; width: 100%;\" src=\"https:\/\/ar.ivoox.com\/es\/player_ej_14580269_4_1.html?c1=ff6600\" width=\"300\" height=\"200\" frameborder=\"0\" scrolling=\"no\" allowfullscreen=\"allowfullscreen\"><\/iframe><\/p>\n<figure id=\"attachment_2110\" aria-describedby=\"caption-attachment-2110\" style=\"width: 300px\" class=\"wp-caption aligncenter\"><img loading=\"lazy\" decoding=\"async\" class=\"wp-image-2110 size-medium\" src=\"https:\/\/zumbalaturba.com.ar\/wp-content\/uploads\/2016\/12\/WP_20161203_19_23_50_Pro-300x169.jpg\" alt=\"wp_20161203_19_23_50_pro\" width=\"300\" height=\"169\" srcset=\"https:\/\/zumbalaturba.com.ar\/wp-content\/uploads\/2016\/12\/WP_20161203_19_23_50_Pro-300x169.jpg 300w, https:\/\/zumbalaturba.com.ar\/wp-content\/uploads\/2016\/12\/WP_20161203_19_23_50_Pro-768x433.jpg 768w, https:\/\/zumbalaturba.com.ar\/wp-content\/uploads\/2016\/12\/WP_20161203_19_23_50_Pro-1024x577.jpg 1024w\" sizes=\"(max-width: 300px) 100vw, 300px\" \/><figcaption id=\"caption-attachment-2110\" class=\"wp-caption-text\">Turu S\u00e1ez y su banda visitaron La Nota Azul<\/figcaption><\/figure>\n<div class='share-to-whatsapp-wrapper'><div class='share-on-whsp'>Share on: <\/div><div class='clear '><\/div><\/div>","protected":false},"excerpt":{"rendered":"<p>En La Nota Azul recogemos algo de lo que dej\u00f3 el Festival Internacional de Jazz de C\u00f3rdoba en su reciente 8va edici\u00f3n; nos visita Turu S\u00e1ez, presenta sus nuevos proyectos y adelanta lo que ser\u00e1 el tercer Festival de Jazz de Traslasierra que tendr\u00e1 lugar en febrero de 2017. Adem\u00e1s presentamos el disco Fuera de [&hellip;]<\/p>\n","protected":false},"author":14,"featured_media":2107,"comment_status":"open","ping_status":"open","sticky":false,"template":"","format":"standard","meta":{"footnotes":""},"categories":[261],"tags":[81,52,293,305,296,166],"class_list":["post-2105","post","type-post","status-publish","format-standard","has-post-thumbnail","hentry","category-la-nota-azul","tag-agenda-cultural","tag-cultura","tag-jazz","tag-jazz-federal-club","tag-la-nota-azul","tag-musica"],"_links":{"self":[{"href":"https:\/\/zumbalaturba.com.ar\/index.php?rest_route=\/wp\/v2\/posts\/2105","targetHints":{"allow":["GET"]}}],"collection":[{"href":"https:\/\/zumbalaturba.com.ar\/index.php?rest_route=\/wp\/v2\/posts"}],"about":[{"href":"https:\/\/zumbalaturba.com.ar\/index.php?rest_route=\/wp\/v2\/types\/post"}],"author":[{"embeddable":true,"href":"https:\/\/zumbalaturba.com.ar\/index.php?rest_route=\/wp\/v2\/users\/14"}],"replies":[{"embeddable":true,"href":"https:\/\/zumbalaturba.com.ar\/index.php?rest_route=%2Fwp%2Fv2%2Fcomments&post=2105"}],"version-history":[{"count":0,"href":"https:\/\/zumbalaturba.com.ar\/index.php?rest_route=\/wp\/v2\/posts\/2105\/revisions"}],"wp:featuredmedia":[{"embeddable":true,"href":"https:\/\/zumbalaturba.com.ar\/index.php?rest_route=\/wp\/v2\/media\/2107"}],"wp:attachment":[{"href":"https:\/\/zumbalaturba.com.ar\/index.php?rest_route=%2Fwp%2Fv2%2Fmedia&parent=2105"}],"wp:term":[{"taxonomy":"category","embeddable":true,"href":"https:\/\/zumbalaturba.com.ar\/index.php?rest_route=%2Fwp%2Fv2%2Fcategories&post=2105"},{"taxonomy":"post_tag","embeddable":true,"href":"https:\/\/zumbalaturba.com.ar\/index.php?rest_route=%2Fwp%2Fv2%2Ftags&post=2105"}],"curies":[{"name":"wp","href":"https:\/\/api.w.org\/{rel}","templated":true}]}}