{"id":2127,"date":"2016-12-12T15:38:12","date_gmt":"2016-12-12T15:38:12","guid":{"rendered":"http:\/\/zumbalaturba.com.ar\/?p=2127"},"modified":"2016-12-12T15:38:12","modified_gmt":"2016-12-12T15:38:12","slug":"contaminacion-magnetica-en-villa-carlos-paz","status":"publish","type":"post","link":"https:\/\/zumbalaturba.com.ar\/?p=2127","title":{"rendered":"Contaminaci\u00f3n magn\u00e9tica en Villa Carlos Paz"},"content":{"rendered":"<p><img fetchpriority=\"high\" decoding=\"async\" class=\" wp-image-2128 aligncenter\" src=\"https:\/\/zumbalaturba.com.ar\/wp-content\/uploads\/2016\/12\/SOL-Y-RIO-FUNDADORA-300x81.jpg\" alt=\"sol-y-rio-fundadora\" width=\"857\" height=\"231\" srcset=\"https:\/\/zumbalaturba.com.ar\/wp-content\/uploads\/2016\/12\/SOL-Y-RIO-FUNDADORA-300x81.jpg 300w, https:\/\/zumbalaturba.com.ar\/wp-content\/uploads\/2016\/12\/SOL-Y-RIO-FUNDADORA.jpg 758w\" sizes=\"(max-width: 857px) 100vw, 857px\" \/><br \/>\nHablamos con Marcela y Lorena vecinas de la Asamblea de Barrio Sol y R\u00edo de Villa Carlos Paz que denuncian la contaminaci\u00f3n magn\u00e9tica y responsabilizan al gobierno municipalidad local y provincial.<\/p>\n<p>&nbsp;<\/p>\n<p><iframe id=\"audio_14893739\" style=\"border: 1px solid #EEE; box-sizing: border-box; width: 100%;\" src=\"https:\/\/ar.ivoox.com\/es\/player_ej_14893739_4_1.html?c1=ff6600\" width=\"300\" height=\"200\" frameborder=\"0\" scrolling=\"no\" allowfullscreen=\"allowfullscreen\"><\/iframe><\/p>\n<div class='share-to-whatsapp-wrapper'><div class='share-on-whsp'>Share on: <\/div><div class='clear '><\/div><\/div>","protected":false},"excerpt":{"rendered":"<p>Hablamos con Marcela y Lorena vecinas de la Asamblea de Barrio Sol y R\u00edo de Villa Carlos Paz que denuncian la contaminaci\u00f3n magn\u00e9tica y responsabilizan al gobierno municipalidad local y provincial. &nbsp; Share on:<\/p>\n","protected":false},"author":2,"featured_media":2131,"comment_status":"open","ping_status":"open","sticky":false,"template":"","format":"standard","meta":{"footnotes":""},"categories":[18],"tags":[483,482,484],"class_list":["post-2127","post","type-post","status-publish","format-standard","has-post-thumbnail","hentry","category-elm","tag-contaminacion-magnetica","tag-elm","tag-villa-carlos-paz"],"_links":{"self":[{"href":"https:\/\/zumbalaturba.com.ar\/index.php?rest_route=\/wp\/v2\/posts\/2127","targetHints":{"allow":["GET"]}}],"collection":[{"href":"https:\/\/zumbalaturba.com.ar\/index.php?rest_route=\/wp\/v2\/posts"}],"about":[{"href":"https:\/\/zumbalaturba.com.ar\/index.php?rest_route=\/wp\/v2\/types\/post"}],"author":[{"embeddable":true,"href":"https:\/\/zumbalaturba.com.ar\/index.php?rest_route=\/wp\/v2\/users\/2"}],"replies":[{"embeddable":true,"href":"https:\/\/zumbalaturba.com.ar\/index.php?rest_route=%2Fwp%2Fv2%2Fcomments&post=2127"}],"version-history":[{"count":0,"href":"https:\/\/zumbalaturba.com.ar\/index.php?rest_route=\/wp\/v2\/posts\/2127\/revisions"}],"wp:featuredmedia":[{"embeddable":true,"href":"https:\/\/zumbalaturba.com.ar\/index.php?rest_route=\/wp\/v2\/media\/2131"}],"wp:attachment":[{"href":"https:\/\/zumbalaturba.com.ar\/index.php?rest_route=%2Fwp%2Fv2%2Fmedia&parent=2127"}],"wp:term":[{"taxonomy":"category","embeddable":true,"href":"https:\/\/zumbalaturba.com.ar\/index.php?rest_route=%2Fwp%2Fv2%2Fcategories&post=2127"},{"taxonomy":"post_tag","embeddable":true,"href":"https:\/\/zumbalaturba.com.ar\/index.php?rest_route=%2Fwp%2Fv2%2Ftags&post=2127"}],"curies":[{"name":"wp","href":"https:\/\/api.w.org\/{rel}","templated":true}]}}