{"id":2281,"date":"2016-12-18T23:13:22","date_gmt":"2016-12-18T23:13:22","guid":{"rendered":"http:\/\/zumbalaturba.com.ar\/?p=2281"},"modified":"2016-12-18T23:13:22","modified_gmt":"2016-12-18T23:13:22","slug":"ultimo-programa-del-ano-de-la-nota-azul-algunos-discos-y-free-jazz-para-el-verano","status":"publish","type":"post","link":"https:\/\/zumbalaturba.com.ar\/?p=2281","title":{"rendered":"\u00daltimo programa del a\u00f1o de La Nota Azul: algunos discos y free jazz para el verano"},"content":{"rendered":"<p style=\"padding-left: 90px;\"><em>En esta emisi\u00f3n n\u00famero 86 de <\/em><a href=\"https:\/\/www.facebook.com\/lanotaazulradio\/\" target=\"_blank\"><strong>La Nota Azul<\/strong><\/a><em>, el \u00faltimo programa de este a\u00f1o 2016, correspondiente al s\u00e1bado 17 de diciembre, compartimos algunos discos que dej\u00f3 el 2016, lanzamientos, reediciones, recuperaciones y una recomendaci\u00f3n f\u00edlmica sobre el free jazz.<\/em><\/p>\n<p style=\"padding-left: 90px;\">\n<p><iframe id=\"audio_15143184\" style=\"border: 1px solid #EEE; box-sizing: border-box; width: 100%;\" src=\"https:\/\/ar.ivoox.com\/es\/player_ej_15143184_4_1.html?c1=ff6600\" width=\"300\" height=\"200\" frameborder=\"0\" scrolling=\"no\" allowfullscreen=\"allowfullscreen\"><\/iframe><\/p>\n<p>Cuatro sesiones de grabaci\u00f3n de 1961 para el sello <strong>Atlantic<\/strong> dar\u00edan como resultado dos discos que <img decoding=\"async\" class=\"alignright  wp-image-2287\" src=\"https:\/\/zumbalaturba.com.ar\/wp-content\/uploads\/2016\/12\/ornette-on-tenor-300x300.jpg\" alt=\"ornette-on-tenor\" width=\"208\" height=\"208\" srcset=\"https:\/\/zumbalaturba.com.ar\/wp-content\/uploads\/2016\/12\/ornette-on-tenor-300x300.jpg 300w, https:\/\/zumbalaturba.com.ar\/wp-content\/uploads\/2016\/12\/ornette-on-tenor-768x768.jpg 768w, https:\/\/zumbalaturba.com.ar\/wp-content\/uploads\/2016\/12\/ornette-on-tenor-1024x1024.jpg 1024w, https:\/\/zumbalaturba.com.ar\/wp-content\/uploads\/2016\/12\/ornette-on-tenor.jpg 1280w\" sizes=\"(max-width: 208px) 100vw, 208px\" \/>registran una b\u00fasqueda, la b\u00fasqueda constante de un sonido, la indagaci\u00f3n permanente que nunca se vuelve mon\u00f3tona, la exploraci\u00f3n musical de una libertad que pretend\u00eda crecer sin limitaciones. En uno de estos discos, el alarido del saxo de <strong>Ornette Coleman<\/strong> se traslada al tenor y con la misma energ\u00eda que en su alto, ofrece esta m\u00fasica como resultado. Abrimos <strong>La Nota Azul<\/strong>\u00a0con la m\u00fasica de Ornette Coleman y su disco\u00a0<strong><em>Ornette On Teno<\/em><em>r<\/em><\/strong>,\u00a0del a\u00f1o 1961, con <strong>Don Cherry<\/strong> en la pocket trumpet, <strong>Jimmy Garrison<\/strong> en el contrabajo y <strong>Ed Blackwell<\/strong> en la bater\u00eda.<\/p>\n<p><img fetchpriority=\"high\" decoding=\"async\" class=\"alignleft  wp-image-2284\" src=\"https:\/\/zumbalaturba.com.ar\/wp-content\/uploads\/2016\/12\/Cover_HiRes-Mike_Osborne-Dawn-300x300.jpg\" alt=\"eyesores_booklet\" width=\"228\" height=\"228\" srcset=\"https:\/\/zumbalaturba.com.ar\/wp-content\/uploads\/2016\/12\/Cover_HiRes-Mike_Osborne-Dawn-300x300.jpg 300w, https:\/\/zumbalaturba.com.ar\/wp-content\/uploads\/2016\/12\/Cover_HiRes-Mike_Osborne-Dawn-768x768.jpg 768w, https:\/\/zumbalaturba.com.ar\/wp-content\/uploads\/2016\/12\/Cover_HiRes-Mike_Osborne-Dawn-1024x1024.jpg 1024w, https:\/\/zumbalaturba.com.ar\/wp-content\/uploads\/2016\/12\/Cover_HiRes-Mike_Osborne-Dawn.jpg 1400w\" sizes=\"(max-width: 228px) 100vw, 228px\" \/>Presentamos una reedici\u00f3n del \u00e1lbum <strong><em>Dawn<\/em><\/strong> de <strong>Mike Osborne<\/strong>, una leyenda del saxo alto en el jazz ingl\u00e9s. El \u00e1lbum re\u00fane grabaciones realizadas entre 1966 y 1970 y la reedici\u00f3n corresponde al sello de Washington <strong>Cuneiform Records<\/strong>.<\/p>\n<p>Luego presentamos el \u00e1lbum <em><strong>The Declaration Of Musical<img decoding=\"async\" class=\"alignright  wp-image-2285\" src=\"https:\/\/zumbalaturba.com.ar\/wp-content\/uploads\/2016\/12\/cycrille-300x300.jpg\" alt=\"cycrille\" width=\"235\" height=\"235\" srcset=\"https:\/\/zumbalaturba.com.ar\/wp-content\/uploads\/2016\/12\/cycrille-300x300.jpg 300w, https:\/\/zumbalaturba.com.ar\/wp-content\/uploads\/2016\/12\/cycrille-768x768.jpg 768w, https:\/\/zumbalaturba.com.ar\/wp-content\/uploads\/2016\/12\/cycrille-1024x1024.jpg 1024w, https:\/\/zumbalaturba.com.ar\/wp-content\/uploads\/2016\/12\/cycrille.jpg 1200w\" sizes=\"(max-width: 235px) 100vw, 235px\" \/> Independence<\/strong><\/em>\u00a0del <strong>Andrew Cyrille\u00a0Quartet<\/strong>, editado este a\u00f1o 2016\u00a0por el sello<strong> ECM<\/strong>. El disco marca el debut de Cyrille como l\u00edder en ECM. Adem\u00e1s de la bater\u00eda de <strong>Andrew Cyrille<\/strong>, el cuarteto re\u00fane <strong>Bill Frisell<\/strong> en la guitarra, <strong>Richard Teitelbaum<\/strong> en piano y sintetizador y <strong>Ben Street<\/strong> en contrabajo. Un trabajo exquisito, lleno de texturas, climas y profunda musicalidad.<\/p>\n<p>Una primera novedad nacional llega con <strong>Chiche Tr\u00edo<\/strong> y su disco editado este a\u00f1o por el sello <strong>KUAI Music<\/strong>. Chiche Tr\u00edo son <strong>Sergio Verdinelli<\/strong> en bater\u00eda, <strong>Juan Pablo Di Leone<\/strong> en flauta y <strong>Mart\u00edn Sued<\/strong> en bandone\u00f3n.<\/p>\n<p>Adem\u00e1s presentamos una segunda novedad nacional: el <em><strong>Vol V<\/strong><\/em> de la agrupaci\u00f3n <strong>Underground Mafia<\/strong>, editado tambi\u00e9n este a\u00f1o. El saxo tenor de <strong>Hern\u00e1n Sam\u00e1<\/strong>, el tromb\u00f3n de <strong>Francisco Salgado<\/strong>, la bater\u00eda de <strong>Sebasti\u00e1n Groshaus<\/strong> y el contrabajo de<strong> Iv\u00e1n Viaggio<\/strong> conforman <strong>Undergroun Mafia<\/strong>, una agrupaci\u00f3n que busca encontrar un equilibrio entre la m\u00fasica escrita y la improvisada.<\/p>\n<div id='gallery-1' class='gallery galleryid-2281 gallery-columns-2 gallery-size-medium'><figure class='gallery-item'>\n\t\t\t<div class='gallery-icon landscape'>\n\t\t\t\t<a href='https:\/\/zumbalaturba.com.ar\/?attachment_id=2283'><img loading=\"lazy\" decoding=\"async\" width=\"300\" height=\"300\" src=\"https:\/\/zumbalaturba.com.ar\/wp-content\/uploads\/2016\/12\/chiche-300x300.jpg\" class=\"attachment-medium size-medium\" alt=\"\" srcset=\"https:\/\/zumbalaturba.com.ar\/wp-content\/uploads\/2016\/12\/chiche-300x300.jpg 300w, https:\/\/zumbalaturba.com.ar\/wp-content\/uploads\/2016\/12\/chiche-768x768.jpg 768w, https:\/\/zumbalaturba.com.ar\/wp-content\/uploads\/2016\/12\/chiche-1024x1024.jpg 1024w, https:\/\/zumbalaturba.com.ar\/wp-content\/uploads\/2016\/12\/chiche.jpg 1200w\" sizes=\"(max-width: 300px) 100vw, 300px\" \/><\/a>\n\t\t\t<\/div><\/figure><figure class='gallery-item'>\n\t\t\t<div class='gallery-icon landscape'>\n\t\t\t\t<a href='https:\/\/zumbalaturba.com.ar\/?attachment_id=2289'><img loading=\"lazy\" decoding=\"async\" width=\"300\" height=\"300\" src=\"https:\/\/zumbalaturba.com.ar\/wp-content\/uploads\/2016\/12\/undergroun-mafia-300x300.jpg\" class=\"attachment-medium size-medium\" alt=\"\" srcset=\"https:\/\/zumbalaturba.com.ar\/wp-content\/uploads\/2016\/12\/undergroun-mafia-300x300.jpg 300w, https:\/\/zumbalaturba.com.ar\/wp-content\/uploads\/2016\/12\/undergroun-mafia-768x768.jpg 768w, https:\/\/zumbalaturba.com.ar\/wp-content\/uploads\/2016\/12\/undergroun-mafia-1024x1024.jpg 1024w, https:\/\/zumbalaturba.com.ar\/wp-content\/uploads\/2016\/12\/undergroun-mafia.jpg 1200w\" sizes=\"(max-width: 300px) 100vw, 300px\" \/><\/a>\n\t\t\t<\/div><\/figure>\n\t\t<\/div>\n\n<p>El bloque de <strong>Jazz En La Tele<\/strong> trae el documental <strong><em>Fire Music<\/em><\/strong> sobre el surgimiento y la explosi\u00f3n del <img loading=\"lazy\" decoding=\"async\" class=\"alignright size-medium wp-image-2291\" src=\"https:\/\/zumbalaturba.com.ar\/wp-content\/uploads\/2016\/12\/fire-music-300x209.jpg\" alt=\"fire-music\" width=\"300\" height=\"209\" srcset=\"https:\/\/zumbalaturba.com.ar\/wp-content\/uploads\/2016\/12\/fire-music-300x209.jpg 300w, https:\/\/zumbalaturba.com.ar\/wp-content\/uploads\/2016\/12\/fire-music-768x535.jpg 768w, https:\/\/zumbalaturba.com.ar\/wp-content\/uploads\/2016\/12\/fire-music-1024x713.jpg 1024w, https:\/\/zumbalaturba.com.ar\/wp-content\/uploads\/2016\/12\/fire-music-392x272.jpg 392w, https:\/\/zumbalaturba.com.ar\/wp-content\/uploads\/2016\/12\/fire-music-130x90.jpg 130w, https:\/\/zumbalaturba.com.ar\/wp-content\/uploads\/2016\/12\/fire-music.jpg 1280w\" sizes=\"(max-width: 300px) 100vw, 300px\" \/><em>free jazz<\/em>. 25 entrevistas a los protagonistas del movimiento sirven para reivindicar su herencia. La m\u00fasica de <strong>John Zorn<\/strong> en vivo en Sevilla en el a\u00f1o 2000 con su grupo <strong>Masada<\/strong> ilustra este espacio cinematogr\u00e1fico del programa.<\/p>\n<p>&nbsp;<\/p>\n<p><img loading=\"lazy\" decoding=\"async\" class=\"alignleft  wp-image-2288\" src=\"https:\/\/zumbalaturba.com.ar\/wp-content\/uploads\/2016\/12\/ray_charles_-_what_d_i_say-300x300.jpg\" alt=\"ray_charles_-_what_d_i_say\" width=\"144\" height=\"144\" srcset=\"https:\/\/zumbalaturba.com.ar\/wp-content\/uploads\/2016\/12\/ray_charles_-_what_d_i_say-300x300.jpg 300w, https:\/\/zumbalaturba.com.ar\/wp-content\/uploads\/2016\/12\/ray_charles_-_what_d_i_say-768x768.jpg 768w, https:\/\/zumbalaturba.com.ar\/wp-content\/uploads\/2016\/12\/ray_charles_-_what_d_i_say.jpg 900w\" sizes=\"(max-width: 144px) 100vw, 144px\" \/>Luego, la agenda y el cierre con <strong>Ray Charles<\/strong>.<\/p>\n<p><em>Todo eso y mucho m\u00e1s en dos horas de jazz, m\u00fasica y radio<\/em>: <strong>La Nota Azul &#8211; Jazz Federal Club<\/strong>.<\/p>\n<div class='share-to-whatsapp-wrapper'><div class='share-on-whsp'>Share on: <\/div><div class='clear '><\/div><\/div>","protected":false},"excerpt":{"rendered":"<p>En esta emisi\u00f3n n\u00famero 86 de La Nota Azul, el \u00faltimo programa de este a\u00f1o 2016, correspondiente al s\u00e1bado 17 de diciembre, compartimos algunos discos que dej\u00f3 el 2016, lanzamientos, reediciones, recuperaciones y una recomendaci\u00f3n f\u00edlmica sobre el free jazz. Cuatro sesiones de grabaci\u00f3n de 1961 para el sello Atlantic dar\u00edan como resultado dos discos [&hellip;]<\/p>\n","protected":false},"author":14,"featured_media":2282,"comment_status":"open","ping_status":"open","sticky":false,"template":"","format":"standard","meta":{"footnotes":""},"categories":[261],"tags":[81,52,502,293,503,305,296],"class_list":["post-2281","post","type-post","status-publish","format-standard","has-post-thumbnail","hentry","category-la-nota-azul","tag-agenda-cultural","tag-cultura","tag-free-jazz","tag-jazz","tag-jazz-en-la-tele","tag-jazz-federal-club","tag-la-nota-azul"],"_links":{"self":[{"href":"https:\/\/zumbalaturba.com.ar\/index.php?rest_route=\/wp\/v2\/posts\/2281","targetHints":{"allow":["GET"]}}],"collection":[{"href":"https:\/\/zumbalaturba.com.ar\/index.php?rest_route=\/wp\/v2\/posts"}],"about":[{"href":"https:\/\/zumbalaturba.com.ar\/index.php?rest_route=\/wp\/v2\/types\/post"}],"author":[{"embeddable":true,"href":"https:\/\/zumbalaturba.com.ar\/index.php?rest_route=\/wp\/v2\/users\/14"}],"replies":[{"embeddable":true,"href":"https:\/\/zumbalaturba.com.ar\/index.php?rest_route=%2Fwp%2Fv2%2Fcomments&post=2281"}],"version-history":[{"count":0,"href":"https:\/\/zumbalaturba.com.ar\/index.php?rest_route=\/wp\/v2\/posts\/2281\/revisions"}],"wp:featuredmedia":[{"embeddable":true,"href":"https:\/\/zumbalaturba.com.ar\/index.php?rest_route=\/wp\/v2\/media\/2282"}],"wp:attachment":[{"href":"https:\/\/zumbalaturba.com.ar\/index.php?rest_route=%2Fwp%2Fv2%2Fmedia&parent=2281"}],"wp:term":[{"taxonomy":"category","embeddable":true,"href":"https:\/\/zumbalaturba.com.ar\/index.php?rest_route=%2Fwp%2Fv2%2Fcategories&post=2281"},{"taxonomy":"post_tag","embeddable":true,"href":"https:\/\/zumbalaturba.com.ar\/index.php?rest_route=%2Fwp%2Fv2%2Ftags&post=2281"}],"curies":[{"name":"wp","href":"https:\/\/api.w.org\/{rel}","templated":true}]}}