{"id":2327,"date":"2016-12-22T19:58:04","date_gmt":"2016-12-22T19:58:04","guid":{"rendered":"http:\/\/zumbalaturba.com.ar\/?p=2327"},"modified":"2016-12-22T19:58:04","modified_gmt":"2016-12-22T19:58:04","slug":"legislatura-cordobesa-preocupada-por-dayana-gorosito","status":"publish","type":"post","link":"https:\/\/zumbalaturba.com.ar\/?p=2327","title":{"rendered":"Legislatura cordobesa preocupada por Dayana Gorosito"},"content":{"rendered":"<p><img fetchpriority=\"high\" decoding=\"async\" class=\"size-medium wp-image-2328 alignleft\" src=\"https:\/\/zumbalaturba.com.ar\/wp-content\/uploads\/2016\/12\/DSCN4767subir-269x300.jpg\" alt=\"dscn4767subir\" width=\"269\" height=\"300\" srcset=\"https:\/\/zumbalaturba.com.ar\/wp-content\/uploads\/2016\/12\/DSCN4767subir-269x300.jpg 269w, https:\/\/zumbalaturba.com.ar\/wp-content\/uploads\/2016\/12\/DSCN4767subir.jpg 486w\" sizes=\"(max-width: 269px) 100vw, 269px\" \/>En el d\u00eda de ayer, 21 de diciembre, la Legislatura de la provincia de C\u00f3rdoba pronunci\u00f3 por unanimidad su preocupaci\u00f3n por la situaci\u00f3n de Dayana Gorosito, a instancias del bloque PTS-FIT. Asimismo, inst\u00f3 a la pronta resoluci\u00f3n del caso.<\/p>\n<p><img decoding=\"async\" class=\"size-medium wp-image-2329 alignright\" src=\"https:\/\/zumbalaturba.com.ar\/wp-content\/uploads\/2016\/12\/WhatsApp-Image-2016-12-21-at-22.56.54-255x300.jpeg\" alt=\"whatsapp-image-2016-12-21-at-22-56-54\" width=\"255\" height=\"300\" srcset=\"https:\/\/zumbalaturba.com.ar\/wp-content\/uploads\/2016\/12\/WhatsApp-Image-2016-12-21-at-22.56.54-255x300.jpeg 255w, https:\/\/zumbalaturba.com.ar\/wp-content\/uploads\/2016\/12\/WhatsApp-Image-2016-12-21-at-22.56.54.jpeg 582w\" sizes=\"(max-width: 255px) 100vw, 255px\" \/>Zumba la Turba se comunic\u00f3 con la <strong>legisladora Laura Vilches<\/strong>,\u00a0 quien coment\u00f3 que el pronunciamiento fue iniciativa del bloque del PTS-FIT y originalmente buscaba expresar el repudio a la injusta detenci\u00f3n de Dayana Gorosito por su car\u00e1cter de v\u00edctima de violencia de g\u00e9nero. El argumento central tiene que ver con el cese de una prisi\u00f3n preventiva no justificada ante la inexistencia de riesgo de entorpecimiento del proceso judicial. Finalmente, explicaba Vilches, se aprob\u00f3 una declaraci\u00f3n en pleno de la C\u00e1mara en los t\u00e9rminos referidos.<\/p>\n<p><iframe src=\"http:\/\/ar.ivoox.com\/es\/player_ej_15316180_2_1.html?data=kpqgk5uVfJGhhpywj5WVaZS1kZ6ah5yncZOhhpywj5WRaZi3jpWah5yncabi1dfS2M7XuMKfwpDZx8zNt83VxdTfw5CwpdbmwpDDy9HHrMbnjNXc1JCopdrVz8aah5yncbPVxc7cjb_ZscPVjNHOjbnZtsPVjoqkpZKY&amp;\" width=\"100%\" height=\"200\" frameborder=\"0\" scrolling=\"no\" allowfullscreen=\"allowfullscreen\"><\/iframe><\/p>\n<div class='share-to-whatsapp-wrapper'><div class='share-on-whsp'>Share on: <\/div><div class='clear '><\/div><\/div>","protected":false},"excerpt":{"rendered":"<p>En el d\u00eda de ayer, 21 de diciembre, la Legislatura de la provincia de C\u00f3rdoba pronunci\u00f3 por unanimidad su preocupaci\u00f3n por la situaci\u00f3n de Dayana Gorosito, a instancias del bloque PTS-FIT. Asimismo, inst\u00f3 a la pronta resoluci\u00f3n del caso. Zumba la Turba se comunic\u00f3 con la legisladora Laura Vilches,\u00a0 quien coment\u00f3 que el pronunciamiento fue [&hellip;]<\/p>\n","protected":false},"author":6,"featured_media":2329,"comment_status":"open","ping_status":"open","sticky":false,"template":"","format":"standard","meta":{"footnotes":""},"categories":[5],"tags":[505,7],"class_list":["post-2327","post","type-post","status-publish","format-standard","has-post-thumbnail","hentry","category-transfeminismos","tag-dayana-gorosito","tag-feminismos"],"_links":{"self":[{"href":"https:\/\/zumbalaturba.com.ar\/index.php?rest_route=\/wp\/v2\/posts\/2327","targetHints":{"allow":["GET"]}}],"collection":[{"href":"https:\/\/zumbalaturba.com.ar\/index.php?rest_route=\/wp\/v2\/posts"}],"about":[{"href":"https:\/\/zumbalaturba.com.ar\/index.php?rest_route=\/wp\/v2\/types\/post"}],"author":[{"embeddable":true,"href":"https:\/\/zumbalaturba.com.ar\/index.php?rest_route=\/wp\/v2\/users\/6"}],"replies":[{"embeddable":true,"href":"https:\/\/zumbalaturba.com.ar\/index.php?rest_route=%2Fwp%2Fv2%2Fcomments&post=2327"}],"version-history":[{"count":0,"href":"https:\/\/zumbalaturba.com.ar\/index.php?rest_route=\/wp\/v2\/posts\/2327\/revisions"}],"wp:featuredmedia":[{"embeddable":true,"href":"https:\/\/zumbalaturba.com.ar\/index.php?rest_route=\/wp\/v2\/media\/2329"}],"wp:attachment":[{"href":"https:\/\/zumbalaturba.com.ar\/index.php?rest_route=%2Fwp%2Fv2%2Fmedia&parent=2327"}],"wp:term":[{"taxonomy":"category","embeddable":true,"href":"https:\/\/zumbalaturba.com.ar\/index.php?rest_route=%2Fwp%2Fv2%2Fcategories&post=2327"},{"taxonomy":"post_tag","embeddable":true,"href":"https:\/\/zumbalaturba.com.ar\/index.php?rest_route=%2Fwp%2Fv2%2Ftags&post=2327"}],"curies":[{"name":"wp","href":"https:\/\/api.w.org\/{rel}","templated":true}]}}