{"id":2387,"date":"2017-02-25T16:18:03","date_gmt":"2017-02-25T16:18:03","guid":{"rendered":"http:\/\/zumbalaturba.com.ar\/?p=2387"},"modified":"2017-02-25T16:31:05","modified_gmt":"2017-02-25T16:31:05","slug":"8m-claudia-korol-paramos-para-que-continuen-nuestras-revoluciones","status":"publish","type":"post","link":"https:\/\/zumbalaturba.com.ar\/?p=2387","title":{"rendered":"8M Claudia Korol: &#8220;Paramos para que contin\u00faen nuestras revoluciones&#8221;"},"content":{"rendered":"<p><strong><img decoding=\"async\" class=\"size-medium wp-image-2388 alignleft\" src=\"https:\/\/zumbalaturba.com.ar\/wp-content\/uploads\/2017\/02\/claudia-300x130.jpg\" alt=\"claudia\" width=\"300\" height=\"130\" srcset=\"https:\/\/zumbalaturba.com.ar\/wp-content\/uploads\/2017\/02\/claudia-300x130.jpg 300w, https:\/\/zumbalaturba.com.ar\/wp-content\/uploads\/2017\/02\/claudia.jpg 673w\" sizes=\"(max-width: 300px) 100vw, 300px\" \/>\u201cNosotras paramos\u201d<\/strong>, podemos leer en infinidad de convocatorias en las redes sociales. \u201cSi nuestras vidas no valen, \u00a1produzcan sin nosotras!\u201d, insisten decenas, cientos de miles de im\u00e1genes, posteos, volantes. \u201cNi una menos\u201d, refuerzan, actualizando la consigna multiplicada a nivel mundial desde estas tierras.<\/p>\n<p>Es que el <strong>8 de marzo, D\u00eda Internacional de las Mujeres Trabajadoras<\/strong>, est\u00e1 ya instalado como un d\u00eda de lucha, fruto de la persistencia del movimiento de mujeres y feminista. M\u00e1s all\u00e1 o m\u00e1s ac\u00e1 de los debates en torno a su origen y de su ineludible car\u00e1cter de clase, esta fecha ha logrado sostener a lo largo del tiempo las reivindicaciones hist\u00f3ricas del movimiento sin perder de vista las realidades, las luchas, las demandas, las conquistas y los cambios en la vida cotidiana de las mujeres.<\/p>\n<p>Este a\u00f1o, el movimiento de mujeres y feminista se prepara para un hito hist\u00f3rico, que busca poner en jaque un sistema econ\u00f3mico que descansa en gran medida sobre la invisibilizaci\u00f3n del trabajo de las mujeres: el primer paro internacional de mujeres, lesbianas y trans.<\/p>\n<p>Para abordar las distintas dimensiones del 8 de marzo, tanto en su car\u00e1cter de fecha hist\u00f3rica como en el marco de la actual coyuntura, conversamos con <strong>Claudia Korol, comunicadora feminista e integrante del Equipo de Educaci\u00f3n Popular Pa\u00f1uelos en Rebeld\u00eda<\/strong>.<\/p>\n<p><iframe src=\"http:\/\/ar.ivoox.com\/es\/player_ej_17217980_2_1.html?data=kpyfk5ydfJGhhpywj5WdaZS1lJuah5yncZOhhpywj5WRaZi3jpWah5yncZnBhpewjajQpdbYysaYrdTWs82ZlKaYh5eWlMLmwtLc1ZDUpdPVjNbix5DHs8_oytOSpZiJhqLZz5Db18rXuNPVjoqkpZK2pcXd0JDH19LGpYzgwpDB19fGpY6ZmKialg..&amp;\" width=\"100%\" height=\"200\" frameborder=\"0\" scrolling=\"no\" allowfullscreen=\"allowfullscreen\"><\/iframe><\/p>\n<p><b>Este a\u00f1o, el 8 de marzo, \u00a1Nosotras paramos!<\/b><\/p>\n<p>Claudia inicia la conversaci\u00f3n estableciendo el car\u00e1cter del 8 de marzo, que \u201c<em>ya sabemos que es una fecha internacional de lucha del movimiento de mujeres y de las feministas para reivindicar todos nuestros derechos y tambi\u00e9n todos nuestros deseos de cambiar el mundo. Hist\u00f3ricamente hemos venido participando y realizando distintas iniciativas, sobre todo movilizaciones, actos de resistencia o de enfrentamiento al capitalismo patriarcal y al colonialismo en el caso de nuestro continente<\/em>\u201d.<br \/>\nDesde sus inicios, esta fecha se formul\u00f3 buscando trascender las fronteras nacionales y por eso \u201c<em>es una jornada de lucha internacional, de un feminismo que en distintos lugares del planeta se alza contra el patriarcado y en este a\u00f1o en particular lo que estamos proponiendo es una forma de lucha espec\u00edfica que es el paro internacional de mujeres\u201d. <\/em>La idea de tomar esta forma de acci\u00f3n tradicional del movimiento obrero, tiene que ver con<em> \u201cno s\u00f3lo enfrentar lo que significa la super explotaci\u00f3n de la fuerza de trabajo de las mujeres en el contexto del capitalismo patriarcal, sino tambi\u00e9n, como parte de eso, visibilizar lo que es el trabajo no reconocido, el trabajo dom\u00e9stico, el trabajo que las mujeres hacemos de cuidado y de sost\u00e9n de la vida (\u2026) Si nosotras con nuestro trabajo, visible e invisible, movemos al mundo, tambi\u00e9n podemos pararlo<\/em>\u201d.<\/p>\n<p><b>Defensoras en peligro<\/b><\/p>\n<p>El pr\u00f3ximo 2 de marzo se cumplir\u00e1 <strong>un a\u00f1o del asesinato en Honduras de Berta C\u00e1ceres<\/strong>, la referente del pueblo lenca que encabez\u00f3 las luchas contra la instalaci\u00f3n de bases militares estadounidenses en sus territorios y contra la trasnacional DESA-Agua Zarca. Al respecto, Korol advierte que en la jornada del 8se debe denunciar firmemente \u201c<em>lo que estamos nombrando como femicidios territoriales, que es el crimen o la amenaza en distintos lugares del continente que viven las defensoras de la tierra, de la naturaleza, de los bienes comunes. El 2 de marzo, precisamente, se cumple un a\u00f1o del crimen de Berta C\u00e1ceres del pueblo lenca de Honduras, pero antes y despu\u00e9s de ese asesinato tambi\u00e9n fueron exterminadas compa\u00f1eras en Honduras, en Colombia, en Guatemala, en M\u00e9xico, en distintos lugares. En Chile supimos tambi\u00e9n hace poco de una hermana mapuche que ha sido asesinada y se quiso presentar como un suicidio. Sabemos de las mujeres mapuches presas, la Machi Francisca, la Machi Juana. Son defensoras, cuidadoras de la tierra que vienen siendo perseguidas, amenazadas y en algunos casos exterminadas.Queremos darle una fuerza especial tambi\u00e9n a este paro para hacer esa denuncia de todos los femicidios, de todos, por las distintas causas que existen, todas las amenazas y de todas las violencias que sufrimos las mujeres y en el caso de las mujeres de los pueblos, de las comunidades originarias, decimos que est\u00e1n varias veces amenazadas en su vida cotidiana, por el patriarcado, por los machos violentos y por la manera en que el capitalismo trasnacional avanza sobre los territorios sembrando muerte, destrucci\u00f3n y tom\u00e1ndose los cuerpos y las vidas de las mujeres, como hist\u00f3ricamente lo han hecho desde hace m\u00e1s de cinco siglos como uno de los trofeos de su guerra de conquista<\/em>\u201d.<\/p>\n<p><b>Los desaf\u00edos del feminismo<\/b><\/p>\n<p>En los \u00faltimos tiempos, a nivel internacional, se ha encendido el alerta en los movimientos de mujeres y feminista ante los intentos de avanzada de la derecha fundamentalista sobre derechos conquistados por las mujeres y los colectivos de la disidencia sexual.<\/p>\n<p>Claudia caracteriza el momento hist\u00f3rico que atravesamos y describe que \u201c<em>en Am\u00e9rica Latina estamos viviendo en general un retroceso en cuanto a los derechos de los pueblos que hab\u00edamos venido conquistando, incluso no solo en las \u00faltimas d\u00e9cadas sino hist\u00f3ricamente. Las cifras de precarizaci\u00f3n laboral son impresionantes en nuestro pa\u00eds pero tambi\u00e9n en otros pa\u00edses y en el caso de los logros del movimiento de mujeres y del feminismo, a partir de los golpes de estado como en Brasil, Honduras, o Paraguay, o el acceso de las derechas por la v\u00eda no democr\u00e1tica sino electoral -que no es lo mismo-, a trav\u00e9s de los mecanismos institucionales de representaci\u00f3n de los poderosos, tambi\u00e9n se ha venido arrasando con conquistas hist\u00f3ricas del movimiento de mujeres<\/em>\u201d.<\/p>\n<p>Esta coyuntura desaf\u00eda a los feminismos, explica, \u201c<em>por un lado, a pensar qu\u00e9 son estas democracias, qu\u00e9 es lo que tienen de representaci\u00f3n, c\u00f3mo est\u00e1n al servicio de los grandes intereses capitalistas, del fundamentalismo pol\u00edtico religioso, del patriarcado y del colonialismo. Y nos desaf\u00eda tambi\u00e9n a defender cada uno de los derechos que nos vienen amenazando. Eso implica una mayor movilizaci\u00f3n social y organizaci\u00f3n del movimiento feminista y de mujeres y una mayor conciencia de que todos los logros son reversibles, es decir, de que la idea de que siempre vamos creciendo en cuanto a conquistas es mentira, se puede retroceder y mucho. Y por otro lado, la necesidad, y creo que esto es fundamental, de la autonom\u00eda del movimiento de mujeres y de muchas de las demandas que hemos depositado en el estado para que nos las resuelva. Tenemos que resolverlas a trav\u00e9s de nuestras propias fuerzas organizadas, creo que esto es esencial y tanto desde los elementos de la salud, de la salud popular,de la soberan\u00eda alimentaria, como en la soberan\u00eda sobre nuestros cuerpos, la seguridad y cuidado de nuestros cuerpos y la defensa de nuestros cuerpos como primer territorio, y de los territorios que vivimos, va a tener que ser tambi\u00e9n obra de mujeres organizadas con autonom\u00eda, con comunidades y con colectivos con capacidad de disputa frente a un patriarcado asesino que nos viene tratando de limitar nuestros deseos y posibilidades de cambio<\/em>\u201d.<\/p>\n<p>Sin embargo, esta lectura de la realidad no debe inmovilizarnos. Por el contrario, afirma Claudia Korol, \u201c<em>tenemos que ser conscientes de que a pesar de que la derecha est\u00e1 avanzando de manera muy fuerte en el continente, si hay un movimiento que tiene fuerzas y que tiene capacidad de desaf\u00edo a esa derecha conservadora y fundamentalista es el movimiento de mujeres y el movimiento feminista en particular. As\u00ed que fortalecer al feminismo, darle perspectivas, crear y sostener esta iniciativa callejera, esta iniciativa de un feminismo popular, desde abajo, plebeyo, territorial, enraizado, le podemos poner el nombre que querramos, pero esa es la garant\u00eda para que podamos seguir caminando<\/em>\u201d.<br \/>\n<b>Paramos por la revoluci\u00f3n de nuestros territorios y nuestros cuerpos<\/b><\/p>\n<p>Finalmente, terminamos el di\u00e1logo desafiando a Claudia a sintetizar de alg\u00fan modo las razones por las que paramos el pr\u00f3ximo 8 de marzo en todo el mundo:<em> &#8220;Paramos por la vida, paramos por nosotras, por nuestros cuerpos, por nuestros territorios y porque no s\u00f3lo queremos defenderlos sino que queremos revolucionarlos. Dijimos muchas veces y lo dijo Lohana y nos dej\u00f3 como legado, que la revoluci\u00f3n es ahora, y nosotras paramos para que contin\u00faen realiz\u00e1ndose nuestras revoluciones<\/em>\u201d.<\/p>\n<div class='share-to-whatsapp-wrapper'><div class='share-on-whsp'>Share on: <\/div><div class='clear '><\/div><\/div>","protected":false},"excerpt":{"rendered":"<p>\u201cNosotras paramos\u201d, podemos leer en infinidad de convocatorias en las redes sociales. \u201cSi nuestras vidas no valen, \u00a1produzcan sin nosotras!\u201d, insisten decenas, cientos de miles de im\u00e1genes, posteos, volantes. \u201cNi una menos\u201d, refuerzan, actualizando la consigna multiplicada a nivel mundial desde estas tierras. Es que el 8 de marzo, D\u00eda Internacional de las Mujeres Trabajadoras, [&hellip;]<\/p>\n","protected":false},"author":6,"featured_media":2388,"comment_status":"open","ping_status":"open","sticky":false,"template":"","format":"standard","meta":{"footnotes":""},"categories":[42,5],"tags":[513,7,514],"class_list":["post-2387","post","type-post","status-publish","format-standard","has-post-thumbnail","hentry","category-pueblosoriginarios","category-transfeminismos","tag-8m","tag-feminismos","tag-paro-de-mujeres"],"_links":{"self":[{"href":"https:\/\/zumbalaturba.com.ar\/index.php?rest_route=\/wp\/v2\/posts\/2387","targetHints":{"allow":["GET"]}}],"collection":[{"href":"https:\/\/zumbalaturba.com.ar\/index.php?rest_route=\/wp\/v2\/posts"}],"about":[{"href":"https:\/\/zumbalaturba.com.ar\/index.php?rest_route=\/wp\/v2\/types\/post"}],"author":[{"embeddable":true,"href":"https:\/\/zumbalaturba.com.ar\/index.php?rest_route=\/wp\/v2\/users\/6"}],"replies":[{"embeddable":true,"href":"https:\/\/zumbalaturba.com.ar\/index.php?rest_route=%2Fwp%2Fv2%2Fcomments&post=2387"}],"version-history":[{"count":0,"href":"https:\/\/zumbalaturba.com.ar\/index.php?rest_route=\/wp\/v2\/posts\/2387\/revisions"}],"wp:featuredmedia":[{"embeddable":true,"href":"https:\/\/zumbalaturba.com.ar\/index.php?rest_route=\/wp\/v2\/media\/2388"}],"wp:attachment":[{"href":"https:\/\/zumbalaturba.com.ar\/index.php?rest_route=%2Fwp%2Fv2%2Fmedia&parent=2387"}],"wp:term":[{"taxonomy":"category","embeddable":true,"href":"https:\/\/zumbalaturba.com.ar\/index.php?rest_route=%2Fwp%2Fv2%2Fcategories&post=2387"},{"taxonomy":"post_tag","embeddable":true,"href":"https:\/\/zumbalaturba.com.ar\/index.php?rest_route=%2Fwp%2Fv2%2Ftags&post=2387"}],"curies":[{"name":"wp","href":"https:\/\/api.w.org\/{rel}","templated":true}]}}