{"id":2392,"date":"2017-02-25T22:02:27","date_gmt":"2017-02-25T22:02:27","guid":{"rendered":"http:\/\/zumbalaturba.com.ar\/?p=2392"},"modified":"2017-02-25T22:02:27","modified_gmt":"2017-02-25T22:02:27","slug":"homenaje-a-berta-a-un-ano-de-tu-siembra","status":"publish","type":"post","link":"https:\/\/zumbalaturba.com.ar\/?p=2392","title":{"rendered":"Homenaje a Berta: a un a\u00f1o de tu siembra"},"content":{"rendered":"<p><img fetchpriority=\"high\" decoding=\"async\" class=\" wp-image-2393 alignleft\" src=\"https:\/\/zumbalaturba.com.ar\/wp-content\/uploads\/2017\/02\/flyer-3-cba-300x162.jpg\" alt=\"flyer 3 cba\" width=\"444\" height=\"240\" srcset=\"https:\/\/zumbalaturba.com.ar\/wp-content\/uploads\/2017\/02\/flyer-3-cba-300x162.jpg 300w, https:\/\/zumbalaturba.com.ar\/wp-content\/uploads\/2017\/02\/flyer-3-cba.jpg 389w\" sizes=\"(max-width: 444px) 100vw, 444px\" \/>D\u00edas antes del 8 de marzo, y en el marco de la Acci\u00f3n Global impulsada por el COPINH desde La Esperanza (Intibuc\u00e1, Honduras)<strong> <span class=\"_4n-j _3cht fsl\" data-testid=\"event-permalink-details\">\u201cA 1 A\u00f1o de su Siembra: Berta Vive, COPINH Sigue\u201d<\/span><\/strong>, decenas de ciudades, pueblos, parajes y comunidades del mundo se sumar\u00e1n al homenaje a Berta C\u00e1ceres y a la exigencia de justicia por su asesinato.<\/p>\n<p>Compartimos la convocatoria en C\u00f3rdoba y afirmamos con voz firme que hoy y siempre&#8230; <strong>\u00a1COMPA\u00d1ERA BERTA C\u00c1CERES, PRESENTE!!<\/strong><\/p>\n<p><strong><span style=\"color: #ff6600;\">Convocatoria en C\u00f3rdoba<\/span><\/strong><\/p>\n<p>Hace un a\u00f1o, en la ma\u00f1ana del 3 de marzo, nos d\u00e1bamos con la dolorosa e indignante noticia del asesinato en la noche anterior de <strong>Berta C\u00e1ceres, coordinadora del Consejo C\u00edvico de Organizaciones Populares e Ind\u00edgenas de Honduras (COPINH)<\/strong>, feminista, luchadora por los derechos del pueblo originario lenca, defensora de los r\u00edos y territorios de su querida Honduras y de todo el continente.<\/p>\n<p>La convicci\u00f3n internacionalista y revolucionaria de Berta, la llev\u00f3 a estrechar profundos lazos de solidaridad y rebeld\u00eda con organizaciones en todo el mundo, incluyendo Argentina.<\/p>\n<p>El asesinato de Berta es un crimen de Estado, con el que se intent\u00f3 detener la resistencia que Berta, el COPINH y toda la comunidad de R\u00edo Blanco sostienen contra la instalaci\u00f3n del proyecto de represa de la empresa DESA-Agua Zarca. El COPINH denuncia la persecuci\u00f3n sistem\u00e1tica que Berta C\u00e1ceres sufri\u00f3 por parte de las autoridades hondure\u00f1as a trav\u00e9s de las fuerzas de seguridad y los tribunales, en la que tambi\u00e9n participaron empresas y bancos internacionales como FMO, BCIE y FINNFUND interesados en saquear los bienes comunes del pueblo hondure\u00f1o y convertirlos en ganancia.<\/p>\n<p>El actual gobierno hondure\u00f1o, es continuidad del golpe de Estado de 2009,\u00a0 y ha respondido a este crimen s\u00f3lo mediante la represi\u00f3n, mostrando total falta de voluntad para llegar a los autores intelectuales de este hecho, y para informar sobre las capturas de los supuestos autores materiales. Esto evidencia las vinculaciones entre el gobierno y las trasnacionales que impulsan estos proyectos extractivistas y construyen todas las condiciones para que se instalen el silencio y la impunidad.<\/p>\n<p>Posteriormente al asesinato de Berta C\u00e1ceres, ha recrudecido la persecuci\u00f3n, el hostigamiento y la violencia contra el COPINH, con amenazas a Tom\u00e1s Gomez, actual coordinador y a otrxs integrantes y el asesinato de Lesbia Urqu\u00eda.<br \/>\nEn este a\u00f1o, adem\u00e1s, el capitalismo depredador y colonialista arranc\u00f3, entre otras, las vidas de Aura Lorena Vasquez en Guatemala, luchadora contra la miner\u00eda; la referente mapuche Macarena Vald\u00e9s en Chile, en resistencia contra las centrales hidroel\u00e9ctricas; en lo que se configura como un patr\u00f3n de femicidios territoriales. Desde Honduras, nos llega un llamado a acompa\u00f1ar y abrazar a la familia de Berta y comunidades del COPINH con acciones en todos los rincones en el aniversario del asesinato de Berta.<\/p>\n<p>En C\u00f3rdoba, en este camino de seguir construyendo redes de rebeld\u00eda, solidaridad y lucha, nos encontraremos frente al Consulado de Honduras para traer la presencia de Berta, las luchas de su pueblo y la exigencia de justicia. La invitaci\u00f3n es a acercar velas blancas, semillas, flores, hierbas de medicina ancestral, im\u00e1genes, agua, y todo aquello que identificamos con la lucha que los pueblos seguimos dando por la vida digna.<\/p>\n<p>&#8220;<em>En nuestras cosmovisiones, somos seres surgidos de la tierra, el agua y el ma\u00edz. De los r\u00edos, somos custodios ancestrales el pueblo lenca, resguardados adem\u00e1s por los esp\u00edritus de las ni\u00f1as, que nos ense\u00f1an que dar la vida de m\u00faltiples formas, por la defensa de los r\u00edos, es dar la vida para el bien de la humanidad y de \u00e9ste planeta. \u00a1Despertemos! \u00a1Despertemos Humanidad! Ya no hay tiempo. Nuestras conciencias ser\u00e1n sacudidas por el hecho de solo estar contemplando la autodestrucci\u00f3n basada en la depredaci\u00f3n capitalista, racista y patriarcal<\/em>.\u201d Berta C\u00e1ceres<\/p>\n<p><strong>#FueraDESA #1A\u00f1oSinJusticia #BertaVive #COPINHsigue<\/strong><\/p>\n<p>Jueves 2 de marzo &#8211; 18 hs. Concentraci\u00f3n en la esquina de V\u00e9lez Sarsfield y 27 de abril &#8211; C\u00f3rdoba<\/p>\n<div class='share-to-whatsapp-wrapper'><div class='share-on-whsp'>Share on: <\/div><div class='clear '><\/div><\/div>","protected":false},"excerpt":{"rendered":"<p>D\u00edas antes del 8 de marzo, y en el marco de la Acci\u00f3n Global impulsada por el COPINH desde La Esperanza (Intibuc\u00e1, Honduras) \u201cA 1 A\u00f1o de su Siembra: Berta Vive, COPINH Sigue\u201d, decenas de ciudades, pueblos, parajes y comunidades del mundo se sumar\u00e1n al homenaje a Berta C\u00e1ceres y a la exigencia de justicia [&hellip;]<\/p>\n","protected":false},"author":6,"featured_media":2393,"comment_status":"open","ping_status":"open","sticky":false,"template":"","format":"standard","meta":{"footnotes":""},"categories":[42,5],"tags":[399,57,515],"class_list":["post-2392","post","type-post","status-publish","format-standard","has-post-thumbnail","hentry","category-pueblosoriginarios","category-transfeminismos","tag-femicidio","tag-honduras","tag-invitacion"],"_links":{"self":[{"href":"https:\/\/zumbalaturba.com.ar\/index.php?rest_route=\/wp\/v2\/posts\/2392","targetHints":{"allow":["GET"]}}],"collection":[{"href":"https:\/\/zumbalaturba.com.ar\/index.php?rest_route=\/wp\/v2\/posts"}],"about":[{"href":"https:\/\/zumbalaturba.com.ar\/index.php?rest_route=\/wp\/v2\/types\/post"}],"author":[{"embeddable":true,"href":"https:\/\/zumbalaturba.com.ar\/index.php?rest_route=\/wp\/v2\/users\/6"}],"replies":[{"embeddable":true,"href":"https:\/\/zumbalaturba.com.ar\/index.php?rest_route=%2Fwp%2Fv2%2Fcomments&post=2392"}],"version-history":[{"count":0,"href":"https:\/\/zumbalaturba.com.ar\/index.php?rest_route=\/wp\/v2\/posts\/2392\/revisions"}],"wp:featuredmedia":[{"embeddable":true,"href":"https:\/\/zumbalaturba.com.ar\/index.php?rest_route=\/wp\/v2\/media\/2393"}],"wp:attachment":[{"href":"https:\/\/zumbalaturba.com.ar\/index.php?rest_route=%2Fwp%2Fv2%2Fmedia&parent=2392"}],"wp:term":[{"taxonomy":"category","embeddable":true,"href":"https:\/\/zumbalaturba.com.ar\/index.php?rest_route=%2Fwp%2Fv2%2Fcategories&post=2392"},{"taxonomy":"post_tag","embeddable":true,"href":"https:\/\/zumbalaturba.com.ar\/index.php?rest_route=%2Fwp%2Fv2%2Ftags&post=2392"}],"curies":[{"name":"wp","href":"https:\/\/api.w.org\/{rel}","templated":true}]}}