{"id":2430,"date":"2017-03-07T02:28:02","date_gmt":"2017-03-07T02:28:02","guid":{"rendered":"http:\/\/zumbalaturba.com.ar\/?p=2430"},"modified":"2017-03-16T00:13:29","modified_gmt":"2017-03-16T00:13:29","slug":"maratona-mundial-feminista-y-radial","status":"publish","type":"post","link":"https:\/\/zumbalaturba.com.ar\/?p=2430","title":{"rendered":"Maratona Mundial Feminista y Radial"},"content":{"rendered":"<p><img fetchpriority=\"high\" decoding=\"async\" class=\"wp-image-2431 alignleft\" src=\"https:\/\/zumbalaturba.com.ar\/wp-content\/uploads\/2017\/03\/maratona2-212x300.jpg\" alt=\"maratona2\" width=\"476\" height=\"674\" srcset=\"https:\/\/zumbalaturba.com.ar\/wp-content\/uploads\/2017\/03\/maratona2-212x300.jpg 212w, https:\/\/zumbalaturba.com.ar\/wp-content\/uploads\/2017\/03\/maratona2.jpg 678w\" sizes=\"(max-width: 476px) 100vw, 476px\" \/><\/p>\n<p>Este 8 de marzo, impulsada por <strong>diversas comunicadoras feministas<\/strong>, se realizar\u00e1 la &#8220;Maratona Mundial&#8221; feminista y radial, una iniciativa que enredar\u00e1 emisoras, programas y comunicadoras en una transmision que se extender\u00e1, hasta ahora, m\u00e1s de doce horas corridas desde diversas radios comunitarias y <strong>Red Nosotras Radio<\/strong>.<\/p>\n<p>&nbsp;<\/p>\n<p>\u201c<em>Acuerparse es la acci\u00f3n personal y colectiva de nuestros cuerpos indignados ante las injusticias que viven otros cuerpos\u201d. As\u00ed lo se\u00f1ala Lorena Cabnal, referente feminista guatemalteca. Retomamos esa idea y nos acuerparemos alrededor de los micr\u00f3fonos y consolas, para que nuestras voces denuncien las violencias machistas, colonialistas, racistas y capitalistas que mujeres, lesbianas, travestis y trans resistimos cotidianamente en cualquier punto del mundo. La sororidad y la alegr\u00eda de estar juntas, sin perder la indignaci\u00f3n, quebrar\u00e1 una vez m\u00e1s las fronteras<\/em>&#8220;, afirma la gacetilla difundida para dar a conocer la Maratona.<\/p>\n<p>Uruguay, Suiza, M\u00e9xico, Nicaragua, Argentina, Canad\u00e1, Colombia, Ecuador estar\u00e1n presentes , entre muchos otros pa\u00edses&#8230; Todas las tonadas, los estilos, las miradas\u00a0 y la m\u00fasica acompa\u00f1ar\u00e1n desde el \u00e9ter y el aire virtual el <strong>paro internacional de mujeres, lesbianas y trans<\/strong> que har\u00e1 temblar el mundo este <strong>8 de marzo,<\/strong> bajo la consigna <strong>&#8220;Si nuestras vidas no valen, \u00a1produzcan sin nosotras!&#8221;<\/strong> y expresar\u00e1 tambi\u00e9n los reclamos en el marco del <strong>7 de marzo, el D\u00eda de la Visibilidad L\u00e9sbica<\/strong> en Argentina,<\/p>\n<p><iframe src=\"http:\/\/ar.ivoox.com\/es\/player_ej_17386940_2_1.html?data=kpygmpudeJGhhpywj5WWaZS1kpyah5yncZOhhpywj5WRaZi3jpWah5yncaLm1c7g1s7HpYzBwtfO1tTSpYyhjLHOja7SuMbmz8bQy9TSpc2fp8ray9PNt9XVjoqkpZK2pcXd0JDH19LGpYzgwpDB19fGpY6ZmKialg..&amp;\" width=\"100%\" height=\"200\" frameborder=\"0\" scrolling=\"no\" allowfullscreen=\"allowfullscreen\"><\/iframe><\/p>\n<p>Desde la <strong>Red Nacional de Medios Alternativos\u00a0<\/strong> y <strong>Zumba la Turba<\/strong> nos sumamos y enredamos en la propuesta, transmitiendo la Maratona y aportando con la producci\u00f3n del programa &#8220;<strong>Cuerpos y territorios libres<\/strong>&#8220;, que se emitir\u00e1 a las 18 hs de Argentina.<\/p>\n<p>En el mismo, realizado colaborativamente por las compa\u00f1eras de la RNMA, escuchar\u00e1s las voces de trabajadoras de una f\u00e1brica textil neuquina, de AGR Clar\u00edn, de la Campa\u00f1a Nacional contra las Violencias hacia las Mujeres, de fabi tron, Susy Shock, Violeta Alegre, de Alejandra Ciriza, Comunicadoras Callejeras de el Bols\u00f3n, compa\u00f1eras de Radio Sur de CABA y de Radio Deseo (La Paz, Bolivia).<\/p>\n<div class='share-to-whatsapp-wrapper'><div class='share-on-whsp'>Share on: <\/div><div class='clear '><\/div><\/div>","protected":false},"excerpt":{"rendered":"<p>Este 8 de marzo, impulsada por diversas comunicadoras feministas, se realizar\u00e1 la &#8220;Maratona Mundial&#8221; feminista y radial, una iniciativa que enredar\u00e1 emisoras, programas y comunicadoras en una transmision que se extender\u00e1, hasta ahora, m\u00e1s de doce horas corridas desde diversas radios comunitarias y Red Nosotras Radio. &nbsp; \u201cAcuerparse es la acci\u00f3n personal y colectiva de [&hellip;]<\/p>\n","protected":false},"author":6,"featured_media":2431,"comment_status":"open","ping_status":"open","sticky":false,"template":"","format":"standard","meta":{"footnotes":""},"categories":[18,15,29,5],"tags":[7,335],"class_list":["post-2430","post","type-post","status-publish","format-standard","has-post-thumbnail","hentry","category-elm","category-la-zumba","category-trabajadores-en-lucha","category-transfeminismos","tag-feminismos","tag-generos"],"_links":{"self":[{"href":"https:\/\/zumbalaturba.com.ar\/index.php?rest_route=\/wp\/v2\/posts\/2430","targetHints":{"allow":["GET"]}}],"collection":[{"href":"https:\/\/zumbalaturba.com.ar\/index.php?rest_route=\/wp\/v2\/posts"}],"about":[{"href":"https:\/\/zumbalaturba.com.ar\/index.php?rest_route=\/wp\/v2\/types\/post"}],"author":[{"embeddable":true,"href":"https:\/\/zumbalaturba.com.ar\/index.php?rest_route=\/wp\/v2\/users\/6"}],"replies":[{"embeddable":true,"href":"https:\/\/zumbalaturba.com.ar\/index.php?rest_route=%2Fwp%2Fv2%2Fcomments&post=2430"}],"version-history":[{"count":0,"href":"https:\/\/zumbalaturba.com.ar\/index.php?rest_route=\/wp\/v2\/posts\/2430\/revisions"}],"wp:featuredmedia":[{"embeddable":true,"href":"https:\/\/zumbalaturba.com.ar\/index.php?rest_route=\/wp\/v2\/media\/2431"}],"wp:attachment":[{"href":"https:\/\/zumbalaturba.com.ar\/index.php?rest_route=%2Fwp%2Fv2%2Fmedia&parent=2430"}],"wp:term":[{"taxonomy":"category","embeddable":true,"href":"https:\/\/zumbalaturba.com.ar\/index.php?rest_route=%2Fwp%2Fv2%2Fcategories&post=2430"},{"taxonomy":"post_tag","embeddable":true,"href":"https:\/\/zumbalaturba.com.ar\/index.php?rest_route=%2Fwp%2Fv2%2Ftags&post=2430"}],"curies":[{"name":"wp","href":"https:\/\/api.w.org\/{rel}","templated":true}]}}