{"id":2456,"date":"2017-03-12T04:32:40","date_gmt":"2017-03-12T04:32:40","guid":{"rendered":"http:\/\/zumbalaturba.com.ar\/?p=2456"},"modified":"2017-03-12T04:32:40","modified_gmt":"2017-03-12T04:32:40","slug":"el-jazz-una-pasion-singular-largamos-con-todo-el-ciclo-2017-de-la-nota-azul","status":"publish","type":"post","link":"https:\/\/zumbalaturba.com.ar\/?p=2456","title":{"rendered":"El jazz, una pasi\u00f3n singular. Largamos con todo el ciclo 2017 de La Nota Azul!"},"content":{"rendered":"<p style=\"padding-left: 120px;\"><em>De fuentes diversas se abren caminos sinuosos. Desde las danzas rituales colectivas, la africanizaci\u00f3n temprana de la m\u00fasica americana, el toque latino, los cantos de trabajo, el blues; de la ra\u00edz tradicional a la b\u00fasqueda art\u00edstica y personal; desde una expresi\u00f3n popular a un fen\u00f3meno de distinci\u00f3n para iniciados, desde una m\u00fasica de baile a una completa abstracci\u00f3n sonora. Desde la frescura improvisada a la demanda de una precisi\u00f3n que encaje en el canon. Y entre todo eso, siempre h\u00edbrido y creativo, sin negar la tensi\u00f3n y sin resolverla tampoco, el resultado de todo, una pasi\u00f3n singular: <strong>el jazz<\/strong>.<\/em><\/p>\n<p><iframe id=\"audio_17488711\" style=\"border: 1px solid #EEE; box-sizing: border-box; width: 100%;\" src=\"https:\/\/ar.ivoox.com\/es\/player_ej_17488711_4_1.html?c1=ff6600\" width=\"300\" height=\"200\" frameborder=\"0\" scrolling=\"no\" allowfullscreen=\"allowfullscreen\"><\/iframe><\/p>\n<p><span style=\"font-size: 14pt;\">Comenzamos el ciclo 2017 de <strong>La Nota Azul<\/strong> con este programa n\u00famero 87, <img fetchpriority=\"high\" decoding=\"async\" class=\"alignright wp-image-533\" src=\"http:\/\/lanotaazul.com.ar\/wp-content\/uploads\/2017\/03\/Trompeta-Toccata-300x300.jpg\" alt=\"\" width=\"226\" height=\"226\" \/>correspondiente al s\u00e1bado 11 de marzo. Claro, por el aire de <a href=\"https:\/\/zumbalaturba.com.ar\/\" target=\"_blank\"><strong>Zumba La Turba<\/strong><\/a> en FM\u00a099.5 y en zumbalaturba.com.ar.<\/span><\/p>\n<p><span style=\"font-size: 14pt;\">En este primer programa del a\u00f1o abrimos con la m\u00fasica de\u00a0<strong>Kenny Dorham<\/strong> y su \u00e1lbum <em>Trompeta Toccata<\/em> del a\u00f1o 1964 para la <em>Blue Note Records<\/em>.<\/span><\/p>\n<p><span style=\"font-size: 14pt;\">En el <em>Jazz Federal Club<\/em> presentamos el disco <em>\u00d3smosis<\/em> del saxofonista <strong>Mart\u00edn Dellavedova<\/strong>, un \u00e1lbum casi \u00edntegramente conformado por composiciones propias.<\/span><\/p>\n<p><span style=\"font-size: 14pt;\"><img decoding=\"async\" class=\"alignleft wp-image-531\" src=\"http:\/\/lanotaazul.com.ar\/wp-content\/uploads\/2017\/03\/Mart\u00edn-Dellavedova-\u00d3smosis.jpg\" alt=\"\" width=\"232\" height=\"232\" \/>La m\u00fasica de Dellavedova se inscribe conscientemente en una determinada tradici\u00f3n de\u00a0jazz. En el disco hay temas homenajeando a referentes como Thelonious Monk o\u00a0John Coltrane. El \u00e1lbum no s\u00f3lo demuestra la riqueza compositiva de Dellavedova, sino sobre todo un rasgo del momento del jazz en C\u00f3rdoba. Es de destacar la precisi\u00f3n del cuarteto que completan, adem\u00e1s del saxofonista,\u00a0<strong>Lucas Acu\u00f1a<\/strong> en guitarra, <strong>Cristian Andrada<\/strong> en contrabajo, y <strong>Luis Barzola<\/strong> en la bater\u00eda. Un s\u00f3lido fundamento que aprovecha Dellavedova para moverse con libertad, soltura y osad\u00eda en el tenor y el soprano.<\/span><\/p>\n<p><span style=\"font-size: 14pt;\">Tambi\u00e9n comentamos lo que fue el <a href=\"https:\/\/www.facebook.com\/Festival-de-Jazz-Traslasierra-174658419545183\/?fref=ts\" target=\"_blank\"><strong>Festival de Jazz de Traslasierra<img decoding=\"async\" class=\"alignright wp-image-525\" src=\"http:\/\/lanotaazul.com.ar\/wp-content\/uploads\/2017\/03\/AbelRogantini_M\u00fasicaAnfibia-300x300.jpg\" alt=\"\" width=\"219\" height=\"219\" \/><\/strong><\/a> y\u00a0algo de la<br \/>\nm\u00fasica que nos dej\u00f3. Escuchamos a <strong>Abel Rogantini<\/strong> y su disco <em>M\u00fasica Anfibia<\/em>. Con <strong>Bernardo Monk<\/strong> en saxos, <strong>Pablo Motta<\/strong> en contrabajo, <strong>Diego Alejandro<\/strong> en bater\u00eda,\u00a0el piano de <strong>Abel Rogantini<\/strong> presenta en este \u00e1lbum una m\u00fasica que conjuga lo local, lo regional, lo rioplantense con &#8220;la filosof\u00eda del jazz&#8221;, seg\u00fan reza en las notas del disco. Tambi\u00e9n nos damos el tiempo para homenajear a \u00c1stor Piazzolla en un nuevo aniversario de su nacimiento.<\/span><\/p>\n<p><span style=\"font-size: 14pt;\">Luego, seguimos con <strong>Kaja Draskler<\/strong> y <strong>Susana Santos Silva<\/strong> y el \u00e1lbum <em>This Love<\/em> del a\u00f1o 2015,\u00a0lanzado bajo el sello <em>Clean Feed<\/em>. La pianista eslovena Kaja Draskler (1987) y la trompetista portuguesa Susana Santos Silva (1979) se reunieron en Lisboa en marzo de 2015 para crear la m\u00fasica de este disco: 6 temas, dos de cada una y un par de improvisaciones. Un espacio para el free jazz y la improvisaci\u00f3n libre en La Nota Azul.<\/span><\/p>\n<div id='gallery-1' class='gallery galleryid-2456 gallery-columns-2 gallery-size-medium'><figure class='gallery-item'>\n\t\t\t<div class='gallery-icon landscape'>\n\t\t\t\t<img loading=\"lazy\" decoding=\"async\" width=\"300\" height=\"300\" src=\"https:\/\/zumbalaturba.com.ar\/wp-content\/uploads\/2017\/03\/Kaja-Draskler-Santos-Silva-This-Love-300x300.jpg\" class=\"attachment-medium size-medium\" alt=\"\" srcset=\"https:\/\/zumbalaturba.com.ar\/wp-content\/uploads\/2017\/03\/Kaja-Draskler-Santos-Silva-This-Love-300x300.jpg 300w, https:\/\/zumbalaturba.com.ar\/wp-content\/uploads\/2017\/03\/Kaja-Draskler-Santos-Silva-This-Love-768x768.jpg 768w, https:\/\/zumbalaturba.com.ar\/wp-content\/uploads\/2017\/03\/Kaja-Draskler-Santos-Silva-This-Love-1024x1024.jpg 1024w, https:\/\/zumbalaturba.com.ar\/wp-content\/uploads\/2017\/03\/Kaja-Draskler-Santos-Silva-This-Love.jpg 1500w\" sizes=\"(max-width: 300px) 100vw, 300px\" \/>\n\t\t\t<\/div><\/figure><figure class='gallery-item'>\n\t\t\t<div class='gallery-icon landscape'>\n\t\t\t\t<img loading=\"lazy\" decoding=\"async\" width=\"300\" height=\"300\" src=\"https:\/\/zumbalaturba.com.ar\/wp-content\/uploads\/2017\/03\/John-Surman-300x300.jpg\" class=\"attachment-medium size-medium\" alt=\"\" srcset=\"https:\/\/zumbalaturba.com.ar\/wp-content\/uploads\/2017\/03\/John-Surman-300x300.jpg 300w, https:\/\/zumbalaturba.com.ar\/wp-content\/uploads\/2017\/03\/John-Surman-768x768.jpg 768w, https:\/\/zumbalaturba.com.ar\/wp-content\/uploads\/2017\/03\/John-Surman-1024x1024.jpg 1024w, https:\/\/zumbalaturba.com.ar\/wp-content\/uploads\/2017\/03\/John-Surman.jpg 1400w\" sizes=\"(max-width: 300px) 100vw, 300px\" \/>\n\t\t\t<\/div><\/figure>\n\t\t<\/div>\n\n<p><span style=\"font-size: 14pt;\">Continuamos con el saxofonista ingl\u00e9s <strong>John Surman<\/strong> y su \u00e1lbum grabado en 1969 <em>Flashpoint: NDR Jazz Workshop<\/em>,\u00a0recuperado por el sello <em>Cuneiform Records<\/em>.<\/span><\/p>\n<p><span style=\"font-size: 14pt;\">Todo eso y mucho m\u00e1s en dos horas de jazz, m\u00fasica y radio: <a href=\"https:\/\/www.facebook.com\/lanotaazulradio\/\" target=\"_blank\">La Nota Azul &#8211; Jazz Federal Club<\/a>.<\/span><\/p>\n<p>&nbsp;<\/p>\n<p style=\"text-align: center;\"><iframe src=\"https:\/\/www.youtube.com\/embed\/iKsBro34nTc\" width=\"560\" height=\"315\" frameborder=\"0\" allowfullscreen=\"allowfullscreen\"><\/iframe><\/p>\n<div class='share-to-whatsapp-wrapper'><div class='share-on-whsp'>Share on: <\/div><div class='clear '><\/div><\/div>","protected":false},"excerpt":{"rendered":"<p>De fuentes diversas se abren caminos sinuosos. Desde las danzas rituales colectivas, la africanizaci\u00f3n temprana de la m\u00fasica americana, el toque latino, los cantos de trabajo, el blues; de la ra\u00edz tradicional a la b\u00fasqueda art\u00edstica y personal; desde una expresi\u00f3n popular a un fen\u00f3meno de distinci\u00f3n para iniciados, desde una m\u00fasica de baile a [&hellip;]<\/p>\n","protected":false},"author":14,"featured_media":2459,"comment_status":"open","ping_status":"open","sticky":false,"template":"","format":"standard","meta":{"footnotes":""},"categories":[261],"tags":[81,52,293,305,296,166],"class_list":["post-2456","post","type-post","status-publish","format-standard","has-post-thumbnail","hentry","category-la-nota-azul","tag-agenda-cultural","tag-cultura","tag-jazz","tag-jazz-federal-club","tag-la-nota-azul","tag-musica"],"_links":{"self":[{"href":"https:\/\/zumbalaturba.com.ar\/index.php?rest_route=\/wp\/v2\/posts\/2456","targetHints":{"allow":["GET"]}}],"collection":[{"href":"https:\/\/zumbalaturba.com.ar\/index.php?rest_route=\/wp\/v2\/posts"}],"about":[{"href":"https:\/\/zumbalaturba.com.ar\/index.php?rest_route=\/wp\/v2\/types\/post"}],"author":[{"embeddable":true,"href":"https:\/\/zumbalaturba.com.ar\/index.php?rest_route=\/wp\/v2\/users\/14"}],"replies":[{"embeddable":true,"href":"https:\/\/zumbalaturba.com.ar\/index.php?rest_route=%2Fwp%2Fv2%2Fcomments&post=2456"}],"version-history":[{"count":0,"href":"https:\/\/zumbalaturba.com.ar\/index.php?rest_route=\/wp\/v2\/posts\/2456\/revisions"}],"wp:featuredmedia":[{"embeddable":true,"href":"https:\/\/zumbalaturba.com.ar\/index.php?rest_route=\/wp\/v2\/media\/2459"}],"wp:attachment":[{"href":"https:\/\/zumbalaturba.com.ar\/index.php?rest_route=%2Fwp%2Fv2%2Fmedia&parent=2456"}],"wp:term":[{"taxonomy":"category","embeddable":true,"href":"https:\/\/zumbalaturba.com.ar\/index.php?rest_route=%2Fwp%2Fv2%2Fcategories&post=2456"},{"taxonomy":"post_tag","embeddable":true,"href":"https:\/\/zumbalaturba.com.ar\/index.php?rest_route=%2Fwp%2Fv2%2Ftags&post=2456"}],"curies":[{"name":"wp","href":"https:\/\/api.w.org\/{rel}","templated":true}]}}