{"id":2585,"date":"2017-03-26T05:40:20","date_gmt":"2017-03-26T05:40:20","guid":{"rendered":"http:\/\/zumbalaturba.com.ar\/?p=2585"},"modified":"2017-03-26T05:41:27","modified_gmt":"2017-03-26T05:41:27","slug":"2585","status":"publish","type":"post","link":"https:\/\/zumbalaturba.com.ar\/?p=2585","title":{"rendered":"La Nota Azul: M\u00fasica mutante con la libertad del jazz"},"content":{"rendered":"<p style=\"padding-left: 120px;\"><em><span style=\"font-size: 14pt;\">La libertad es ciega a su mirar. Mientras las palomas y dem\u00e1s aves van finalizando su conferencia, \u00e9l saca la cabeza por la ventana para asegurarse. La habitaci\u00f3n se oscurece al llegar el mediod\u00eda. Un animal vuela para tapar el sol y Dave mete su cabeza nuevamente, se sienta a la mesa y vuelve a esa idea: la libertad. Abrimos con <strong>Dave Holland<\/strong> <a href=\"http:\/\/lanotaazul.com.ar\/\" target=\"_blank\"><strong>La Nota Azul<\/strong><\/a> de hoy&#8230;<\/span><\/em><\/p>\n<p><iframe id=\"audio_17766184\" style=\"border: 1px solid #EEE; box-sizing: border-box; width: 100%;\" src=\"https:\/\/ar.ivoox.com\/es\/player_ej_17766184_4_1.html?c1=ff6600\" width=\"300\" height=\"200\" frameborder=\"0\" scrolling=\"no\" allowfullscreen=\"allowfullscreen\"><\/iframe><\/p>\n<p><span style=\"font-size: 14pt;\">Este es el programa n\u00famero 89 de <strong>La Nota Azul<\/strong>, el programa de jazz de radio <a href=\"https:\/\/zumbalaturba.com.ar\/\" target=\"_blank\"><strong>Zumba La Turba<\/strong><\/a>, FM 99.5, correspondiente al s\u00e1bado 25 de marzo de 2017.<\/span><\/p>\n<p><span style=\"font-size: 14pt;\">En esta emisi\u00f3n abrimos con la m\u00fasica de <strong><img fetchpriority=\"high\" decoding=\"async\" class=\"alignright wp-image-576\" src=\"http:\/\/lanotaazul.com.ar\/wp-content\/uploads\/2017\/03\/2017-0025-300x270.jpg\" alt=\"\" width=\"277\" height=\"250\" \/>Dave Holland<\/strong>\u00a0y <strong>Chris Potter<\/strong> en vivo en el<br \/>\n<em><strong>Festival de Jazz de Willisau<\/strong><\/em>, Suiza, el 1 de septiembre de 2007, uno de los acontecimientos m\u00e1s importantes dentro de la escena del jazz contempor\u00e1neo. El contrabajo de Dave Holland y los saxos de Chriss Potter ofrecen un universo sonoro s\u00f3lido que sirve para construir una m\u00fasica de una enormemente creativa libertad. Escuchamos &#8220;<em>Four Winds<\/em>&#8221; y <em>&#8220;Segment&#8221;.<\/em><\/span><\/p>\n<p><span style=\"font-size: 14pt;\">Luego charlamos con <strong>Nahuel Dirrheimer<\/strong>, miembro fundador de <strong>Los Mutantes del Paran\u00e1<\/strong>, banda que combina el jazz, el rock, el folk, el tango, y suma la influencia de m\u00fasicas diversas y de diferentes lugares del mundo. Van a estar tocando por primera vez en C\u00f3rdoba junto a los <strong>Tomates Asesinos<\/strong> en <em>La Pe\u00f1a del Tomate<\/em>. Escuchamos algo de sus dos discos editados: <em>El Entrerriano<\/em> (2013) y <em>Noct\u00e1mbulo<\/em> (2015).<\/span><\/p>\n<div id='gallery-1' class='gallery galleryid-2585 gallery-columns-2 gallery-size-medium'><figure class='gallery-item'>\n\t\t\t<div class='gallery-icon landscape'>\n\t\t\t\t<img decoding=\"async\" width=\"300\" height=\"300\" src=\"https:\/\/zumbalaturba.com.ar\/wp-content\/uploads\/2017\/03\/mutantes-300x300.jpg\" class=\"attachment-medium size-medium\" alt=\"\" srcset=\"https:\/\/zumbalaturba.com.ar\/wp-content\/uploads\/2017\/03\/mutantes-300x300.jpg 300w, https:\/\/zumbalaturba.com.ar\/wp-content\/uploads\/2017\/03\/mutantes-768x768.jpg 768w, https:\/\/zumbalaturba.com.ar\/wp-content\/uploads\/2017\/03\/mutantes-1024x1024.jpg 1024w, https:\/\/zumbalaturba.com.ar\/wp-content\/uploads\/2017\/03\/mutantes.jpg 1200w\" sizes=\"(max-width: 300px) 100vw, 300px\" \/>\n\t\t\t<\/div><\/figure><figure class='gallery-item'>\n\t\t\t<div class='gallery-icon landscape'>\n\t\t\t\t<img decoding=\"async\" width=\"300\" height=\"300\" src=\"https:\/\/zumbalaturba.com.ar\/wp-content\/uploads\/2017\/03\/mutantes-2-300x300.jpg\" class=\"attachment-medium size-medium\" alt=\"\" srcset=\"https:\/\/zumbalaturba.com.ar\/wp-content\/uploads\/2017\/03\/mutantes-2-300x300.jpg 300w, https:\/\/zumbalaturba.com.ar\/wp-content\/uploads\/2017\/03\/mutantes-2-768x768.jpg 768w, https:\/\/zumbalaturba.com.ar\/wp-content\/uploads\/2017\/03\/mutantes-2-1024x1024.jpg 1024w, https:\/\/zumbalaturba.com.ar\/wp-content\/uploads\/2017\/03\/mutantes-2.jpg 1200w\" sizes=\"(max-width: 300px) 100vw, 300px\" \/>\n\t\t\t<\/div><\/figure>\n\t\t<\/div>\n\n<p><span style=\"font-size: 14pt;\">Luego continuamos con la presentaci\u00f3n iniciada el s\u00e1bado pasado del nuevo disco de <strong>Escalandrum<\/strong>: <em>Sesiones ION<\/em>. Escuchamos la segunda parte del \u00e1lbum, dedicada a la m\u00fasica del compositor argentino <strong>Alberto Ginastera<\/strong>.<\/span><\/p>\n<p><span style=\"font-size: 14pt;\">Seguimos con el trompetista <strong>Peter Evans<\/strong>, en una sesi\u00f3n de solo de trompeta y con su quinteto. Escuchamos su \u00e1lbum de 2011: <em>Ghosts<\/em>.<\/span><\/p>\n<p><span style=\"font-size: 14pt;\">El segmento del free jazz y la improvisaci\u00f3n libre contin\u00faa con <strong>Wadada Leo Smith<\/strong> y su \u00e1lbum <em>America&#8217;s National Parks<\/em>, editado en 2016 por el sello <em>Cuneiform.<\/em><\/span><\/p>\n<div id='gallery-2' class='gallery galleryid-2585 gallery-columns-3 gallery-size-medium'><figure class='gallery-item'>\n\t\t\t<div class='gallery-icon landscape'>\n\t\t\t\t<img loading=\"lazy\" decoding=\"async\" width=\"300\" height=\"268\" src=\"https:\/\/zumbalaturba.com.ar\/wp-content\/uploads\/2017\/03\/escalandrum-sesiones-ion-1-300x268.jpg\" class=\"attachment-medium size-medium\" alt=\"\" srcset=\"https:\/\/zumbalaturba.com.ar\/wp-content\/uploads\/2017\/03\/escalandrum-sesiones-ion-1-300x268.jpg 300w, https:\/\/zumbalaturba.com.ar\/wp-content\/uploads\/2017\/03\/escalandrum-sesiones-ion-1-768x687.jpg 768w, https:\/\/zumbalaturba.com.ar\/wp-content\/uploads\/2017\/03\/escalandrum-sesiones-ion-1.jpg 940w\" sizes=\"(max-width: 300px) 100vw, 300px\" \/>\n\t\t\t<\/div><\/figure><figure class='gallery-item'>\n\t\t\t<div class='gallery-icon landscape'>\n\t\t\t\t<img loading=\"lazy\" decoding=\"async\" width=\"300\" height=\"269\" src=\"https:\/\/zumbalaturba.com.ar\/wp-content\/uploads\/2017\/03\/peter-evans-ghosts-300x269.jpg\" class=\"attachment-medium size-medium\" alt=\"\" srcset=\"https:\/\/zumbalaturba.com.ar\/wp-content\/uploads\/2017\/03\/peter-evans-ghosts-300x269.jpg 300w, https:\/\/zumbalaturba.com.ar\/wp-content\/uploads\/2017\/03\/peter-evans-ghosts-768x689.jpg 768w, https:\/\/zumbalaturba.com.ar\/wp-content\/uploads\/2017\/03\/peter-evans-ghosts-1024x918.jpg 1024w, https:\/\/zumbalaturba.com.ar\/wp-content\/uploads\/2017\/03\/peter-evans-ghosts.jpg 1600w\" sizes=\"(max-width: 300px) 100vw, 300px\" \/>\n\t\t\t<\/div><\/figure><figure class='gallery-item'>\n\t\t\t<div class='gallery-icon landscape'>\n\t\t\t\t<img loading=\"lazy\" decoding=\"async\" width=\"300\" height=\"300\" src=\"https:\/\/zumbalaturba.com.ar\/wp-content\/uploads\/2017\/03\/Wadada-2-300x300.jpg\" class=\"attachment-medium size-medium\" alt=\"\" srcset=\"https:\/\/zumbalaturba.com.ar\/wp-content\/uploads\/2017\/03\/Wadada-2-300x300.jpg 300w, https:\/\/zumbalaturba.com.ar\/wp-content\/uploads\/2017\/03\/Wadada-2-768x768.jpg 768w, https:\/\/zumbalaturba.com.ar\/wp-content\/uploads\/2017\/03\/Wadada-2-1024x1024.jpg 1024w, https:\/\/zumbalaturba.com.ar\/wp-content\/uploads\/2017\/03\/Wadada-2.jpg 1200w\" sizes=\"(max-width: 300px) 100vw, 300px\" \/>\n\t\t\t<\/div><\/figure>\n\t\t<\/div>\n\n<p><span style=\"font-size: 14pt;\">Y para cerrar el bloque <em><strong>Jazz en la Tele<\/strong><\/em> presenta <em><img loading=\"lazy\" decoding=\"async\" class=\" wp-image-579 alignright\" src=\"http:\/\/lanotaazul.com.ar\/wp-content\/uploads\/2017\/03\/Hidden-Figures-poster-203x300.jpg\" alt=\"\" width=\"165\" height=\"244\" \/>Hidden Figures<\/em>, pel\u00edcula del a\u00f1o 2016 sobre el papel de las mujeres afroamericanas trabajando para la NASA. Y para la despedida, algo de funk ruso&#8230;<\/span><\/p>\n<p><span style=\"font-size: 14pt;\">Todo eso y mucho m\u00e1s en dos horas de jazz, m\u00fasica y radio:\u00a0<em><a href=\"https:\/\/www.facebook.com\/lanotaazulradio\/\" target=\"_blank\">La Nota Azul C\u00f3rdoba &#8211; Jazz Federal Club<\/a>.<\/em><\/span><\/p>\n<p>&nbsp;<\/p>\n<div class='share-to-whatsapp-wrapper'><div class='share-on-whsp'>Share on: <\/div><div class='clear '><\/div><\/div>","protected":false},"excerpt":{"rendered":"<p>La libertad es ciega a su mirar. Mientras las palomas y dem\u00e1s aves van finalizando su conferencia, \u00e9l saca la cabeza por la ventana para asegurarse. La habitaci\u00f3n se oscurece al llegar el mediod\u00eda. Un animal vuela para tapar el sol y Dave mete su cabeza nuevamente, se sienta a la mesa y vuelve a [&hellip;]<\/p>\n","protected":false},"author":14,"featured_media":2592,"comment_status":"open","ping_status":"open","sticky":false,"template":"","format":"standard","meta":{"footnotes":""},"categories":[261],"tags":[81,293,305,296,166],"class_list":["post-2585","post","type-post","status-publish","format-standard","has-post-thumbnail","hentry","category-la-nota-azul","tag-agenda-cultural","tag-jazz","tag-jazz-federal-club","tag-la-nota-azul","tag-musica"],"_links":{"self":[{"href":"https:\/\/zumbalaturba.com.ar\/index.php?rest_route=\/wp\/v2\/posts\/2585","targetHints":{"allow":["GET"]}}],"collection":[{"href":"https:\/\/zumbalaturba.com.ar\/index.php?rest_route=\/wp\/v2\/posts"}],"about":[{"href":"https:\/\/zumbalaturba.com.ar\/index.php?rest_route=\/wp\/v2\/types\/post"}],"author":[{"embeddable":true,"href":"https:\/\/zumbalaturba.com.ar\/index.php?rest_route=\/wp\/v2\/users\/14"}],"replies":[{"embeddable":true,"href":"https:\/\/zumbalaturba.com.ar\/index.php?rest_route=%2Fwp%2Fv2%2Fcomments&post=2585"}],"version-history":[{"count":0,"href":"https:\/\/zumbalaturba.com.ar\/index.php?rest_route=\/wp\/v2\/posts\/2585\/revisions"}],"wp:featuredmedia":[{"embeddable":true,"href":"https:\/\/zumbalaturba.com.ar\/index.php?rest_route=\/wp\/v2\/media\/2592"}],"wp:attachment":[{"href":"https:\/\/zumbalaturba.com.ar\/index.php?rest_route=%2Fwp%2Fv2%2Fmedia&parent=2585"}],"wp:term":[{"taxonomy":"category","embeddable":true,"href":"https:\/\/zumbalaturba.com.ar\/index.php?rest_route=%2Fwp%2Fv2%2Fcategories&post=2585"},{"taxonomy":"post_tag","embeddable":true,"href":"https:\/\/zumbalaturba.com.ar\/index.php?rest_route=%2Fwp%2Fv2%2Ftags&post=2585"}],"curies":[{"name":"wp","href":"https:\/\/api.w.org\/{rel}","templated":true}]}}