{"id":2667,"date":"2017-03-31T11:28:10","date_gmt":"2017-03-31T11:28:10","guid":{"rendered":"http:\/\/zumbalaturba.com.ar\/?p=2667"},"modified":"2017-03-31T21:24:32","modified_gmt":"2017-03-31T21:24:32","slug":"gracias-a-lxs-vecinxs-se-declara-la-emergencia-ambiental-en-carlos-paz","status":"publish","type":"post","link":"https:\/\/zumbalaturba.com.ar\/?p=2667","title":{"rendered":"Gracias a lxs vecinxs se declara la Emergencia Ambiental en Carlos Paz"},"content":{"rendered":"<p><em>Vecinxs de Villa Carlos Paz y del Valle de Punilla lograron que el Concejo Deliberante municipal declare la Emergencia Ambiental en la noche del jueves 30 de marzo.<\/em><\/p>\n<p>En el d\u00eda de ayer, concentraron en el Puente Mansilla de la Villa y se movilizaron hacia el recinto del Consejo de Representantes de Villa Carlos Paz ante la gravedad del estado del Lago San Roque. Por\u00a0la presi\u00f3n vecinal, de instituciones intermedias y organizaciones ambientales, el Concejo de Representantes declar\u00f3 la Emergencia Ambiental.\u00a0El proyecto aprobado en la sesi\u00f3n incluye en sus articulados: <em>1- Declarar la Emergencia ambiental en la ciudad de Villa Carlos Paz ante la contaminaci\u00f3n del lago y los incendios del basural. 2- Solicitar al D.E.M. que arbitre los medios para realizar el an\u00e1lisis cient\u00edfico que determine cuales son los efectos para la salud de la poblaci\u00f3n y, a su vez, que en un t\u00e9rmino de 15 d\u00edas planifique un plan de contingencia sanitaria.<\/em>\u00a0<em>3-\u00a0Por \u00faltimo, comunicar a autoridades provinciales y nacionales solicitando la ayuda correspondiente y convocar al Comit\u00e9 de Cuenca.\u00a0<\/em><\/p>\n<p>Recordemos que el Lago San Roque es cuenca de agua para bastas localidades, entre ellas la zona norte de la ciudad de C\u00f3rdoba.\u00a0Y que en estos momentos muestra putrefacci\u00f3n, olores nauseabundos, tanto as\u00ed que tuvieron que suspenderse actividades como clases en una escuela aleda\u00f1a al Lago.<\/p>\n<p>Esto se suma a la crisis que esta atravesando en torno al agua la Ciudad de C\u00f3rdoba. Porque sigue sin esclarecerse si efectivamente \u00a0tras el gran temporal del martes por la madrugada, el desborde de la planta de residuos peligrosos, Taym del Grupo Roggio, arrastr\u00f3 o no agua contaminada hacia el canal Los Molinos que abastece de agua a la Ciudad de C\u00f3rdoba. <a href=\"https:\/\/zumbalaturba.com.ar\/?p=2658\"><em>Ver: Vecinxs de Santa Ana tras el temporal explican lo que sucedi\u00f3 en Taym y Cormecor<\/em><\/a>.<\/p>\n<p>En este marco de alerta provincial sobre la calidad del agua y del ambiente, en esta segunda movilizaci\u00f3n, y a pesar de la lluvia, llegaron a ser m\u00e1s de 300 vecinxs reclamando respuesta y acci\u00f3n a lxs concejales<\/p>\n<p>Escuch\u00e1 aqu\u00ed la entrevista de Mat\u00edas de Viaje de Radio cuando llegaron al recinto.<br \/>\n<iframe id=\"audio_17880419\" style=\"border: 1px solid #EEE; box-sizing: border-box; width: 100%;\" src=\"https:\/\/ar.ivoox.com\/es\/player_ej_17880419_4_1.html?c1=ff6600\" width=\"300\" height=\"200\" frameborder=\"0\" scrolling=\"no\" allowfullscreen=\"allowfullscreen\"><\/iframe><\/p>\n<p>Una vez en la sesi\u00f3n, lograron que se declare por unanimidad la Emergencia Ambiental en la cuenca del Lago San Roque.\u00a0 Aqu\u00ed podes escuchar a \u00a0Noelia\u00a0Gaillardou, miembro de la Asociaci\u00f3n de Amigos R\u00edo San Antonio (ADARSA ONG) que explica c\u00f3mo lograron que se declare la Emergencia Ambiental, y lo que pretenden lxs vecinxs que sean los pr\u00f3ximos pasos a seguir:<br \/>\n<iframe id=\"audio_17880402\" style=\"border: 1px solid #EEE; box-sizing: border-box; width: 100%;\" src=\"https:\/\/ar.ivoox.com\/es\/player_ej_17880402_4_1.html?c1=ff6600\" width=\"300\" height=\"200\" frameborder=\"0\" scrolling=\"no\" allowfullscreen=\"allowfullscreen\"><\/iframe><\/p>\n<div class='share-to-whatsapp-wrapper'><div class='share-on-whsp'>Share on: <\/div><div class='clear '><\/div><\/div>","protected":false},"excerpt":{"rendered":"<p>Vecinxs de Villa Carlos Paz y del Valle de Punilla lograron que el Concejo Deliberante municipal declare la Emergencia Ambiental en la noche del jueves 30 de marzo. En el d\u00eda de ayer, concentraron en el Puente Mansilla de la Villa y se movilizaron hacia el recinto del Consejo de Representantes de Villa Carlos Paz [&hellip;]<\/p>\n","protected":false},"author":7,"featured_media":2668,"comment_status":"open","ping_status":"open","sticky":false,"template":"","format":"standard","meta":{"footnotes":""},"categories":[18],"tags":[545,530,544,484],"class_list":["post-2667","post","type-post","status-publish","format-standard","has-post-thumbnail","hentry","category-elm","tag-agua","tag-contaminacion","tag-lago-san-roque","tag-villa-carlos-paz"],"_links":{"self":[{"href":"https:\/\/zumbalaturba.com.ar\/index.php?rest_route=\/wp\/v2\/posts\/2667","targetHints":{"allow":["GET"]}}],"collection":[{"href":"https:\/\/zumbalaturba.com.ar\/index.php?rest_route=\/wp\/v2\/posts"}],"about":[{"href":"https:\/\/zumbalaturba.com.ar\/index.php?rest_route=\/wp\/v2\/types\/post"}],"author":[{"embeddable":true,"href":"https:\/\/zumbalaturba.com.ar\/index.php?rest_route=\/wp\/v2\/users\/7"}],"replies":[{"embeddable":true,"href":"https:\/\/zumbalaturba.com.ar\/index.php?rest_route=%2Fwp%2Fv2%2Fcomments&post=2667"}],"version-history":[{"count":0,"href":"https:\/\/zumbalaturba.com.ar\/index.php?rest_route=\/wp\/v2\/posts\/2667\/revisions"}],"wp:featuredmedia":[{"embeddable":true,"href":"https:\/\/zumbalaturba.com.ar\/index.php?rest_route=\/wp\/v2\/media\/2668"}],"wp:attachment":[{"href":"https:\/\/zumbalaturba.com.ar\/index.php?rest_route=%2Fwp%2Fv2%2Fmedia&parent=2667"}],"wp:term":[{"taxonomy":"category","embeddable":true,"href":"https:\/\/zumbalaturba.com.ar\/index.php?rest_route=%2Fwp%2Fv2%2Fcategories&post=2667"},{"taxonomy":"post_tag","embeddable":true,"href":"https:\/\/zumbalaturba.com.ar\/index.php?rest_route=%2Fwp%2Fv2%2Ftags&post=2667"}],"curies":[{"name":"wp","href":"https:\/\/api.w.org\/{rel}","templated":true}]}}