{"id":268,"date":"2013-10-04T16:28:00","date_gmt":"2013-10-04T16:28:00","guid":{"rendered":"http:\/\/zumbalaturba.com.ar\/2013\/10\/04\/ladran-sancho-viernes-4-de-octubre-del-2013\/"},"modified":"2013-10-04T16:28:00","modified_gmt":"2013-10-04T16:28:00","slug":"ladran-sancho-viernes-4-de-octubre-del-2013","status":"publish","type":"post","link":"https:\/\/zumbalaturba.com.ar\/?p=268","title":{"rendered":"Ladran Sancho &#8211; viernes 4 de octubre del 2013"},"content":{"rendered":"<div style=\"clear: both; text-align: center;\"><a href=\"http:\/\/4.bp.blogspot.com\/-LH9ndhcPZuU\/UkowxEhyX2I\/AAAAAAAAACc\/qShxKQUyqH8\/s1600\/ladran+20a22.jpg\" style=\"clear: left; float: left; margin-bottom: 1em; margin-right: 1em;\"><img fetchpriority=\"high\" decoding=\"async\" border=\"0\" height=\"265\" src=\"http:\/\/4.bp.blogspot.com\/-LH9ndhcPZuU\/UkowxEhyX2I\/AAAAAAAAACc\/qShxKQUyqH8\/s320\/ladran+20a22.jpg\" width=\"320\" \/><\/a><\/div>\n<p><span style=\"background-color: whitesmoke; color: #555555; font-family: Arial, Helvetica, sans-serif; font-size: 12px;\">Programa cultural de Redacci\u00f3n 351 (<a href=\"http:\/\/www.redaccion351.com\/\">www.redaccion351.com<\/a>). Agenda cultural, entrevistas, informaci\u00f3n de inte<\/span><span style=\"background-color: whitesmoke; color: #555555; display: inline; font-family: Arial, Helvetica, sans-serif; font-size: 12px;\">r\u00e9s. Comunicaci\u00f3n telef\u00f3nica con Jose que nos cuenta sobre la situaci\u00f3n en Malvinas Argentinas, en el acampe en contra de Monsanto. Entrevista en vivo y ac\u00fastico con Nico Bustamante. Nos adelanta un poquito de Postales Sonoras el nuevo material de Malpaso y nos cuenta algunas experiencias personales. Por Radio Zumba la Turba (www.zumbalaturba.com.ar) y Radio La Quinta Pata (<a href=\"http:\/\/www.radiolaquintapata.com.ar\/\">www.radiolaquintapata.com.ar<\/a>)<\/span><\/p>\n<p><iframe allowfullscreen=\"\" frameborder=\"0\" height=\"120\" scrolling=\"no\" src=\"http:\/\/www.ivoox.com\/player_ej_2415737_1.html\" width=\"100%\"><\/iframe><\/p>\n<div class='share-to-whatsapp-wrapper'><div class='share-on-whsp'>Share on: <\/div><div class='clear '><\/div><\/div>","protected":false},"excerpt":{"rendered":"<p>Programa cultural de Redacci\u00f3n 351 (www.redaccion351.com). Agenda cultural, entrevistas, informaci\u00f3n de inter\u00e9s. Comunicaci\u00f3n telef\u00f3nica con Jose que nos cuenta sobre la situaci\u00f3n en Malvinas Argentinas, en el acampe en contra de Monsanto. Entrevista en vivo y ac\u00fastico con Nico Bustamante. Nos adelanta un poquito de Postales Sonoras el nuevo material de Malpaso y nos cuenta [&hellip;]<\/p>\n","protected":false},"author":2,"featured_media":0,"comment_status":"open","ping_status":"open","sticky":false,"template":"","format":"standard","meta":{"footnotes":""},"categories":[75],"tags":[52],"class_list":["post-268","post","type-post","status-publish","format-standard","hentry","category-ladran-sancho","tag-cultura"],"_links":{"self":[{"href":"https:\/\/zumbalaturba.com.ar\/index.php?rest_route=\/wp\/v2\/posts\/268","targetHints":{"allow":["GET"]}}],"collection":[{"href":"https:\/\/zumbalaturba.com.ar\/index.php?rest_route=\/wp\/v2\/posts"}],"about":[{"href":"https:\/\/zumbalaturba.com.ar\/index.php?rest_route=\/wp\/v2\/types\/post"}],"author":[{"embeddable":true,"href":"https:\/\/zumbalaturba.com.ar\/index.php?rest_route=\/wp\/v2\/users\/2"}],"replies":[{"embeddable":true,"href":"https:\/\/zumbalaturba.com.ar\/index.php?rest_route=%2Fwp%2Fv2%2Fcomments&post=268"}],"version-history":[{"count":0,"href":"https:\/\/zumbalaturba.com.ar\/index.php?rest_route=\/wp\/v2\/posts\/268\/revisions"}],"wp:attachment":[{"href":"https:\/\/zumbalaturba.com.ar\/index.php?rest_route=%2Fwp%2Fv2%2Fmedia&parent=268"}],"wp:term":[{"taxonomy":"category","embeddable":true,"href":"https:\/\/zumbalaturba.com.ar\/index.php?rest_route=%2Fwp%2Fv2%2Fcategories&post=268"},{"taxonomy":"post_tag","embeddable":true,"href":"https:\/\/zumbalaturba.com.ar\/index.php?rest_route=%2Fwp%2Fv2%2Ftags&post=268"}],"curies":[{"name":"wp","href":"https:\/\/api.w.org\/{rel}","templated":true}]}}