{"id":2698,"date":"2017-04-02T18:27:05","date_gmt":"2017-04-02T18:27:05","guid":{"rendered":"http:\/\/zumbalaturba.com.ar\/?p=2698"},"modified":"2017-04-02T18:27:05","modified_gmt":"2017-04-02T18:27:05","slug":"dejen-que-mis-hijos-escuchen-musica-mingus-sorey-sanguinetti-edelman-soft-machine-en-la-nota-azul","status":"publish","type":"post","link":"https:\/\/zumbalaturba.com.ar\/?p=2698","title":{"rendered":"Dejen que mis hijos escuchen m\u00fasica: Mingus, Sorey, Sanguinetti, Edelman, Soft Machine en La Nota Azul."},"content":{"rendered":"<p style=\"padding-left: 120px;\"><span style=\"font-size: 14pt;\"><strong>\u201c<em>Dejen que mis hijos escuchen m\u00fasica. D\u00e9jenles escuchar m\u00fasica en vivo. No ruido. \u00a1Mis hijos! Con los de ustedes, hagan lo que quieran\u2026<\/em>\u201d. Que escuchen m\u00fasica en vivo y que sean ambiciosos en su escucha. La ambici\u00f3n, en la m\u00fasica, es un requisito para la madurez.<\/strong><\/span><\/p>\n<p><iframe id=\"audio_17909012\" style=\"border: 1px solid #EEE; box-sizing: border-box; width: 100%;\" src=\"https:\/\/ar.ivoox.com\/es\/player_ej_17909012_4_1.html?c1=ff6600\" width=\"300\" height=\"200\" frameborder=\"0\" scrolling=\"no\" allowfullscreen=\"allowfullscreen\"><\/iframe><\/p>\n<p>&nbsp;<\/p>\n<p><span style=\"font-size: 14pt;\">De esta manera comenz\u00e1bamos la emisi\u00f3n n\u00famero 90 de <strong><img fetchpriority=\"high\" decoding=\"async\" class=\"alignright wp-image-628\" src=\"http:\/\/lanotaazul.com.ar\/wp-content\/uploads\/2017\/04\/letmychildrenhearmusic1-1024x1024.jpg\" alt=\"\" width=\"251\" height=\"251\" \/>La Nota Azul<\/strong>, correspondiente al s\u00e1bado 01 de abril de 2017. En esta emisi\u00f3n abrimos con el disco de <strong>Charles Mingus<\/strong> &#8220;<strong><em>Let My Children Hear Music<\/em><\/strong>&#8221; del a\u00f1o 1972. Un disco orquestal, de formas m\u00faltiples, en el que conviven diversas tradiciones y estilos musicales. Un \u00e1lbum ambicioso que el propio <strong>Mingus<\/strong> consideraba entre lo mejor que hab\u00eda grabado y que concibi\u00f3, ya desde el t\u00edtulo y unos textos escritos por \u00e9l mismo, como un trabajo conceptual.<\/span><\/p>\n<p><span style=\"font-size: 14pt;\">Luego disfrutamos el \u00e1lbum <strong><em>Alloy<\/em><\/strong> del baterista <strong>Tyshawn Sorey<\/strong>, junto a <strong>Christopher Tordini<\/strong> en el contrabajo y <strong>Cory Smythe<\/strong> en el piano, lanzado por el sello <em><strong>Pi Recordings<\/strong><\/em> en el a\u00f1o 2014.<\/span><\/p>\n<p><span style=\"font-size: 14pt;\">A continuaci\u00f3n es el turno de <strong>Marco Sanguinetti<\/strong>. Presentamos su \u00e1lbum <em><strong>C\u00f3mo desaparecer completamente<\/strong><\/em>, dedicado a la m\u00fasica de <strong>Radiohead<\/strong>, lanzado el pasado a\u00f1o 2016.<\/span><\/p>\n<figure id=\"attachment_627\" aria-describedby=\"caption-attachment-627\" style=\"width: 222px\" class=\"wp-caption alignleft\"><img decoding=\"async\" class=\"size-full wp-image-627\" src=\"http:\/\/lanotaazul.com.ar\/wp-content\/uploads\/2017\/04\/edelman-humedad.jpg\" alt=\"\" width=\"222\" height=\"227\" \/><figcaption id=\"caption-attachment-627\" class=\"wp-caption-text\">Nataniel Edelman Tr\u00edo: Humedad (2014)<\/figcaption><\/figure>\n<p><span style=\"font-size: 14pt;\">Desde el cat\u00e1logo de <em><strong>Kuai Music<\/strong><\/em>, llega el disco <em><strong>Humedad<\/strong><\/em> del a\u00f1o 2014, a cargo del <strong>Nataniel Edelaman Tr\u00edo<\/strong>, formaci\u00f3n liderada por el pianista, que completan <strong>Santiago Rapoport<\/strong> en contrabajo y <strong>Guillermo Harriague<\/strong> en bater\u00eda. Escuchamos algunos est\u00e1ndars a trav\u00e9s del prisma del tr\u00edo que le impone una coloraci\u00f3n free, y composiciones propias del propio <strong>Edelman<\/strong>.<\/span><\/p>\n<p><span style=\"font-size: 14pt;\">Cerramos con otra recuperaci\u00f3n del sello <em><strong>Cuneiform Records<\/strong><\/em>: la banda de los 70 <strong>Soft Machine<\/strong> y su performance en el <strong><em>NDR Jazz Workshop<\/em><\/strong> en Hamburgo en 1973.<\/span><\/p>\n<p><span style=\"font-size: 14pt;\">Y por supuesto, la agenda de la semana, y mucho m\u00e1s en dos horas de jazz, m\u00fasica y radio.<\/span><\/p>\n<figure id=\"attachment_632\" aria-describedby=\"caption-attachment-632\" style=\"width: 471px\" class=\"wp-caption aligncenter\"><img decoding=\"async\" class=\" wp-image-632\" src=\"http:\/\/lanotaazul.com.ar\/wp-content\/uploads\/2017\/04\/tyshawn-sorey-trio-1024x683.jpg\" alt=\"\" width=\"471\" height=\"314\" \/><figcaption id=\"caption-attachment-632\" class=\"wp-caption-text\">Tyshawn Sorey Trio<\/figcaption><\/figure>\n<div class='share-to-whatsapp-wrapper'><div class='share-on-whsp'>Share on: <\/div><div class='clear '><\/div><\/div>","protected":false},"excerpt":{"rendered":"<p>\u201cDejen que mis hijos escuchen m\u00fasica. D\u00e9jenles escuchar m\u00fasica en vivo. No ruido. \u00a1Mis hijos! Con los de ustedes, hagan lo que quieran\u2026\u201d. Que escuchen m\u00fasica en vivo y que sean ambiciosos en su escucha. La ambici\u00f3n, en la m\u00fasica, es un requisito para la madurez. &nbsp; De esta manera comenz\u00e1bamos la emisi\u00f3n n\u00famero 90 [&hellip;]<\/p>\n","protected":false},"author":14,"featured_media":2699,"comment_status":"open","ping_status":"open","sticky":false,"template":"","format":"standard","meta":{"footnotes":""},"categories":[261],"tags":[81,52,293,305,296,166],"class_list":["post-2698","post","type-post","status-publish","format-standard","has-post-thumbnail","hentry","category-la-nota-azul","tag-agenda-cultural","tag-cultura","tag-jazz","tag-jazz-federal-club","tag-la-nota-azul","tag-musica"],"_links":{"self":[{"href":"https:\/\/zumbalaturba.com.ar\/index.php?rest_route=\/wp\/v2\/posts\/2698","targetHints":{"allow":["GET"]}}],"collection":[{"href":"https:\/\/zumbalaturba.com.ar\/index.php?rest_route=\/wp\/v2\/posts"}],"about":[{"href":"https:\/\/zumbalaturba.com.ar\/index.php?rest_route=\/wp\/v2\/types\/post"}],"author":[{"embeddable":true,"href":"https:\/\/zumbalaturba.com.ar\/index.php?rest_route=\/wp\/v2\/users\/14"}],"replies":[{"embeddable":true,"href":"https:\/\/zumbalaturba.com.ar\/index.php?rest_route=%2Fwp%2Fv2%2Fcomments&post=2698"}],"version-history":[{"count":0,"href":"https:\/\/zumbalaturba.com.ar\/index.php?rest_route=\/wp\/v2\/posts\/2698\/revisions"}],"wp:featuredmedia":[{"embeddable":true,"href":"https:\/\/zumbalaturba.com.ar\/index.php?rest_route=\/wp\/v2\/media\/2699"}],"wp:attachment":[{"href":"https:\/\/zumbalaturba.com.ar\/index.php?rest_route=%2Fwp%2Fv2%2Fmedia&parent=2698"}],"wp:term":[{"taxonomy":"category","embeddable":true,"href":"https:\/\/zumbalaturba.com.ar\/index.php?rest_route=%2Fwp%2Fv2%2Fcategories&post=2698"},{"taxonomy":"post_tag","embeddable":true,"href":"https:\/\/zumbalaturba.com.ar\/index.php?rest_route=%2Fwp%2Fv2%2Ftags&post=2698"}],"curies":[{"name":"wp","href":"https:\/\/api.w.org\/{rel}","templated":true}]}}